{"id":19641,"date":"2016-04-13T15:33:14","date_gmt":"2016-04-13T18:33:14","guid":{"rendered":"http:\/\/labestiadeportiva.com\/lbd\/?p=19641"},"modified":"2016-04-13T15:37:21","modified_gmt":"2016-04-13T18:37:21","slug":"giustozzi-y-pizzi-nuevamente-en-ushuaia","status":"publish","type":"post","link":"http:\/\/labestiadeportiva.com\/lbd\/giustozzi-y-pizzi-nuevamente-en-ushuaia\/","title":{"rendered":"Giustozzi y Pizzi nuevamente en Ushuaia"},"content":{"rendered":"<p><a href=\"http:\/\/labestiadeportiva.com\/lbd\/wp-content\/uploads\/2016\/04\/13007244_1097608036972397_4296825096375587745_n.jpg\"><img loading=\"lazy\" class=\"alignleft size-medium wp-image-19642\" src=\"http:\/\/labestiadeportiva.com\/lbd\/wp-content\/uploads\/2016\/04\/13007244_1097608036972397_4296825096375587745_n-280x300.jpg\" alt=\"13007244_1097608036972397_4296825096375587745_n\" width=\"280\" height=\"300\" srcset=\"http:\/\/labestiadeportiva.com\/lbd\/wp-content\/uploads\/2016\/04\/13007244_1097608036972397_4296825096375587745_n-280x300.jpg 280w, http:\/\/labestiadeportiva.com\/lbd\/wp-content\/uploads\/2016\/04\/13007244_1097608036972397_4296825096375587745_n.jpg 369w\" sizes=\"(max-width: 280px) 100vw, 280px\" \/><\/a>El entrenador y preparador f\u00edsico de la Selecci\u00f3n Argentina de Futsal AFA, Diego Giustozzi y Esteban Pizzi, se presentar\u00e1n en la capital provincial. Ser\u00e1 este jueves desde las 18 horas en instalaciones del gimnasio Profesora Ana V. Gir\u00f3 del barrio 245 Viviendas. Los formadores realizar\u00e1n detecci\u00f3n de talentos locales y conferenciar\u00e1n sobre el Torneo Nacional de Juveniles y el Proyecto Juegos Ol\u00edmpicos de la Juventud 2018. Desde LBD los detalles a trav\u00e9s del afiche realizado por los organizadores del evento.<\/p>\n<div class='epvc-post-count'><span class='epvc-eye'><\/span>  <span class=\"epvc-count\"> 2.155<\/span><span class='epvc-label'> veces le\u00edda<\/span><\/div>\n<div class=\"jwsharethis\">\nShare this: \n<br \/>\n<a href=\"mailto:?subject=Giustozzi%20y%20Pizzi%20nuevamente%20en%20Ushuaia&amp;body=http%3A%2F%2Flabestiadeportiva.com%2Flbd%2Fgiustozzi-y-pizzi-nuevamente-en-ushuaia%2F\">\n<img src=\"http:\/\/labestiadeportiva.com\/lbd\/wp-content\/plugins\/jw-share-this\/email.png\" alt=\"Share this page via Email\" \/>\n<\/a>\n<a target=\"_blank\" href=\"http:\/\/www.stumbleupon.com\/submit?url=http%3A%2F%2Flabestiadeportiva.com%2Flbd%2Fgiustozzi-y-pizzi-nuevamente-en-ushuaia%2F&amp;title=Giustozzi+y+Pizzi+nuevamente+en+Ushuaia\">\n<img src=\"http:\/\/labestiadeportiva.com\/lbd\/wp-content\/plugins\/jw-share-this\/su.png\" alt=\"Share this page via Stumble Upon\" \/>\n<\/a>\n<a target=\"_blank\" href=\"http:\/\/digg.com\/submit?url=http%3A%2F%2Flabestiadeportiva.com%2Flbd%2Fgiustozzi-y-pizzi-nuevamente-en-ushuaia%2F&amp;title=Giustozzi+y+Pizzi+nuevamente+en+Ushuaia\">\n<img src=\"http:\/\/labestiadeportiva.com\/lbd\/wp-content\/plugins\/jw-share-this\/digg.png\" alt=\"Share this page via Digg this\" \/>\n<\/a>\n<a target=\"_blank\" href=\"http:\/\/www.facebook.com\/sharer.php?u=http%3A%2F%2Flabestiadeportiva.com%2Flbd%2Fgiustozzi-y-pizzi-nuevamente-en-ushuaia%2F&amp;t=Giustozzi+y+Pizzi+nuevamente+en+Ushuaia\">\n<img src=\"http:\/\/labestiadeportiva.com\/lbd\/wp-content\/plugins\/jw-share-this\/fb.png\" alt=\"Share this page via Facebook\" \/>\n<\/a>\n<a target=\"_blank\" href=\"http:\/\/twitter.com\/intent\/tweet?text=I+like+http%3A%2F%2Flabestiadeportiva.com%2Flbd%2Fgiustozzi-y-pizzi-nuevamente-en-ushuaia%2F&amp;title=Giustozzi+y+Pizzi+nuevamente+en+Ushuaia\">\n<img src=\"http:\/\/labestiadeportiva.com\/lbd\/wp-content\/plugins\/jw-share-this\/twitter.png\" alt=\"Share this page via Twitter\" \/>\n<\/a>\n<\/div>\n","protected":false},"excerpt":{"rendered":"<p>El entrenador y preparador f\u00edsico de la Selecci\u00f3n Argentina de Futsal AFA, Diego Giustozzi y Esteban Pizzi, se presentar\u00e1n en la capital provincial. Ser\u00e1 este jueves desde las 18 horas en instalaciones del gimnasio Profesora Ana V. Gir\u00f3 del barrio 245 Viviendas. Los formadores realizar\u00e1n detecci\u00f3n de talentos locales y conferenciar\u00e1n sobre el Torneo Nacional &hellip; <a href=\"http:\/\/labestiadeportiva.com\/lbd\/giustozzi-y-pizzi-nuevamente-en-ushuaia\/\" class=\"more-link\">Seguir leyendo <span class=\"screen-reader-text\">Giustozzi y Pizzi nuevamente en Ushuaia<\/span> <span class=\"meta-nav\">&rarr;<\/span><\/a><\/p>\n","protected":false},"author":1,"featured_media":19642,"comment_status":"open","ping_status":"open","sticky":false,"template":"","format":"standard","meta":[],"categories":[5,4,6,2343,1],"tags":[30,2117,83,88],"_links":{"self":[{"href":"http:\/\/labestiadeportiva.com\/lbd\/wp-json\/wp\/v2\/posts\/19641"}],"collection":[{"href":"http:\/\/labestiadeportiva.com\/lbd\/wp-json\/wp\/v2\/posts"}],"about":[{"href":"http:\/\/labestiadeportiva.com\/lbd\/wp-json\/wp\/v2\/types\/post"}],"author":[{"embeddable":true,"href":"http:\/\/labestiadeportiva.com\/lbd\/wp-json\/wp\/v2\/users\/1"}],"replies":[{"embeddable":true,"href":"http:\/\/labestiadeportiva.com\/lbd\/wp-json\/wp\/v2\/comments?post=19641"}],"version-history":[{"count":2,"href":"http:\/\/labestiadeportiva.com\/lbd\/wp-json\/wp\/v2\/posts\/19641\/revisions"}],"predecessor-version":[{"id":19644,"href":"http:\/\/labestiadeportiva.com\/lbd\/wp-json\/wp\/v2\/posts\/19641\/revisions\/19644"}],"wp:featuredmedia":[{"embeddable":true,"href":"http:\/\/labestiadeportiva.com\/lbd\/wp-json\/wp\/v2\/media\/19642"}],"wp:attachment":[{"href":"http:\/\/labestiadeportiva.com\/lbd\/wp-json\/wp\/v2\/media?parent=19641"}],"wp:term":[{"taxonomy":"category","embeddable":true,"href":"http:\/\/labestiadeportiva.com\/lbd\/wp-json\/wp\/v2\/categories?post=19641"},{"taxonomy":"post_tag","embeddable":true,"href":"http:\/\/labestiadeportiva.com\/lbd\/wp-json\/wp\/v2\/tags?post=19641"}],"curies":[{"name":"wp","href":"https:\/\/api.w.org\/{rel}","templated":true}]}}