{"id":19645,"date":"2016-04-14T10:33:34","date_gmt":"2016-04-14T13:33:34","guid":{"rendered":"http:\/\/labestiadeportiva.com\/lbd\/?p=19645"},"modified":"2016-04-14T10:33:35","modified_gmt":"2016-04-14T13:33:35","slug":"el-provincial-de-cross-en-marcha","status":"publish","type":"post","link":"http:\/\/labestiadeportiva.com\/lbd\/el-provincial-de-cross-en-marcha\/","title":{"rendered":"El provincial de Cross en marcha"},"content":{"rendered":"<p><a href=\"http:\/\/labestiadeportiva.com\/lbd\/wp-content\/uploads\/2016\/04\/julieta-jerez.jpg\"><img loading=\"lazy\" class=\"alignleft size-medium wp-image-19649\" src=\"http:\/\/labestiadeportiva.com\/lbd\/wp-content\/uploads\/2016\/04\/julieta-jerez-300x225.jpg\" alt=\"julieta jerez\" width=\"300\" height=\"225\" srcset=\"http:\/\/labestiadeportiva.com\/lbd\/wp-content\/uploads\/2016\/04\/julieta-jerez-300x225.jpg 300w, http:\/\/labestiadeportiva.com\/lbd\/wp-content\/uploads\/2016\/04\/julieta-jerez.jpg 1024w\" sizes=\"(max-width: 300px) 100vw, 300px\" \/><\/a>El domingo comenz\u00f3 la competencia motociclistica de la presente temporada para la modalidad Cross que realizan en conjunto AMU, CUMOT y Moto Club R\u00edo Grande. 80 pilotos en l\u00ednea de largada, Tom\u00e1s Fern\u00e1ndez, Sim\u00f3n Fern\u00e1ndez, Leandro del Giudice, Julieta Jerez, Kevin Orellana, Gast\u00f3n Mart\u00ednez, Mart\u00edn Bleuer, Jimena Castro, Axel Franco, Kevin Santana, Mateo Isoba y Alejo P\u00e9rez Gon ganaron sus segmentos. El pr\u00f3ximo 24 de abril la acci\u00f3n se trasladar\u00e1 a Tolhuin con el debut del Enduro. Las fotos son gentileza del colega y amigo Gustavo Carrasco.<!--more--><\/p>\n<p><a href=\"http:\/\/labestiadeportiva.com\/lbd\/wp-content\/uploads\/2016\/04\/Jimena-castro.jpg\"><img loading=\"lazy\" class=\"aligncenter size-medium wp-image-19650\" src=\"http:\/\/labestiadeportiva.com\/lbd\/wp-content\/uploads\/2016\/04\/Jimena-castro-300x261.jpg\" alt=\"Jimena castro\" width=\"300\" height=\"261\" srcset=\"http:\/\/labestiadeportiva.com\/lbd\/wp-content\/uploads\/2016\/04\/Jimena-castro-300x261.jpg 300w, http:\/\/labestiadeportiva.com\/lbd\/wp-content\/uploads\/2016\/04\/Jimena-castro.jpg 1024w\" sizes=\"(max-width: 300px) 100vw, 300px\" \/><\/a>Con un clima ideal y la merma l\u00f3gica despu\u00e9s de la VTDF 2016 dio inicio este domingo en el circuito capitalino el campeonato \u00a0provincial de motociclismo en la modalidad Cross.<\/p>\n<p>Como nos tiene acostumbrado la dirigencia de la AMU el trabajo previo realizado en su circuito fue notoria permitiendo a los pilotos y sus m\u00e1quinas un andar veloz\u00a0 y seguro.<\/p>\n<p>Se realizaron dos mangas por categor\u00eda en motos y cuatriciclos. La merma de participantes en los segmentos ATV Limitada Juniors y Motos Expertos hizo que los organizadores dispusieran entregar el 50% de los puntos en disputa.<\/p>\n<p>En ATV Mini Alejo Perez Gon domin\u00f3 las dos mangas seguido por El\u00edas C\u00f3rdoba y Thomas Jones en ese orden. En Damas donde la categor\u00eda disputa su primer campeonato oficial Jimena Castro fue clara deminadora escoltada por Hern\u00e1ndez y Miskulin.<\/p>\n<p>Mateo Isoba fue el vencedor en un segmento que present\u00f3 cambios permanentes, ATV Limitada 350.c.c., finalmente en el podio fue acompa\u00f1ado por Von Mundhardt y P\u00e9rez.<\/p>\n<p><a href=\"http:\/\/labestiadeportiva.com\/lbd\/wp-content\/uploads\/2016\/04\/Mateo-isoba.jpg\"><img loading=\"lazy\" class=\"aligncenter size-medium wp-image-19651\" src=\"http:\/\/labestiadeportiva.com\/lbd\/wp-content\/uploads\/2016\/04\/Mateo-isoba-300x202.jpg\" alt=\"Mateo isoba\" width=\"300\" height=\"202\" srcset=\"http:\/\/labestiadeportiva.com\/lbd\/wp-content\/uploads\/2016\/04\/Mateo-isoba-300x202.jpg 300w, http:\/\/labestiadeportiva.com\/lbd\/wp-content\/uploads\/2016\/04\/Mateo-isoba.jpg 1024w\" sizes=\"(max-width: 300px) 100vw, 300px\" \/><\/a>En Master, donde tambi\u00e9n se vieron ausencias, Del Giudice fue el vencedor mientras que Brigando y Biott completaron el podio.<\/p>\n<p>Dentro de la principal categor\u00eda de cuatriciclos, ATV Pro \u201cA\u201d, Tom\u00e1s Fern\u00e1ndez y Mart\u00edn \u201cTincho\u201d Bronzovich se disputaron la fecha mano a mano. Fern\u00e1ndez gan\u00f3 las dos series seguido por Bronzovich mientras que Juan Cruz Guzm\u00e1n ocupo el tercer puesto.<\/p>\n<p>Sin ninguna duda esta vez la principal atenci\u00f3n se la llev\u00f3 la Pro \u201cB\u201d con quince participantes. All\u00ed prevaleci\u00f3 Sim\u00f3n Fern\u00e1ndez escoltado por Tom\u00e1s Barr\u00eda y Mat\u00edas de Amuch\u00e1stegui.<\/p>\n<p>Dentro de las motos el segmento Junior fue para Julieta Jerez con la escolta de los Ermaliuk, Mirko y Ezra, En Open Mart\u00edn Bleuer \u00a0fue el hombre a seguir\u00a0 con Mat\u00edas Medina y Facundo C\u00e1rdenas como escoltas.<\/p>\n<p>Finalmente en el segmento Promocional Kevin Santana fue el gran vencedor adjudic\u00e1ndose las dos mangas, Alejandro Vel\u00e1zquez y Fernando Matus fueron sus acompa\u00f1antes en el podio.<\/p>\n<p>La continuidad de los campeonatos provinciales, Cross y Enduro, se trasladar\u00e1n a las ciudades de Tolhuin y R\u00edo Grande.<\/p>\n<p><a href=\"http:\/\/labestiadeportiva.com\/lbd\/wp-content\/uploads\/2016\/04\/Sim-\u00a6n-Fern-\u00edndez.jpg\"><img loading=\"lazy\" class=\"aligncenter size-medium wp-image-19652\" src=\"http:\/\/labestiadeportiva.com\/lbd\/wp-content\/uploads\/2016\/04\/Sim-\u00a6n-Fern-\u00edndez-300x276.jpg\" alt=\"Sim+\u00a6n Fern+\u00edndez\" width=\"300\" height=\"276\" srcset=\"http:\/\/labestiadeportiva.com\/lbd\/wp-content\/uploads\/2016\/04\/Sim-\u00a6n-Fern-\u00edndez-300x276.jpg 300w, http:\/\/labestiadeportiva.com\/lbd\/wp-content\/uploads\/2016\/04\/Sim-\u00a6n-Fern-\u00edndez.jpg 1024w\" sizes=\"(max-width: 300px) 100vw, 300px\" \/><\/a>El 24 del corriente en el \u201cCoraz\u00f3n de la Isla\u201d se efectuar\u00e1 la primera del Enduro mientras que el 4 de mayo en el norte de la provincia se realizar\u00e1 la segunda cita para el Cross.<\/p>\n<p><a href=\"http:\/\/labestiadeportiva.com\/lbd\/wp-content\/uploads\/2016\/04\/201604120200230a9f74469825400cef193243c1bce60f_med.jpg\"><img loading=\"lazy\" class=\"aligncenter size-medium wp-image-19646\" src=\"http:\/\/labestiadeportiva.com\/lbd\/wp-content\/uploads\/2016\/04\/201604120200230a9f74469825400cef193243c1bce60f_med-293x300.jpg\" alt=\"201604120200230a9f74469825400cef193243c1bce60f_med\" width=\"293\" height=\"300\" srcset=\"http:\/\/labestiadeportiva.com\/lbd\/wp-content\/uploads\/2016\/04\/201604120200230a9f74469825400cef193243c1bce60f_med-293x300.jpg 293w, http:\/\/labestiadeportiva.com\/lbd\/wp-content\/uploads\/2016\/04\/201604120200230a9f74469825400cef193243c1bce60f_med.jpg 683w\" sizes=\"(max-width: 293px) 100vw, 293px\" \/><\/a><\/p>\n<p><a href=\"http:\/\/labestiadeportiva.com\/lbd\/wp-content\/uploads\/2016\/04\/20160412020023c59ec93c8e70eaf30f75ba3d90dc5c88_med.jpg\"><img loading=\"lazy\" class=\"aligncenter size-medium wp-image-19647\" src=\"http:\/\/labestiadeportiva.com\/lbd\/wp-content\/uploads\/2016\/04\/20160412020023c59ec93c8e70eaf30f75ba3d90dc5c88_med-292x300.jpg\" alt=\"20160412020023c59ec93c8e70eaf30f75ba3d90dc5c88_med\" width=\"292\" height=\"300\" srcset=\"http:\/\/labestiadeportiva.com\/lbd\/wp-content\/uploads\/2016\/04\/20160412020023c59ec93c8e70eaf30f75ba3d90dc5c88_med-292x300.jpg 292w, http:\/\/labestiadeportiva.com\/lbd\/wp-content\/uploads\/2016\/04\/20160412020023c59ec93c8e70eaf30f75ba3d90dc5c88_med.jpg 682w\" sizes=\"(max-width: 292px) 100vw, 292px\" \/><\/a><a href=\"http:\/\/labestiadeportiva.com\/lbd\/wp-content\/uploads\/2016\/04\/201604120200235b3832f5a6ebe070127913f179f6482e_med.jpg\"><img loading=\"lazy\" class=\"aligncenter size-medium wp-image-19648\" src=\"http:\/\/labestiadeportiva.com\/lbd\/wp-content\/uploads\/2016\/04\/201604120200235b3832f5a6ebe070127913f179f6482e_med-300x248.jpg\" alt=\"201604120200235b3832f5a6ebe070127913f179f6482e_med\" width=\"300\" height=\"248\" srcset=\"http:\/\/labestiadeportiva.com\/lbd\/wp-content\/uploads\/2016\/04\/201604120200235b3832f5a6ebe070127913f179f6482e_med-300x248.jpg 300w, http:\/\/labestiadeportiva.com\/lbd\/wp-content\/uploads\/2016\/04\/201604120200235b3832f5a6ebe070127913f179f6482e_med.jpg 700w\" sizes=\"(max-width: 300px) 100vw, 300px\" \/><\/a><\/p>\n<div class='epvc-post-count'><span class='epvc-eye'><\/span>  <span class=\"epvc-count\"> 1.421<\/span><span class='epvc-label'> veces le\u00edda<\/span><\/div>\n<div class=\"jwsharethis\">\nShare this: \n<br \/>\n<a href=\"mailto:?subject=El%20provincial%20de%20Cross%20en%20marcha&amp;body=http%3A%2F%2Flabestiadeportiva.com%2Flbd%2Fel-provincial-de-cross-en-marcha%2F\">\n<img src=\"http:\/\/labestiadeportiva.com\/lbd\/wp-content\/plugins\/jw-share-this\/email.png\" alt=\"Share this page via Email\" \/>\n<\/a>\n<a target=\"_blank\" href=\"http:\/\/www.stumbleupon.com\/submit?url=http%3A%2F%2Flabestiadeportiva.com%2Flbd%2Fel-provincial-de-cross-en-marcha%2F&amp;title=El+provincial+de+Cross+en+marcha\">\n<img src=\"http:\/\/labestiadeportiva.com\/lbd\/wp-content\/plugins\/jw-share-this\/su.png\" alt=\"Share this page via Stumble Upon\" \/>\n<\/a>\n<a target=\"_blank\" href=\"http:\/\/digg.com\/submit?url=http%3A%2F%2Flabestiadeportiva.com%2Flbd%2Fel-provincial-de-cross-en-marcha%2F&amp;title=El+provincial+de+Cross+en+marcha\">\n<img src=\"http:\/\/labestiadeportiva.com\/lbd\/wp-content\/plugins\/jw-share-this\/digg.png\" alt=\"Share this page via Digg this\" \/>\n<\/a>\n<a target=\"_blank\" href=\"http:\/\/www.facebook.com\/sharer.php?u=http%3A%2F%2Flabestiadeportiva.com%2Flbd%2Fel-provincial-de-cross-en-marcha%2F&amp;t=El+provincial+de+Cross+en+marcha\">\n<img src=\"http:\/\/labestiadeportiva.com\/lbd\/wp-content\/plugins\/jw-share-this\/fb.png\" alt=\"Share this page via Facebook\" \/>\n<\/a>\n<a target=\"_blank\" href=\"http:\/\/twitter.com\/intent\/tweet?text=I+like+http%3A%2F%2Flabestiadeportiva.com%2Flbd%2Fel-provincial-de-cross-en-marcha%2F&amp;title=El+provincial+de+Cross+en+marcha\">\n<img src=\"http:\/\/labestiadeportiva.com\/lbd\/wp-content\/plugins\/jw-share-this\/twitter.png\" alt=\"Share this page via Twitter\" \/>\n<\/a>\n<\/div>\n","protected":false},"excerpt":{"rendered":"<p>El domingo comenz\u00f3 la competencia motociclistica de la presente temporada para la modalidad Cross que realizan en conjunto AMU, CUMOT y Moto Club R\u00edo Grande. 80 pilotos en l\u00ednea de largada, Tom\u00e1s Fern\u00e1ndez, Sim\u00f3n Fern\u00e1ndez, Leandro del Giudice, Julieta Jerez, Kevin Orellana, Gast\u00f3n Mart\u00ednez, Mart\u00edn Bleuer, Jimena Castro, Axel Franco, Kevin Santana, Mateo Isoba y &hellip; <a href=\"http:\/\/labestiadeportiva.com\/lbd\/el-provincial-de-cross-en-marcha\/\" class=\"more-link\">Seguir leyendo <span class=\"screen-reader-text\">El provincial de Cross en marcha<\/span> <span class=\"meta-nav\">&rarr;<\/span><\/a><\/p>\n","protected":false},"author":1,"featured_media":19651,"comment_status":"open","ping_status":"open","sticky":false,"template":"","format":"standard","meta":[],"categories":[5,2159,1],"tags":[2620,2619,2618,71],"_links":{"self":[{"href":"http:\/\/labestiadeportiva.com\/lbd\/wp-json\/wp\/v2\/posts\/19645"}],"collection":[{"href":"http:\/\/labestiadeportiva.com\/lbd\/wp-json\/wp\/v2\/posts"}],"about":[{"href":"http:\/\/labestiadeportiva.com\/lbd\/wp-json\/wp\/v2\/types\/post"}],"author":[{"embeddable":true,"href":"http:\/\/labestiadeportiva.com\/lbd\/wp-json\/wp\/v2\/users\/1"}],"replies":[{"embeddable":true,"href":"http:\/\/labestiadeportiva.com\/lbd\/wp-json\/wp\/v2\/comments?post=19645"}],"version-history":[{"count":1,"href":"http:\/\/labestiadeportiva.com\/lbd\/wp-json\/wp\/v2\/posts\/19645\/revisions"}],"predecessor-version":[{"id":19653,"href":"http:\/\/labestiadeportiva.com\/lbd\/wp-json\/wp\/v2\/posts\/19645\/revisions\/19653"}],"wp:featuredmedia":[{"embeddable":true,"href":"http:\/\/labestiadeportiva.com\/lbd\/wp-json\/wp\/v2\/media\/19651"}],"wp:attachment":[{"href":"http:\/\/labestiadeportiva.com\/lbd\/wp-json\/wp\/v2\/media?parent=19645"}],"wp:term":[{"taxonomy":"category","embeddable":true,"href":"http:\/\/labestiadeportiva.com\/lbd\/wp-json\/wp\/v2\/categories?post=19645"},{"taxonomy":"post_tag","embeddable":true,"href":"http:\/\/labestiadeportiva.com\/lbd\/wp-json\/wp\/v2\/tags?post=19645"}],"curies":[{"name":"wp","href":"https:\/\/api.w.org\/{rel}","templated":true}]}}