{"id":19659,"date":"2016-04-15T09:49:56","date_gmt":"2016-04-15T12:49:56","guid":{"rendered":"http:\/\/labestiadeportiva.com\/lbd\/?p=19659"},"modified":"2016-04-15T09:49:56","modified_gmt":"2016-04-15T12:49:56","slug":"el-retiro-de-kobe-bryant","status":"publish","type":"post","link":"http:\/\/labestiadeportiva.com\/lbd\/el-retiro-de-kobe-bryant\/","title":{"rendered":"El retiro de Kobe Bryant"},"content":{"rendered":"<p>Por Mat\u00edas Pouso (Corresponsal LBD en CABA)<\/p>\n<p><a href=\"http:\/\/labestiadeportiva.com\/lbd\/wp-content\/uploads\/2016\/04\/kobe_titles_.jpg\"><img loading=\"lazy\" class=\"alignleft size-medium wp-image-19660\" src=\"http:\/\/labestiadeportiva.com\/lbd\/wp-content\/uploads\/2016\/04\/kobe_titles_-300x169.jpg\" alt=\"kobe_titles_\" width=\"300\" height=\"169\" srcset=\"http:\/\/labestiadeportiva.com\/lbd\/wp-content\/uploads\/2016\/04\/kobe_titles_-300x169.jpg 300w, http:\/\/labestiadeportiva.com\/lbd\/wp-content\/uploads\/2016\/04\/kobe_titles_.jpg 960w\" sizes=\"(max-width: 300px) 100vw, 300px\" \/><\/a>Una de las m\u00e1ximas figuras de la NBA de este milenio le dijo adi\u00f3s a las canchas anoche anotando nada menos que 60 puntos para que sus Lakers vencieran 101-96 a Utah Jazz. El mundo entero lo despidi\u00f3 con emoci\u00f3n en las redes sociales.<!--more--><\/p>\n<p>Una de las mejores descripciones del ahora ex jugador de Los Angeles Lakers fue \u201cEs lo m\u00e1s cercano a Michael Jordan que hemos visto\u201d. Y quien pronunci\u00f3 esta frase fue nada menos que otra de las glorias de la franquicia californiana, Magic Johnson.<\/p>\n<p>\u00abEstoy listo para dejarte ir\u00bb, dec\u00eda el mensaje de Bryant en un poema que titul\u00f3 \u00abQuerido Basketball\u00bb, en el sitio web The Players\u2019 Tribune, que a su vez lo reprodujo en su cuenta de Twitter.<\/p>\n<p>La fecha 13\/04\/16 quedar\u00e1 inmortalizada en muchos libros de historia deportiva y en tantos otros espacios de la memoria colectiva de los fans de este monstruo que decidi\u00f3 retirarse luego de casi 20 a\u00f1os de carrera.<\/p>\n<p>El Staples Center fue testigo de la despedida que los aficionados so\u00f1aban para esta leyenda de los Lakers: en su \u00faltimo partido en la NBA, Kobe Bryant anot\u00f3 nada menos que 60 puntos.<\/p>\n<p>Un partido a la altura de quien es el tercer mayor anotador en la historia de la NBA con 33.643 puntos, un puesto por encima de Michael Jordan (32.392). Kareem Abdul-Jabbar (38.387 puntos) y Karl Malone (36.928) ocupan el primero y el segundo lugar.<\/p>\n<p>El jugador de 37 a\u00f1os, demostr\u00f3 la tenacidad, dureza y el talento que lo convirtieron en uno de los m\u00e1s grandes de todos los tiempos en la historia del b\u00e1squet profesional.<\/p>\n<p>Y, a diferencia de muchos juegos de esta temporada, su heroicidad llev\u00f3 a los Lakers a la victoria en un partido que perd\u00edan contra Utah Jazz durante la mayor parte del juego, pero que Kobe logr\u00f3 dar vuelta en el \u00faltimo cuarto, logrando la gran remontada por 101-96.<\/p>\n<p>Bryant dej\u00f3 el juego a falta de 4.1 segundos y fue rodeado en la cancha por sus excompa\u00f1eros y entrenadores. Apenas finalizado el encuentro, el n\u00famero 24 dijo no poder creer lo r\u00e1pido que pasaron sus 20 a\u00f1os de carrera y record\u00f3 que desde peque\u00f1o su sue\u00f1o siempre fue jugar en uno de los equipos m\u00e1s ganadores de la historia, los Lakers.<\/p>\n<p>El escolta jug\u00f3 18 a\u00f1os, 2 meses y 11 d\u00edas en Los Angeles. Ha ganado dos medallas ol\u00edmpicas y cinco campeonatos de la NBA. Naci\u00f3 en Filadelfia, pero su coraz\u00f3n siempre estuvo en la ciudad de la costa californiana.<\/p>\n<p><a href=\"http:\/\/labestiadeportiva.com\/lbd\/wp-content\/uploads\/2016\/04\/kobe-bryant-jordan-41316-getty-ftrjpg_1bprokuhfhlqa106u03zt45aet.jpg\"><img loading=\"lazy\" class=\"aligncenter size-medium wp-image-19662\" src=\"http:\/\/labestiadeportiva.com\/lbd\/wp-content\/uploads\/2016\/04\/kobe-bryant-jordan-41316-getty-ftrjpg_1bprokuhfhlqa106u03zt45aet-300x169.jpg\" alt=\"kobe-bryant-jordan-41316-getty-ftrjpg_1bprokuhfhlqa106u03zt45aet\" width=\"300\" height=\"169\" srcset=\"http:\/\/labestiadeportiva.com\/lbd\/wp-content\/uploads\/2016\/04\/kobe-bryant-jordan-41316-getty-ftrjpg_1bprokuhfhlqa106u03zt45aet-300x169.jpg 300w, http:\/\/labestiadeportiva.com\/lbd\/wp-content\/uploads\/2016\/04\/kobe-bryant-jordan-41316-getty-ftrjpg_1bprokuhfhlqa106u03zt45aet-1024x576.jpg 1024w, http:\/\/labestiadeportiva.com\/lbd\/wp-content\/uploads\/2016\/04\/kobe-bryant-jordan-41316-getty-ftrjpg_1bprokuhfhlqa106u03zt45aet.jpg 1333w\" sizes=\"(max-width: 300px) 100vw, 300px\" \/><\/a>Muchos de sus colegas de la NBA y los periodistas especializados en este deporte concuerdan en que Bryant fue el Jordan de su generaci\u00f3n.<\/p>\n<p>Al igual que MJ, Kobe jug\u00f3 en la posici\u00f3n de escolta, tienen la misma estatura (1.98 m) y ambos ganaron t\u00edtulos bajo la tutela de un solo entrenador: Phil Jackson.<\/p>\n<p>Sus estilos siempre fueron muy similares, inclusive algunos gestos t\u00e9cnicos y hasta algunas muecas se asemejaban mucho.<\/p>\n<p>Kobe ha vestido la camiseta de un solo equipo durante toda su carrera en la NBA, pero lo que s\u00ed cambi\u00f3 una vez fue su dorsal. Al inicio de su carrera en la m\u00e1xima liga de b\u00e1squetbol del mundo, us\u00f3 el n\u00famero 8.<\/p>\n<p>A partir del 2006, comenz\u00f3 a usar la camiseta con el n\u00famero 24, la misma que hab\u00eda vestido en sus comienzos en la escuela secundaria Lower Merion.<\/p>\n<p>Pero en 1996, a\u00f1o en el que condujo a su equipo al campeonato del estado de Pennsylvania, comenz\u00f3 a usar el n\u00famero 33, el mismo que hab\u00eda elegido su padre en su \u00e9poca de estudiante.<\/p>\n<p>Kobe no pudo usar el n\u00famero 33 cuando lleg\u00f3 a la NBA, ya que los Lakers lo hab\u00edan retirado en honor a Kareem Abdul-Jabbar. Seg\u00fan \u00e9l, la elecci\u00f3n del n\u00famero 8 fue por dos motivos: era el mismo n\u00famero que hab\u00eda usado de ni\u00f1o y era la suma del n\u00famero de uniforme que visti\u00f3 en el ADIDAS ABCD Camp (143).<\/p>\n<p>Con el n\u00famero 8, Kobe consigui\u00f3 tres campeonatos de la NBA y el incre\u00edble juego en el que encest\u00f3 81 puntos contra los Toronto Raptors en enero de 2006.<\/p>\n<p><a href=\"http:\/\/labestiadeportiva.com\/lbd\/wp-content\/uploads\/2016\/04\/kobe-bryant-a6a4f9d1c32c9447.jpg\"><img loading=\"lazy\" class=\"aligncenter size-medium wp-image-19664\" src=\"http:\/\/labestiadeportiva.com\/lbd\/wp-content\/uploads\/2016\/04\/kobe-bryant-a6a4f9d1c32c9447-300x200.jpg\" alt=\"kobe-bryant-a6a4f9d1c32c9447\" width=\"300\" height=\"200\" srcset=\"http:\/\/labestiadeportiva.com\/lbd\/wp-content\/uploads\/2016\/04\/kobe-bryant-a6a4f9d1c32c9447-300x200.jpg 300w, http:\/\/labestiadeportiva.com\/lbd\/wp-content\/uploads\/2016\/04\/kobe-bryant-a6a4f9d1c32c9447-1024x683.jpg 1024w, http:\/\/labestiadeportiva.com\/lbd\/wp-content\/uploads\/2016\/04\/kobe-bryant-a6a4f9d1c32c9447.jpg 2048w\" sizes=\"(max-width: 300px) 100vw, 300px\" \/><\/a>La decisi\u00f3n de cambiar de n\u00famero, lleg\u00f3 despu\u00e9s de que los Lakers perdieran en la primera ronda de los playoffs de aquel a\u00f1o, ante los Phoenix Suns.<\/p>\n<p>Nadie sabe con certeza la verdadera raz\u00f3n por la que hizo el cambio, pero el principal motivo alegado es que relaciona el 24 con trabajar duro, 24 horas del d\u00eda, adem\u00e1s de que es el n\u00famero que sol\u00eda usar en la escuela preparatoria, naturalmente.<\/p>\n<p>Con esta camiseta, el escolta gan\u00f3 su \u00fanico premio MVP de la NBA y otros dos anillos de campe\u00f3n; tambi\u00e9n fue nombrado MVP de las Finales en ambas ocasiones. Ahora la cuesti\u00f3n por resolver es: \u00bfcu\u00e1l es el n\u00famero que los Lakers retirar\u00e1n? \u00bf8 o 24?<\/p>\n<p>De algo no quedan dudas, as\u00ed como no habr\u00e1 jugador alguno como Michael Jordan, ni otro Magic Johnson, ni un nuevo Larry Bird; podemos asegurar que jam\u00e1s existir\u00e1 otra leyenda del b\u00e1squet como Kobe Bryant.<\/p>\n<p><a href=\"http:\/\/labestiadeportiva.com\/lbd\/wp-content\/uploads\/2016\/04\/bryant-7591.jpg\"><img loading=\"lazy\" class=\"aligncenter size-medium wp-image-19663\" src=\"http:\/\/labestiadeportiva.com\/lbd\/wp-content\/uploads\/2016\/04\/bryant-7591-300x167.jpg\" alt=\"bryant-759\" width=\"300\" height=\"167\" srcset=\"http:\/\/labestiadeportiva.com\/lbd\/wp-content\/uploads\/2016\/04\/bryant-7591-300x167.jpg 300w, http:\/\/labestiadeportiva.com\/lbd\/wp-content\/uploads\/2016\/04\/bryant-7591.jpg 759w\" sizes=\"(max-width: 300px) 100vw, 300px\" \/><\/a><\/p>\n<p>&nbsp;<\/p>\n<div class='epvc-post-count'><span class='epvc-eye'><\/span>  <span class=\"epvc-count\"> 1.323<\/span><span class='epvc-label'> veces le\u00edda<\/span><\/div>\n<div class=\"jwsharethis\">\nShare this: \n<br \/>\n<a href=\"mailto:?subject=El%20retiro%20de%20Kobe%20Bryant&amp;body=http%3A%2F%2Flabestiadeportiva.com%2Flbd%2Fel-retiro-de-kobe-bryant%2F\">\n<img src=\"http:\/\/labestiadeportiva.com\/lbd\/wp-content\/plugins\/jw-share-this\/email.png\" alt=\"Share this page via Email\" \/>\n<\/a>\n<a target=\"_blank\" href=\"http:\/\/www.stumbleupon.com\/submit?url=http%3A%2F%2Flabestiadeportiva.com%2Flbd%2Fel-retiro-de-kobe-bryant%2F&amp;title=El+retiro+de+Kobe+Bryant\">\n<img src=\"http:\/\/labestiadeportiva.com\/lbd\/wp-content\/plugins\/jw-share-this\/su.png\" alt=\"Share this page via Stumble Upon\" \/>\n<\/a>\n<a target=\"_blank\" href=\"http:\/\/digg.com\/submit?url=http%3A%2F%2Flabestiadeportiva.com%2Flbd%2Fel-retiro-de-kobe-bryant%2F&amp;title=El+retiro+de+Kobe+Bryant\">\n<img src=\"http:\/\/labestiadeportiva.com\/lbd\/wp-content\/plugins\/jw-share-this\/digg.png\" alt=\"Share this page via Digg this\" \/>\n<\/a>\n<a target=\"_blank\" href=\"http:\/\/www.facebook.com\/sharer.php?u=http%3A%2F%2Flabestiadeportiva.com%2Flbd%2Fel-retiro-de-kobe-bryant%2F&amp;t=El+retiro+de+Kobe+Bryant\">\n<img src=\"http:\/\/labestiadeportiva.com\/lbd\/wp-content\/plugins\/jw-share-this\/fb.png\" alt=\"Share this page via Facebook\" \/>\n<\/a>\n<a target=\"_blank\" href=\"http:\/\/twitter.com\/intent\/tweet?text=I+like+http%3A%2F%2Flabestiadeportiva.com%2Flbd%2Fel-retiro-de-kobe-bryant%2F&amp;title=El+retiro+de+Kobe+Bryant\">\n<img src=\"http:\/\/labestiadeportiva.com\/lbd\/wp-content\/plugins\/jw-share-this\/twitter.png\" alt=\"Share this page via Twitter\" \/>\n<\/a>\n<\/div>\n","protected":false},"excerpt":{"rendered":"<p>Por Mat\u00edas Pouso (Corresponsal LBD en CABA) Una de las m\u00e1ximas figuras de la NBA de este milenio le dijo adi\u00f3s a las canchas anoche anotando nada menos que 60 puntos para que sus Lakers vencieran 101-96 a Utah Jazz. El mundo entero lo despidi\u00f3 con emoci\u00f3n en las redes sociales. 1.323 veces le\u00edda Share &hellip; <a href=\"http:\/\/labestiadeportiva.com\/lbd\/el-retiro-de-kobe-bryant\/\" class=\"more-link\">Seguir leyendo <span class=\"screen-reader-text\">El retiro de Kobe Bryant<\/span> <span class=\"meta-nav\">&rarr;<\/span><\/a><\/p>\n","protected":false},"author":1,"featured_media":19660,"comment_status":"open","ping_status":"open","sticky":false,"template":"","format":"standard","meta":[],"categories":[1246,4,1],"tags":[171,2622,373,2621],"_links":{"self":[{"href":"http:\/\/labestiadeportiva.com\/lbd\/wp-json\/wp\/v2\/posts\/19659"}],"collection":[{"href":"http:\/\/labestiadeportiva.com\/lbd\/wp-json\/wp\/v2\/posts"}],"about":[{"href":"http:\/\/labestiadeportiva.com\/lbd\/wp-json\/wp\/v2\/types\/post"}],"author":[{"embeddable":true,"href":"http:\/\/labestiadeportiva.com\/lbd\/wp-json\/wp\/v2\/users\/1"}],"replies":[{"embeddable":true,"href":"http:\/\/labestiadeportiva.com\/lbd\/wp-json\/wp\/v2\/comments?post=19659"}],"version-history":[{"count":1,"href":"http:\/\/labestiadeportiva.com\/lbd\/wp-json\/wp\/v2\/posts\/19659\/revisions"}],"predecessor-version":[{"id":19665,"href":"http:\/\/labestiadeportiva.com\/lbd\/wp-json\/wp\/v2\/posts\/19659\/revisions\/19665"}],"wp:featuredmedia":[{"embeddable":true,"href":"http:\/\/labestiadeportiva.com\/lbd\/wp-json\/wp\/v2\/media\/19660"}],"wp:attachment":[{"href":"http:\/\/labestiadeportiva.com\/lbd\/wp-json\/wp\/v2\/media?parent=19659"}],"wp:term":[{"taxonomy":"category","embeddable":true,"href":"http:\/\/labestiadeportiva.com\/lbd\/wp-json\/wp\/v2\/categories?post=19659"},{"taxonomy":"post_tag","embeddable":true,"href":"http:\/\/labestiadeportiva.com\/lbd\/wp-json\/wp\/v2\/tags?post=19659"}],"curies":[{"name":"wp","href":"https:\/\/api.w.org\/{rel}","templated":true}]}}