{"id":20282,"date":"2016-05-27T18:09:35","date_gmt":"2016-05-27T21:09:35","guid":{"rendered":"http:\/\/labestiadeportiva.com\/lbd\/?p=20282"},"modified":"2016-05-27T18:09:35","modified_gmt":"2016-05-27T21:09:35","slug":"esperando-el-clasico","status":"publish","type":"post","link":"http:\/\/labestiadeportiva.com\/lbd\/esperando-el-clasico\/","title":{"rendered":"Esperando el cl\u00e1sico"},"content":{"rendered":"<p>Por Daniel Campos (Corresponsal LBD en Palma de Mallorca, Espa\u00f1a)<\/p>\n<p><a href=\"http:\/\/labestiadeportiva.com\/lbd\/wp-content\/uploads\/2016\/05\/DSC_1401.jpg\"><img loading=\"lazy\" class=\"alignleft size-medium wp-image-20283\" src=\"http:\/\/labestiadeportiva.com\/lbd\/wp-content\/uploads\/2016\/05\/DSC_1401-300x237.jpg\" alt=\"DSC_1401\" width=\"300\" height=\"237\" srcset=\"http:\/\/labestiadeportiva.com\/lbd\/wp-content\/uploads\/2016\/05\/DSC_1401-300x237.jpg 300w, http:\/\/labestiadeportiva.com\/lbd\/wp-content\/uploads\/2016\/05\/DSC_1401-1024x808.jpg 1024w\" sizes=\"(max-width: 300px) 100vw, 300px\" \/><\/a>A pocas horas del cl\u00e1sico madrile\u00f1o, en la final de Mil\u00e1n siempre es bueno consultar con los especialistas y ver sus impresiones ante un nuevo duelo de Champions.<!--more--><\/p>\n<p>Aprovechando la visita de parte de la plana mayor del Diario Deportivo AS, a la isla en un acto institucional del Mallorca Club de F\u00fatbol, con motivo de su centenario, \u201cLa Bestia Deportiva\u201d se acerc\u00f3 para entrevistar a su redactor jefe, Tom\u00e1s Roncero.<\/p>\n<p>Seg\u00fan sus palabras un apasionado del f\u00fatbol, del Real Madrid y muy de la selecci\u00f3n espa\u00f1ola. Un verdadero hincha, o como dicen en Espa\u00f1a un forofo en toda regla.<!--more--><\/p>\n<p><span style=\"color: #0000ff;\">La Bestia Deportiva<\/span>:\u00bf Le gustar\u00eda otra final espa\u00f1ola en San Siro?<\/p>\n<p><span style=\"color: #ff0000;\">Tom\u00e1s Roncero<\/span>: Porque no hace dos en Lisboa fue una fiesta del f\u00fatbol\u00a0 una fiesta de las dos aficiones. Todo fue maravilloso, la gente tiene un gran recuerdo, no hubo incidentes. Ser\u00eda un reconocimiento al f\u00fatbol espa\u00f1ol.<\/p>\n<p><span style=\"color: #0000ff;\">LBD:<\/span> Hablemos de Francia 2016.<\/p>\n<p><span style=\"color: #ff0000;\">TR<\/span>: Uf! Soy muy de la selecci\u00f3n, pero el batacazo de Brasil dej\u00f3 una\u00a0 herida profunda,\u00a0 espero que esa herida haya cerrado. Tenemos muy buenos jugadores a nivel individual, no hay\u00a0 que temer nada a nadie pero no tengo claro que funcionen a nivel colectivo.<\/p>\n<p>Recordar aquel equipo del mundial de Sud\u00e1frica, o la Europa 2012 o 2008 es absurdo porque no se va repetir ese equipo. Pero yo s\u00e9 que hay material suficiente para intentar hacer una buena Eurocopa.<\/p>\n<p><span style=\"color: #0000ff;\">LBD<\/span>: D\u00e9me un pron\u00f3stico para la final de Mil\u00e1n.<\/p>\n<p><span style=\"color: #ff0000;\">TR<\/span>: Con el Atl\u00e9tico va a ser dur\u00edsimo, pero \u00a0el Madrid es capaz de ganar en el descuento, es m\u00e1s lo creo.(Risas) Pero si fuera contra el Bayern Munich, ser\u00eda con m\u00e1s comodidad. Ganaremos 3 a 1.<\/p>\n<div class='epvc-post-count'><span class='epvc-eye'><\/span>  <span class=\"epvc-count\"> 956<\/span><span class='epvc-label'> veces le\u00edda<\/span><\/div>\n<div class=\"jwsharethis\">\nShare this: \n<br \/>\n<a href=\"mailto:?subject=Esperando%20el%20cl%C3%A1sico&amp;body=http%3A%2F%2Flabestiadeportiva.com%2Flbd%2Fesperando-el-clasico%2F\">\n<img src=\"http:\/\/labestiadeportiva.com\/lbd\/wp-content\/plugins\/jw-share-this\/email.png\" alt=\"Share this page via Email\" \/>\n<\/a>\n<a target=\"_blank\" href=\"http:\/\/www.stumbleupon.com\/submit?url=http%3A%2F%2Flabestiadeportiva.com%2Flbd%2Fesperando-el-clasico%2F&amp;title=Esperando+el+cl%C3%A1sico\">\n<img src=\"http:\/\/labestiadeportiva.com\/lbd\/wp-content\/plugins\/jw-share-this\/su.png\" alt=\"Share this page via Stumble Upon\" \/>\n<\/a>\n<a target=\"_blank\" href=\"http:\/\/digg.com\/submit?url=http%3A%2F%2Flabestiadeportiva.com%2Flbd%2Fesperando-el-clasico%2F&amp;title=Esperando+el+cl%C3%A1sico\">\n<img src=\"http:\/\/labestiadeportiva.com\/lbd\/wp-content\/plugins\/jw-share-this\/digg.png\" alt=\"Share this page via Digg this\" \/>\n<\/a>\n<a target=\"_blank\" href=\"http:\/\/www.facebook.com\/sharer.php?u=http%3A%2F%2Flabestiadeportiva.com%2Flbd%2Fesperando-el-clasico%2F&amp;t=Esperando+el+cl%C3%A1sico\">\n<img src=\"http:\/\/labestiadeportiva.com\/lbd\/wp-content\/plugins\/jw-share-this\/fb.png\" alt=\"Share this page via Facebook\" \/>\n<\/a>\n<a target=\"_blank\" href=\"http:\/\/twitter.com\/intent\/tweet?text=I+like+http%3A%2F%2Flabestiadeportiva.com%2Flbd%2Fesperando-el-clasico%2F&amp;title=Esperando+el+cl%C3%A1sico\">\n<img src=\"http:\/\/labestiadeportiva.com\/lbd\/wp-content\/plugins\/jw-share-this\/twitter.png\" alt=\"Share this page via Twitter\" \/>\n<\/a>\n<\/div>\n","protected":false},"excerpt":{"rendered":"<p>Por Daniel Campos (Corresponsal LBD en Palma de Mallorca, Espa\u00f1a) A pocas horas del cl\u00e1sico madrile\u00f1o, en la final de Mil\u00e1n siempre es bueno consultar con los especialistas y ver sus impresiones ante un nuevo duelo de Champions. 956 veces le\u00edda Share this:<\/p>\n","protected":false},"author":1,"featured_media":20283,"comment_status":"open","ping_status":"open","sticky":false,"template":"","format":"standard","meta":[],"categories":[4,60,14,1],"tags":[4838,1493,17,1494,2688],"_links":{"self":[{"href":"http:\/\/labestiadeportiva.com\/lbd\/wp-json\/wp\/v2\/posts\/20282"}],"collection":[{"href":"http:\/\/labestiadeportiva.com\/lbd\/wp-json\/wp\/v2\/posts"}],"about":[{"href":"http:\/\/labestiadeportiva.com\/lbd\/wp-json\/wp\/v2\/types\/post"}],"author":[{"embeddable":true,"href":"http:\/\/labestiadeportiva.com\/lbd\/wp-json\/wp\/v2\/users\/1"}],"replies":[{"embeddable":true,"href":"http:\/\/labestiadeportiva.com\/lbd\/wp-json\/wp\/v2\/comments?post=20282"}],"version-history":[{"count":1,"href":"http:\/\/labestiadeportiva.com\/lbd\/wp-json\/wp\/v2\/posts\/20282\/revisions"}],"predecessor-version":[{"id":20284,"href":"http:\/\/labestiadeportiva.com\/lbd\/wp-json\/wp\/v2\/posts\/20282\/revisions\/20284"}],"wp:featuredmedia":[{"embeddable":true,"href":"http:\/\/labestiadeportiva.com\/lbd\/wp-json\/wp\/v2\/media\/20283"}],"wp:attachment":[{"href":"http:\/\/labestiadeportiva.com\/lbd\/wp-json\/wp\/v2\/media?parent=20282"}],"wp:term":[{"taxonomy":"category","embeddable":true,"href":"http:\/\/labestiadeportiva.com\/lbd\/wp-json\/wp\/v2\/categories?post=20282"},{"taxonomy":"post_tag","embeddable":true,"href":"http:\/\/labestiadeportiva.com\/lbd\/wp-json\/wp\/v2\/tags?post=20282"}],"curies":[{"name":"wp","href":"https:\/\/api.w.org\/{rel}","templated":true}]}}