{"id":20292,"date":"2016-05-30T12:31:56","date_gmt":"2016-05-30T15:31:56","guid":{"rendered":"http:\/\/labestiadeportiva.com\/lbd\/?p=20292"},"modified":"2016-05-30T12:31:56","modified_gmt":"2016-05-30T15:31:56","slug":"gustavo-vergara-en-ushuaia","status":"publish","type":"post","link":"http:\/\/labestiadeportiva.com\/lbd\/gustavo-vergara-en-ushuaia\/","title":{"rendered":"Gustavo Vergara en Ushuaia"},"content":{"rendered":"<p><a href=\"http:\/\/labestiadeportiva.com\/lbd\/wp-content\/uploads\/2016\/05\/10428476_10203977705061137_2280635247313284979_n.jpg\"><img loading=\"lazy\" class=\"alignleft size-medium wp-image-20293\" src=\"http:\/\/labestiadeportiva.com\/lbd\/wp-content\/uploads\/2016\/05\/10428476_10203977705061137_2280635247313284979_n-209x300.jpg\" alt=\"10428476_10203977705061137_2280635247313284979_n\" width=\"209\" height=\"300\" srcset=\"http:\/\/labestiadeportiva.com\/lbd\/wp-content\/uploads\/2016\/05\/10428476_10203977705061137_2280635247313284979_n-209x300.jpg 209w, http:\/\/labestiadeportiva.com\/lbd\/wp-content\/uploads\/2016\/05\/10428476_10203977705061137_2280635247313284979_n.jpg 281w\" sizes=\"(max-width: 209px) 100vw, 209px\" \/><\/a>El periodista deportivo y relator se presentar\u00e1 en la capital provincial el pr\u00f3ximo jueves. Ser\u00e1 en el Sal\u00f3n \u201cB\u201d del Polideportivo Municipal \u201cAugusto Lasserre\u201d con una charla taller a partir de las 19 horas promovida por el Concejal Hugo Romero junto al Instituto Municipal del Deporte.<!--more--><\/p>\n<p>El hombre de Radio Nacional ya tiene en su haber el relato de cinco mundiales, desde Estados Unidos 1994 a Brasil 2014. El encuentro estar\u00e1 dirigido a periodistas, personas vinculadas al deporte e interesados en general.<\/p>\n<p>El contacto seguramente permitir\u00e1 reforzar el conocimiento de quienes transmiten las alternativas de los juegos deportivos en vivo, acerc\u00e1ndose al oficio.<\/p>\n<p>Vergara es una de las voces m\u00e1s respetadas de las transmisiones de f\u00fatbol, quien hasta el mes de marzo condujo \u201cPasi\u00f3n Nacional\u201d junto a Roberto Perfumo y en la actualmente relata los encuentros de primera divisi\u00f3n junto al ex campe\u00f3n del mundo el arquero Ubaldo Matildo \u201cPato\u201d Fillol.<\/p>\n<div class='epvc-post-count'><span class='epvc-eye'><\/span>  <span class=\"epvc-count\"> 1.112<\/span><span class='epvc-label'> veces le\u00edda<\/span><\/div>\n<div class=\"jwsharethis\">\nShare this: \n<br \/>\n<a href=\"mailto:?subject=Gustavo%20Vergara%20en%20Ushuaia&amp;body=http%3A%2F%2Flabestiadeportiva.com%2Flbd%2Fgustavo-vergara-en-ushuaia%2F\">\n<img src=\"http:\/\/labestiadeportiva.com\/lbd\/wp-content\/plugins\/jw-share-this\/email.png\" alt=\"Share this page via Email\" \/>\n<\/a>\n<a target=\"_blank\" href=\"http:\/\/www.stumbleupon.com\/submit?url=http%3A%2F%2Flabestiadeportiva.com%2Flbd%2Fgustavo-vergara-en-ushuaia%2F&amp;title=Gustavo+Vergara+en+Ushuaia\">\n<img src=\"http:\/\/labestiadeportiva.com\/lbd\/wp-content\/plugins\/jw-share-this\/su.png\" alt=\"Share this page via Stumble Upon\" \/>\n<\/a>\n<a target=\"_blank\" href=\"http:\/\/digg.com\/submit?url=http%3A%2F%2Flabestiadeportiva.com%2Flbd%2Fgustavo-vergara-en-ushuaia%2F&amp;title=Gustavo+Vergara+en+Ushuaia\">\n<img src=\"http:\/\/labestiadeportiva.com\/lbd\/wp-content\/plugins\/jw-share-this\/digg.png\" alt=\"Share this page via Digg this\" \/>\n<\/a>\n<a target=\"_blank\" href=\"http:\/\/www.facebook.com\/sharer.php?u=http%3A%2F%2Flabestiadeportiva.com%2Flbd%2Fgustavo-vergara-en-ushuaia%2F&amp;t=Gustavo+Vergara+en+Ushuaia\">\n<img src=\"http:\/\/labestiadeportiva.com\/lbd\/wp-content\/plugins\/jw-share-this\/fb.png\" alt=\"Share this page via Facebook\" \/>\n<\/a>\n<a target=\"_blank\" href=\"http:\/\/twitter.com\/intent\/tweet?text=I+like+http%3A%2F%2Flabestiadeportiva.com%2Flbd%2Fgustavo-vergara-en-ushuaia%2F&amp;title=Gustavo+Vergara+en+Ushuaia\">\n<img src=\"http:\/\/labestiadeportiva.com\/lbd\/wp-content\/plugins\/jw-share-this\/twitter.png\" alt=\"Share this page via Twitter\" \/>\n<\/a>\n<\/div>\n","protected":false},"excerpt":{"rendered":"<p>El periodista deportivo y relator se presentar\u00e1 en la capital provincial el pr\u00f3ximo jueves. Ser\u00e1 en el Sal\u00f3n \u201cB\u201d del Polideportivo Municipal \u201cAugusto Lasserre\u201d con una charla taller a partir de las 19 horas promovida por el Concejal Hugo Romero junto al Instituto Municipal del Deporte. 1.112 veces le\u00edda Share this:<\/p>\n","protected":false},"author":1,"featured_media":20293,"comment_status":"open","ping_status":"open","sticky":false,"template":"","format":"standard","meta":[],"categories":[4,6,1],"tags":[2690,2691,83],"_links":{"self":[{"href":"http:\/\/labestiadeportiva.com\/lbd\/wp-json\/wp\/v2\/posts\/20292"}],"collection":[{"href":"http:\/\/labestiadeportiva.com\/lbd\/wp-json\/wp\/v2\/posts"}],"about":[{"href":"http:\/\/labestiadeportiva.com\/lbd\/wp-json\/wp\/v2\/types\/post"}],"author":[{"embeddable":true,"href":"http:\/\/labestiadeportiva.com\/lbd\/wp-json\/wp\/v2\/users\/1"}],"replies":[{"embeddable":true,"href":"http:\/\/labestiadeportiva.com\/lbd\/wp-json\/wp\/v2\/comments?post=20292"}],"version-history":[{"count":1,"href":"http:\/\/labestiadeportiva.com\/lbd\/wp-json\/wp\/v2\/posts\/20292\/revisions"}],"predecessor-version":[{"id":20294,"href":"http:\/\/labestiadeportiva.com\/lbd\/wp-json\/wp\/v2\/posts\/20292\/revisions\/20294"}],"wp:featuredmedia":[{"embeddable":true,"href":"http:\/\/labestiadeportiva.com\/lbd\/wp-json\/wp\/v2\/media\/20293"}],"wp:attachment":[{"href":"http:\/\/labestiadeportiva.com\/lbd\/wp-json\/wp\/v2\/media?parent=20292"}],"wp:term":[{"taxonomy":"category","embeddable":true,"href":"http:\/\/labestiadeportiva.com\/lbd\/wp-json\/wp\/v2\/categories?post=20292"},{"taxonomy":"post_tag","embeddable":true,"href":"http:\/\/labestiadeportiva.com\/lbd\/wp-json\/wp\/v2\/tags?post=20292"}],"curies":[{"name":"wp","href":"https:\/\/api.w.org\/{rel}","templated":true}]}}