{"id":20489,"date":"2016-06-14T19:03:01","date_gmt":"2016-06-14T22:03:01","guid":{"rendered":"http:\/\/labestiadeportiva.com\/lbd\/?p=20489"},"modified":"2016-06-14T19:03:01","modified_gmt":"2016-06-14T22:03:01","slug":"sigue-prendido-arriba","status":"publish","type":"post","link":"http:\/\/labestiadeportiva.com\/lbd\/sigue-prendido-arriba\/","title":{"rendered":"Sigue prendido arriba"},"content":{"rendered":"<p><a href=\"http:\/\/labestiadeportiva.com\/lbd\/wp-content\/uploads\/2016\/06\/Mailing-1.jpg\"><img loading=\"lazy\" class=\"alignleft size-medium wp-image-20490\" src=\"http:\/\/labestiadeportiva.com\/lbd\/wp-content\/uploads\/2016\/06\/Mailing-1-300x158.jpg\" alt=\"Mailing 1\" width=\"300\" height=\"158\" srcset=\"http:\/\/labestiadeportiva.com\/lbd\/wp-content\/uploads\/2016\/06\/Mailing-1-300x158.jpg 300w, http:\/\/labestiadeportiva.com\/lbd\/wp-content\/uploads\/2016\/06\/Mailing-1-1024x541.jpg 1024w, http:\/\/labestiadeportiva.com\/lbd\/wp-content\/uploads\/2016\/06\/Mailing-1.jpg 1519w\" sizes=\"(max-width: 300px) 100vw, 300px\" \/><\/a>El piloto ushuaiense Lucas Garro, al comando del Chevrolet Celta que hizo debutar a principios de temporada en Olavarr\u00eda, luch\u00f3 contra las dificultades en el aut\u00f3dromo de La Plata y consigui\u00f3 un positivo quinto puesto, que le permite mantenerse en el podio del campeonato de la Clase 2. Fuente y foto prensa Lucas Garro.<!--more--><\/p>\n<p>Era el momento para una nueva parada en el calendario del Turismo Pista, m\u00e1s precisamente dentro de la Clase 2 y al comando del Chevrolet Celta, para el fueguino Lucas Garro, que llegaba entreverado en los l\u00edderes del certamen ratificando su protagonismo y capacidad detr\u00e1s del volante.<\/p>\n<p>Si bien las expectativas eran las mejores en un principio, algunas deudas en la velocidad por derecho no permitieron entrar en el Top 10 de los entrenamientos, cosa que parec\u00eda m\u00e1s factible para la hora de la clasificaci\u00f3n.<\/p>\n<p>No obstante, la rotura del escape en plena vuelta r\u00e1pida ech\u00f3 por tierra toda ilusi\u00f3n de conseguir un buen registro, complicando las perspectivas de cara a la serie y la final. El tiempo lo dej\u00f3 en el puesto 20, obligado a remontar desde atr\u00e1s.<\/p>\n<p><span style=\"color: #0000ff;\">\u201cSe solt\u00f3 el escape cuando salimos a clasificar y perdimos alrededor de 10 caballos, lo que nos impidi\u00f3 poder hacer un tiempo acorde a nuestro potencial\u201d<\/span>, comenz\u00f3 diciendo el ushuaiense.<\/p>\n<p>Y continu\u00f3: <span style=\"color: #0000ff;\">\u201cDe a poco fuimos revirtiendo la situaci\u00f3n. No est\u00e1bamos lo competitivos que esper\u00e1bamos, pero aprovechamos en la serie para adelantar unos puestos y ya en la final mantener un buen ritmo, llegando en la zona de puntos\u201d.<\/span><\/p>\n<p>Es que luego de haber clasificado en esa posici\u00f3n, Garro parti\u00f3 en el 10mo caj\u00f3n de salida en la segunda serie y avanz\u00f3 nada m\u00e1s y nada menos que hasta el 4\u00ba lugar, concretando una faena excelente.<\/p>\n<p>Como si fuera poco, parti\u00f3 en la final desde la octava ubicaci\u00f3n y aprovechando algunos abandonos por delante logr\u00f3 ver la bandera a cuadros en el Top 5, acumulando muy buenas unidades para el torneo despu\u00e9s de todos los inconvenientes suscitados a lo largo del fin de semana en La Plata.<\/p>\n<p><span style=\"color: #0000ff;\">\u201cNos mantenemos terceros no muy lejos de la punta y ahora trataremos de mejorar. Nos est\u00e1 faltando un poquito pero es consecuencia de la brida, nueva implementaci\u00f3n de la categor\u00eda, que nos est\u00e1 costando. Se necesita tiempo para probar y desarrollar nuevos elementos para encontrar el camino y si el presupuesto nos ayuda haremos el intento.<\/span><\/p>\n<p><span style=\"color: #0000ff;\">Tenemos un tiempo hasta la fecha de puntaje y medio donde estamos obligados a pelear arriba y sumar fuerte. La idea es mantener la regularidad y trabajar en lo que podamos en relaci\u00f3n al presupuesto y el tiempo que dispongamos\u201d<\/span>, finaliz\u00f3 el cr\u00e9dito sure\u00f1o.<\/p>\n<p>Ya con cinco carreras en la espalda el desaf\u00edo de iniciar con un auto nuevo en la divisional menor viene siendo positivo, pr\u00e1cticamente sin ensayos y actuaciones dentro del Top 5 que lo catapultan a ser candidato a la corona cuando transitamos la mitad de la temporada.<\/p>\n<p>La pr\u00f3xima fecha (6\u00ba) se disputar\u00e1 los d\u00edas 15, 16 y 17 de Julio en el aut\u00f3dromo \u201cEusebio Marcilla\u201d de Jun\u00edn.<\/p>\n<p><span style=\"color: #0000ff;\">Campeonato<\/span><br \/>\nClase 2 con 5 fechas disputadas<br \/>\n<span style=\"color: #ff0000;\">1 Luis Bessone (Chevrolet) 147,5<\/span><br \/>\n2 Pablo V\u00e1zquez (Chevrolet) 141<br \/>\n<span style=\"color: #00ff00;\">3 Lucas Garro (Chevrolet) 133,5<\/span><br \/>\n4 Leandro Elizalde (Suzuki) 129,5<br \/>\n5 Gonzalo Alcaine (Chevrolet) 121<\/p>\n<p>Lucas Garro y equipo agradecen a sus sponsors: Carbess, Constru Sec, El Diario del Fin del Mundo, Hormix, Jet Letreros, MZL Deportes, Reger Springs y Tierra Fueguina SRL. Asimismo, a toda la gente de Tierra del Fuego, familia y amigos por el acompa\u00f1amiento permanente en este sue\u00f1o que significa correr a nivel nacional representando a la ciudad m\u00e1s austral del mundo.<\/p>\n<div class='epvc-post-count'><span class='epvc-eye'><\/span>  <span class=\"epvc-count\"> 1.290<\/span><span class='epvc-label'> veces le\u00edda<\/span><\/div>\n<div class=\"jwsharethis\">\nShare this: \n<br \/>\n<a href=\"mailto:?subject=Sigue%20prendido%20arriba&amp;body=http%3A%2F%2Flabestiadeportiva.com%2Flbd%2Fsigue-prendido-arriba%2F\">\n<img src=\"http:\/\/labestiadeportiva.com\/lbd\/wp-content\/plugins\/jw-share-this\/email.png\" alt=\"Share this page via Email\" \/>\n<\/a>\n<a target=\"_blank\" href=\"http:\/\/www.stumbleupon.com\/submit?url=http%3A%2F%2Flabestiadeportiva.com%2Flbd%2Fsigue-prendido-arriba%2F&amp;title=Sigue+prendido+arriba\">\n<img src=\"http:\/\/labestiadeportiva.com\/lbd\/wp-content\/plugins\/jw-share-this\/su.png\" alt=\"Share this page via Stumble Upon\" \/>\n<\/a>\n<a target=\"_blank\" href=\"http:\/\/digg.com\/submit?url=http%3A%2F%2Flabestiadeportiva.com%2Flbd%2Fsigue-prendido-arriba%2F&amp;title=Sigue+prendido+arriba\">\n<img src=\"http:\/\/labestiadeportiva.com\/lbd\/wp-content\/plugins\/jw-share-this\/digg.png\" alt=\"Share this page via Digg this\" \/>\n<\/a>\n<a target=\"_blank\" href=\"http:\/\/www.facebook.com\/sharer.php?u=http%3A%2F%2Flabestiadeportiva.com%2Flbd%2Fsigue-prendido-arriba%2F&amp;t=Sigue+prendido+arriba\">\n<img src=\"http:\/\/labestiadeportiva.com\/lbd\/wp-content\/plugins\/jw-share-this\/fb.png\" alt=\"Share this page via Facebook\" \/>\n<\/a>\n<a target=\"_blank\" href=\"http:\/\/twitter.com\/intent\/tweet?text=I+like+http%3A%2F%2Flabestiadeportiva.com%2Flbd%2Fsigue-prendido-arriba%2F&amp;title=Sigue+prendido+arriba\">\n<img src=\"http:\/\/labestiadeportiva.com\/lbd\/wp-content\/plugins\/jw-share-this\/twitter.png\" alt=\"Share this page via Twitter\" \/>\n<\/a>\n<\/div>\n","protected":false},"excerpt":{"rendered":"<p>El piloto ushuaiense Lucas Garro, al comando del Chevrolet Celta que hizo debutar a principios de temporada en Olavarr\u00eda, luch\u00f3 contra las dificultades en el aut\u00f3dromo de La Plata y consigui\u00f3 un positivo quinto puesto, que le permite mantenerse en el podio del campeonato de la Clase 2. Fuente y foto prensa Lucas Garro. 1.290 &hellip; <a href=\"http:\/\/labestiadeportiva.com\/lbd\/sigue-prendido-arriba\/\" class=\"more-link\">Seguir leyendo <span class=\"screen-reader-text\">Sigue prendido arriba<\/span> <span class=\"meta-nav\">&rarr;<\/span><\/a><\/p>\n","protected":false},"author":1,"featured_media":20490,"comment_status":"open","ping_status":"open","sticky":false,"template":"","format":"standard","meta":[],"categories":[2135,5,6,1],"tags":[86,151,525],"_links":{"self":[{"href":"http:\/\/labestiadeportiva.com\/lbd\/wp-json\/wp\/v2\/posts\/20489"}],"collection":[{"href":"http:\/\/labestiadeportiva.com\/lbd\/wp-json\/wp\/v2\/posts"}],"about":[{"href":"http:\/\/labestiadeportiva.com\/lbd\/wp-json\/wp\/v2\/types\/post"}],"author":[{"embeddable":true,"href":"http:\/\/labestiadeportiva.com\/lbd\/wp-json\/wp\/v2\/users\/1"}],"replies":[{"embeddable":true,"href":"http:\/\/labestiadeportiva.com\/lbd\/wp-json\/wp\/v2\/comments?post=20489"}],"version-history":[{"count":1,"href":"http:\/\/labestiadeportiva.com\/lbd\/wp-json\/wp\/v2\/posts\/20489\/revisions"}],"predecessor-version":[{"id":20491,"href":"http:\/\/labestiadeportiva.com\/lbd\/wp-json\/wp\/v2\/posts\/20489\/revisions\/20491"}],"wp:featuredmedia":[{"embeddable":true,"href":"http:\/\/labestiadeportiva.com\/lbd\/wp-json\/wp\/v2\/media\/20490"}],"wp:attachment":[{"href":"http:\/\/labestiadeportiva.com\/lbd\/wp-json\/wp\/v2\/media?parent=20489"}],"wp:term":[{"taxonomy":"category","embeddable":true,"href":"http:\/\/labestiadeportiva.com\/lbd\/wp-json\/wp\/v2\/categories?post=20489"},{"taxonomy":"post_tag","embeddable":true,"href":"http:\/\/labestiadeportiva.com\/lbd\/wp-json\/wp\/v2\/tags?post=20489"}],"curies":[{"name":"wp","href":"https:\/\/api.w.org\/{rel}","templated":true}]}}