{"id":2069,"date":"2012-12-11T21:15:28","date_gmt":"2012-12-11T21:15:28","guid":{"rendered":"http:\/\/labestiadeportiva.com\/lbd\/?p=2069"},"modified":"2012-12-11T21:15:28","modified_gmt":"2012-12-11T21:15:28","slug":"cerro-el-karting-provincial","status":"publish","type":"post","link":"http:\/\/labestiadeportiva.com\/lbd\/cerro-el-karting-provincial\/","title":{"rendered":"Cerr\u00f3 el karting provincial"},"content":{"rendered":"<p><a href=\"http:\/\/labestiadeportiva.com\/lbd\/wp-content\/uploads\/2012\/12\/gaston-caminos-campeon-zanella.jpg\"><img loading=\"lazy\" class=\"alignleft size-medium wp-image-2070\" title=\"gaston caminos campeon zanella\" src=\"http:\/\/labestiadeportiva.com\/lbd\/wp-content\/uploads\/2012\/12\/gaston-caminos-campeon-zanella-300x162.jpg\" alt=\"\" width=\"300\" height=\"162\" srcset=\"http:\/\/labestiadeportiva.com\/lbd\/wp-content\/uploads\/2012\/12\/gaston-caminos-campeon-zanella-300x162.jpg 300w, http:\/\/labestiadeportiva.com\/lbd\/wp-content\/uploads\/2012\/12\/gaston-caminos-campeon-zanella.jpg 640w\" sizes=\"(max-width: 300px) 100vw, 300px\" \/><\/a>El domingo a trav\u00e9s de la 8\u00b0 fecha se clausur\u00f3 la temporada de competencia organizada en forma conjunta por la APKU 2000 y la ARK. Se definieron las dos categor\u00edas pendientes donde se consagraron Tom\u00e1s Agnes (Sudam Limitada) y Ezequiel Barr\u00eda (Sudam Seniors) quienes se sumaron a los campeones por anticipado Mart\u00edn G\u00f3mez (Sthil 60) y Gast\u00f3n Caminos (Zanella 125). Las fotos son gentileza del colega Gustavo Carrasco de El Diario del Fin del Mundo.<!--morePara leer Click Aqu\u00ed--><\/p>\n<p>Con la merma l\u00f3gica en el parque, varios pilotos riograndenses de las categor\u00edas definidas decidieron no estar por cuestiones econ\u00f3micas, finaliz\u00f3 la temporada para la disciplina que llevan adelante juntos la APKU 2000 y la Asociaci\u00f3n Riograndense.<\/p>\n<p>En el segmento menor el bicampe\u00f3n, Mart\u00edn G\u00f3mez, se despidi\u00f3 con todo pole, serie y final aunque en la manga definitoria tuvo que luchar con Agnes para lograr el objetivo. Aunque no est\u00e1 del todo confirmado es muy probable que el campe\u00f3n ushuaiense contin\u00fae en la categor\u00eda\u00a0 Zanella 125.<\/p>\n<p>En otro segmento definido, Zanella 125, apareci\u00f3 otro local Juan Mar\u00eda Izarra quien a decir verdad vivi\u00f3 un a\u00f1o bastante complicado. Pole, serie y final para \u00e9l en la categor\u00eda que vio campe\u00f3n por anticipado a Gast\u00f3n Caminos.<\/p>\n<p><a href=\"http:\/\/labestiadeportiva.com\/lbd\/wp-content\/uploads\/2012\/12\/Martin-gomez-campeon-stihl.jpg\"><img loading=\"lazy\" class=\"aligncenter size-medium wp-image-2071\" title=\"Martin gomez campeon stihl\" src=\"http:\/\/labestiadeportiva.com\/lbd\/wp-content\/uploads\/2012\/12\/Martin-gomez-campeon-stihl-300x259.jpg\" alt=\"\" width=\"300\" height=\"259\" srcset=\"http:\/\/labestiadeportiva.com\/lbd\/wp-content\/uploads\/2012\/12\/Martin-gomez-campeon-stihl-300x259.jpg 300w, http:\/\/labestiadeportiva.com\/lbd\/wp-content\/uploads\/2012\/12\/Martin-gomez-campeon-stihl.jpg 554w\" sizes=\"(max-width: 300px) 100vw, 300px\" \/><\/a>A la hora de disputar la Sudam Limitada, sin campe\u00f3n hasta ese momento, lamentablemente la cosa no pudo definirse en pista. La ausencia de Rodr\u00edguez consagr\u00f3 Tom\u00e1s Agnes con solo presentarse. Asimismo Tom\u00e1s termin\u00f3 qued\u00e1ndose con la pole, serie y final dejando a Blanchard y Ateyro luchando por los dos escalones del podio restantes.<\/p>\n<p>Finalmente en la categor\u00eda Sudam Seniors, donde la definici\u00f3n ser\u00eda m\u00e1s compleja, Ezequiel Barr\u00eda y Mat\u00edas Cabrera llegaban con tan solo un punto entre s\u00ed. Mat\u00edas Santana se quedaba con la pole aunque el propio Barr\u00eda se adjudicaba la serie sumando puntos importantes en la b\u00fasqueda del t\u00edtulo. El propio Barr\u00eda puso todo en la final para quedarse merecidamente con el t\u00edtulo seguido en pista por Mat\u00edas Santana y Daniel Preto hijo.<\/p>\n<p><a href=\"http:\/\/labestiadeportiva.com\/lbd\/wp-content\/uploads\/2012\/12\/ezequiel-barria-campeon-sudam-senior.jpg\"><img loading=\"lazy\" class=\"aligncenter size-medium wp-image-2072\" title=\"ezequiel barria campeon sudam senior\" src=\"http:\/\/labestiadeportiva.com\/lbd\/wp-content\/uploads\/2012\/12\/ezequiel-barria-campeon-sudam-senior-300x196.jpg\" alt=\"\" width=\"300\" height=\"196\" srcset=\"http:\/\/labestiadeportiva.com\/lbd\/wp-content\/uploads\/2012\/12\/ezequiel-barria-campeon-sudam-senior-300x196.jpg 300w, http:\/\/labestiadeportiva.com\/lbd\/wp-content\/uploads\/2012\/12\/ezequiel-barria-campeon-sudam-senior.jpg 640w\" sizes=\"(max-width: 300px) 100vw, 300px\" \/><\/a>La jornada concluy\u00f3 con la entrega de premios y brindis de fin de a\u00f1o en el quincho del Aeroclub pasadas las ocho de la noche.<br \/>\nLa actividad ingresar\u00e1 en un breve receso durante los meses de enero y febrero para dar inicio a una nueva temporada en el norte de la isla durante los primeros d\u00edas del mes de marzo.<\/p>\n<p><span style=\"color: #0000ff;\">Los podios finales por categor\u00edas<\/span><br \/>\nSthil 60<br \/>\n<span style=\"color: #ff0000;\">1\u00b0 Mart\u00edn G\u00f3mez\u00a0 143 Puntos<\/span><br \/>\n2\u00b0 Marcos Agnes\u00a0 103<br \/>\n3\u00b0 Luca Garc\u00eda\u00a0 95<\/p>\n<p>Zanella 125<br \/>\n<span style=\"color: #ff0000;\">1\u00b0 Gast\u00f3n Caminos\u00a0 132 Puntos<\/span><br \/>\n2\u00b0 Jorge Sosa\u00a0 83<br \/>\n3\u00b0 Juan Mar\u00eda Izarra\u00a0 74<\/p>\n<p>Sudam Limitada<br \/>\n<span style=\"color: #ff0000;\">1\u00b0 Tomas Agnes\u00a0 148 Puntos<\/span><br \/>\n2\u00b0 Joaqu\u00edn Rodr\u00edguez\u00a0 114<br \/>\n3\u00b0 Nicol\u00e1s Blanchard\u00a0 111<\/p>\n<p>Sudam Seniors<br \/>\n<span style=\"color: #ff0000;\">1\u00b0 Ezequiel Barr\u00eda\u00a0 128 Puntos<\/span><br \/>\n2\u00b0 Mat\u00edas Cabrera\u00a0 116<br \/>\n3\u00b0 Mat\u00edas Santana\u00a0 68<\/p>\n<p><a href=\"http:\/\/labestiadeportiva.com\/lbd\/wp-content\/uploads\/2012\/12\/tomas-agnes-campeon-sudam-ltda.jpg\"><img loading=\"lazy\" class=\"aligncenter size-medium wp-image-2073\" title=\"tomas agnes campeon sudam ltda\" src=\"http:\/\/labestiadeportiva.com\/lbd\/wp-content\/uploads\/2012\/12\/tomas-agnes-campeon-sudam-ltda-300x216.jpg\" alt=\"\" width=\"300\" height=\"216\" srcset=\"http:\/\/labestiadeportiva.com\/lbd\/wp-content\/uploads\/2012\/12\/tomas-agnes-campeon-sudam-ltda-300x216.jpg 300w, http:\/\/labestiadeportiva.com\/lbd\/wp-content\/uploads\/2012\/12\/tomas-agnes-campeon-sudam-ltda.jpg 640w\" sizes=\"(max-width: 300px) 100vw, 300px\" \/><\/a><\/p>\n<div class='epvc-post-count'><span class='epvc-eye'><\/span>  <span class=\"epvc-count\"> 1.286<\/span><span class='epvc-label'> veces le\u00edda<\/span><\/div>\n<div class=\"jwsharethis\">\nShare this: \n<br \/>\n<a href=\"mailto:?subject=Cerr%C3%B3%20el%20karting%20provincial&amp;body=http%3A%2F%2Flabestiadeportiva.com%2Flbd%2Fcerro-el-karting-provincial%2F\">\n<img src=\"http:\/\/labestiadeportiva.com\/lbd\/wp-content\/plugins\/jw-share-this\/email.png\" alt=\"Share this page via Email\" \/>\n<\/a>\n<a target=\"_blank\" href=\"http:\/\/www.stumbleupon.com\/submit?url=http%3A%2F%2Flabestiadeportiva.com%2Flbd%2Fcerro-el-karting-provincial%2F&amp;title=Cerr%C3%B3+el+karting+provincial\">\n<img src=\"http:\/\/labestiadeportiva.com\/lbd\/wp-content\/plugins\/jw-share-this\/su.png\" alt=\"Share this page via Stumble Upon\" \/>\n<\/a>\n<a target=\"_blank\" href=\"http:\/\/digg.com\/submit?url=http%3A%2F%2Flabestiadeportiva.com%2Flbd%2Fcerro-el-karting-provincial%2F&amp;title=Cerr%C3%B3+el+karting+provincial\">\n<img src=\"http:\/\/labestiadeportiva.com\/lbd\/wp-content\/plugins\/jw-share-this\/digg.png\" alt=\"Share this page via Digg this\" \/>\n<\/a>\n<a target=\"_blank\" href=\"http:\/\/www.facebook.com\/sharer.php?u=http%3A%2F%2Flabestiadeportiva.com%2Flbd%2Fcerro-el-karting-provincial%2F&amp;t=Cerr%C3%B3+el+karting+provincial\">\n<img src=\"http:\/\/labestiadeportiva.com\/lbd\/wp-content\/plugins\/jw-share-this\/fb.png\" alt=\"Share this page via Facebook\" \/>\n<\/a>\n<a target=\"_blank\" href=\"http:\/\/twitter.com\/intent\/tweet?text=I+like+http%3A%2F%2Flabestiadeportiva.com%2Flbd%2Fcerro-el-karting-provincial%2F&amp;title=Cerr%C3%B3+el+karting+provincial\">\n<img src=\"http:\/\/labestiadeportiva.com\/lbd\/wp-content\/plugins\/jw-share-this\/twitter.png\" alt=\"Share this page via Twitter\" \/>\n<\/a>\n<\/div>\n","protected":false},"excerpt":{"rendered":"<p>El domingo a trav\u00e9s de la 8\u00b0 fecha se clausur\u00f3 la temporada de competencia organizada en forma conjunta por la APKU 2000 y la ARK. Se definieron las dos categor\u00edas pendientes donde se consagraron Tom\u00e1s Agnes (Sudam Limitada) y Ezequiel Barr\u00eda (Sudam Seniors) quienes se sumaron a los campeones por anticipado Mart\u00edn G\u00f3mez (Sthil 60) &hellip; <a href=\"http:\/\/labestiadeportiva.com\/lbd\/cerro-el-karting-provincial\/\" class=\"more-link\">Seguir leyendo <span class=\"screen-reader-text\">Cerr\u00f3 el karting provincial<\/span> <span class=\"meta-nav\">&rarr;<\/span><\/a><\/p>\n","protected":false},"author":1,"featured_media":2070,"comment_status":"open","ping_status":"open","sticky":false,"template":"","format":"standard","meta":[],"categories":[5,1],"tags":[281,280],"_links":{"self":[{"href":"http:\/\/labestiadeportiva.com\/lbd\/wp-json\/wp\/v2\/posts\/2069"}],"collection":[{"href":"http:\/\/labestiadeportiva.com\/lbd\/wp-json\/wp\/v2\/posts"}],"about":[{"href":"http:\/\/labestiadeportiva.com\/lbd\/wp-json\/wp\/v2\/types\/post"}],"author":[{"embeddable":true,"href":"http:\/\/labestiadeportiva.com\/lbd\/wp-json\/wp\/v2\/users\/1"}],"replies":[{"embeddable":true,"href":"http:\/\/labestiadeportiva.com\/lbd\/wp-json\/wp\/v2\/comments?post=2069"}],"version-history":[{"count":1,"href":"http:\/\/labestiadeportiva.com\/lbd\/wp-json\/wp\/v2\/posts\/2069\/revisions"}],"predecessor-version":[{"id":2074,"href":"http:\/\/labestiadeportiva.com\/lbd\/wp-json\/wp\/v2\/posts\/2069\/revisions\/2074"}],"wp:featuredmedia":[{"embeddable":true,"href":"http:\/\/labestiadeportiva.com\/lbd\/wp-json\/wp\/v2\/media\/2070"}],"wp:attachment":[{"href":"http:\/\/labestiadeportiva.com\/lbd\/wp-json\/wp\/v2\/media?parent=2069"}],"wp:term":[{"taxonomy":"category","embeddable":true,"href":"http:\/\/labestiadeportiva.com\/lbd\/wp-json\/wp\/v2\/categories?post=2069"},{"taxonomy":"post_tag","embeddable":true,"href":"http:\/\/labestiadeportiva.com\/lbd\/wp-json\/wp\/v2\/tags?post=2069"}],"curies":[{"name":"wp","href":"https:\/\/api.w.org\/{rel}","templated":true}]}}