{"id":21130,"date":"2016-08-08T18:33:42","date_gmt":"2016-08-08T21:33:42","guid":{"rendered":"http:\/\/labestiadeportiva.com\/lbd\/?p=21130"},"modified":"2016-08-08T21:36:14","modified_gmt":"2016-08-09T00:36:14","slug":"un-paso-mas-para-delpo","status":"publish","type":"post","link":"http:\/\/labestiadeportiva.com\/lbd\/un-paso-mas-para-delpo\/","title":{"rendered":"\u00abDelpo\u00bb ya est\u00e1 en octavos"},"content":{"rendered":"<p>Por Mat\u00edas Pouso (Corresponsal LBD en CABA)<\/p>\n<p><a href=\"http:\/\/labestiadeportiva.com\/lbd\/wp-content\/uploads\/2016\/08\/343133.jpg\"><img loading=\"lazy\" class=\"alignleft size-medium wp-image-21131\" src=\"http:\/\/labestiadeportiva.com\/lbd\/wp-content\/uploads\/2016\/08\/343133-300x165.jpg\" alt=\"343133\" width=\"300\" height=\"165\" srcset=\"http:\/\/labestiadeportiva.com\/lbd\/wp-content\/uploads\/2016\/08\/343133-300x165.jpg 300w, http:\/\/labestiadeportiva.com\/lbd\/wp-content\/uploads\/2016\/08\/343133.jpg 1001w\" sizes=\"(max-width: 300px) 100vw, 300px\" \/><\/a>Juan Mart\u00edn Del Potro se meti\u00f3 en octavos de final tras vencer al portugu\u00e9s Joao Sousa por 6-3, 1-6 y 6-3, en esa instancia se enfrentar\u00e1 al japon\u00e9s Taro Daniel.\u00a0<!--more--><\/p>\n<p>\u201cDelpo\u201d est\u00e1 de vuelta, lo demostr\u00f3 el domingo a la noche y lo volvi\u00f3 a confirmar hoy al vencer en un dur\u00edsimo duelo al portugu\u00e9s Joao Sousa, con tan solo 15 horas de descanso a cuestas.<\/p>\n<p>En un partido que comenz\u00f3 muy parejo, el europeo consigui\u00f3 quebrar el servicio del tandilense (algo que Djokovic no hab\u00eda logrado) de entrada, pero inmediatamente el \u00faltimo ganador del bronce ol\u00edmpico en tenis se repuso para recuperarlo.<\/p>\n<p>Del Potro encontr\u00f3 en los puntos r\u00e1pidos la receta para imponerse ante un rival que contaba con el apoyo de gran parte del estadio. Su saque y su derecha fueron un combo demoledor con los que se impuso en esa primera manga en la que un solo quiebre de m\u00e1s marc\u00f3 la diferencia.<\/p>\n<p>En el segundo, el cansancio empez\u00f3 a jugar su propio partido. Sousa se aprovech\u00f3 de la cantidad de horas de juego que ten\u00eda \u201cDelpo\u201d encima, y de las pocas que tuvo para descansar. Fue un mon\u00f3logo del portugu\u00e9s y todo se definir\u00eda en el tercero.<\/p>\n<p>Ah\u00ed volvi\u00f3 a aparecer la mejor versi\u00f3n de Del Potro: a puro mazazo y buscando la complicidad de la parcialidad argentina presente en el Parque Ol\u00edmpico de Barra de Tijuca. La Torre de Tandil busc\u00f3 fuerzas donde ya no las ten\u00eda, y ampliando su repertorio con drops y muchos slice, se puso en ventaja.<\/p>\n<p>Con el saque de Sousa tuvo los primeros match points que no pudo concretar, pero luego con su servicio cerr\u00f3 el duelo y consigui\u00f3 su pase a octavos de final, all\u00ed lo espera Taro Daniel de 23 a\u00f1os, nacido en Estados Unidos pero que representa a Jap\u00f3n.<\/p>\n<p><a href=\"http:\/\/labestiadeportiva.com\/lbd\/wp-content\/uploads\/2016\/08\/joaosousa_rio2016_4.jpg\"><img loading=\"lazy\" class=\"aligncenter size-medium wp-image-21132\" src=\"http:\/\/labestiadeportiva.com\/lbd\/wp-content\/uploads\/2016\/08\/joaosousa_rio2016_4-300x175.jpg\" alt=\"joaosousa_rio2016_4\" width=\"300\" height=\"175\" srcset=\"http:\/\/labestiadeportiva.com\/lbd\/wp-content\/uploads\/2016\/08\/joaosousa_rio2016_4-300x175.jpg 300w, http:\/\/labestiadeportiva.com\/lbd\/wp-content\/uploads\/2016\/08\/joaosousa_rio2016_4.jpg 650w\" sizes=\"(max-width: 300px) 100vw, 300px\" \/><\/a><\/p>\n<div class='epvc-post-count'><span class='epvc-eye'><\/span>  <span class=\"epvc-count\"> 935<\/span><span class='epvc-label'> veces le\u00edda<\/span><\/div>\n<div class=\"jwsharethis\">\nShare this: \n<br \/>\n<a href=\"mailto:?subject=%C2%ABDelpo%C2%BB%20ya%20est%C3%A1%20en%20octavos&amp;body=http%3A%2F%2Flabestiadeportiva.com%2Flbd%2Fun-paso-mas-para-delpo%2F\">\n<img src=\"http:\/\/labestiadeportiva.com\/lbd\/wp-content\/plugins\/jw-share-this\/email.png\" alt=\"Share this page via Email\" \/>\n<\/a>\n<a target=\"_blank\" href=\"http:\/\/www.stumbleupon.com\/submit?url=http%3A%2F%2Flabestiadeportiva.com%2Flbd%2Fun-paso-mas-para-delpo%2F&amp;title=%C2%ABDelpo%C2%BB+ya+est%C3%A1+en+octavos\">\n<img src=\"http:\/\/labestiadeportiva.com\/lbd\/wp-content\/plugins\/jw-share-this\/su.png\" alt=\"Share this page via Stumble Upon\" \/>\n<\/a>\n<a target=\"_blank\" href=\"http:\/\/digg.com\/submit?url=http%3A%2F%2Flabestiadeportiva.com%2Flbd%2Fun-paso-mas-para-delpo%2F&amp;title=%C2%ABDelpo%C2%BB+ya+est%C3%A1+en+octavos\">\n<img src=\"http:\/\/labestiadeportiva.com\/lbd\/wp-content\/plugins\/jw-share-this\/digg.png\" alt=\"Share this page via Digg this\" \/>\n<\/a>\n<a target=\"_blank\" href=\"http:\/\/www.facebook.com\/sharer.php?u=http%3A%2F%2Flabestiadeportiva.com%2Flbd%2Fun-paso-mas-para-delpo%2F&amp;t=%C2%ABDelpo%C2%BB+ya+est%C3%A1+en+octavos\">\n<img src=\"http:\/\/labestiadeportiva.com\/lbd\/wp-content\/plugins\/jw-share-this\/fb.png\" alt=\"Share this page via Facebook\" \/>\n<\/a>\n<a target=\"_blank\" href=\"http:\/\/twitter.com\/intent\/tweet?text=I+like+http%3A%2F%2Flabestiadeportiva.com%2Flbd%2Fun-paso-mas-para-delpo%2F&amp;title=%C2%ABDelpo%C2%BB+ya+est%C3%A1+en+octavos\">\n<img src=\"http:\/\/labestiadeportiva.com\/lbd\/wp-content\/plugins\/jw-share-this\/twitter.png\" alt=\"Share this page via Twitter\" \/>\n<\/a>\n<\/div>\n","protected":false},"excerpt":{"rendered":"<p>Por Mat\u00edas Pouso (Corresponsal LBD en CABA) Juan Mart\u00edn Del Potro se meti\u00f3 en octavos de final tras vencer al portugu\u00e9s Joao Sousa por 6-3, 1-6 y 6-3, en esa instancia se enfrentar\u00e1 al japon\u00e9s Taro Daniel.\u00a0 935 veces le\u00edda Share this:<\/p>\n","protected":false},"author":1,"featured_media":21131,"comment_status":"open","ping_status":"open","sticky":false,"template":"","format":"standard","meta":[],"categories":[4,1,39],"tags":[83,2771,4835],"_links":{"self":[{"href":"http:\/\/labestiadeportiva.com\/lbd\/wp-json\/wp\/v2\/posts\/21130"}],"collection":[{"href":"http:\/\/labestiadeportiva.com\/lbd\/wp-json\/wp\/v2\/posts"}],"about":[{"href":"http:\/\/labestiadeportiva.com\/lbd\/wp-json\/wp\/v2\/types\/post"}],"author":[{"embeddable":true,"href":"http:\/\/labestiadeportiva.com\/lbd\/wp-json\/wp\/v2\/users\/1"}],"replies":[{"embeddable":true,"href":"http:\/\/labestiadeportiva.com\/lbd\/wp-json\/wp\/v2\/comments?post=21130"}],"version-history":[{"count":3,"href":"http:\/\/labestiadeportiva.com\/lbd\/wp-json\/wp\/v2\/posts\/21130\/revisions"}],"predecessor-version":[{"id":21136,"href":"http:\/\/labestiadeportiva.com\/lbd\/wp-json\/wp\/v2\/posts\/21130\/revisions\/21136"}],"wp:featuredmedia":[{"embeddable":true,"href":"http:\/\/labestiadeportiva.com\/lbd\/wp-json\/wp\/v2\/media\/21131"}],"wp:attachment":[{"href":"http:\/\/labestiadeportiva.com\/lbd\/wp-json\/wp\/v2\/media?parent=21130"}],"wp:term":[{"taxonomy":"category","embeddable":true,"href":"http:\/\/labestiadeportiva.com\/lbd\/wp-json\/wp\/v2\/categories?post=21130"},{"taxonomy":"post_tag","embeddable":true,"href":"http:\/\/labestiadeportiva.com\/lbd\/wp-json\/wp\/v2\/tags?post=21130"}],"curies":[{"name":"wp","href":"https:\/\/api.w.org\/{rel}","templated":true}]}}