{"id":21210,"date":"2016-08-14T02:20:15","date_gmt":"2016-08-14T05:20:15","guid":{"rendered":"http:\/\/labestiadeportiva.com\/lbd\/?p=21210"},"modified":"2016-08-14T15:03:38","modified_gmt":"2016-08-14T18:03:38","slug":"accidente-fatal-suspension-y-polemica","status":"publish","type":"post","link":"http:\/\/labestiadeportiva.com\/lbd\/accidente-fatal-suspension-y-polemica\/","title":{"rendered":"Accidente fatal, suspensi\u00f3n y pol\u00e9mica"},"content":{"rendered":"<p><a href=\"http:\/\/labestiadeportiva.com\/lbd\/wp-content\/uploads\/2016\/08\/13894996_1179936978739502_3201455987564735572_n.jpg\"><img loading=\"lazy\" class=\"alignleft size-medium wp-image-21211\" src=\"http:\/\/labestiadeportiva.com\/lbd\/wp-content\/uploads\/2016\/08\/13894996_1179936978739502_3201455987564735572_n-300x169.jpg\" alt=\"13894996_1179936978739502_3201455987564735572_n\" width=\"300\" height=\"169\" srcset=\"http:\/\/labestiadeportiva.com\/lbd\/wp-content\/uploads\/2016\/08\/13894996_1179936978739502_3201455987564735572_n-300x169.jpg 300w, http:\/\/labestiadeportiva.com\/lbd\/wp-content\/uploads\/2016\/08\/13894996_1179936978739502_3201455987564735572_n.jpg 960w\" sizes=\"(max-width: 300px) 100vw, 300px\" \/><\/a>Cuando se disputaba este s\u00e1bado la 1\u00ba etapa del GPH se produjo un accidente fatal en la zona de la \u00abArcillosa\u00bb, aproximadamente a 10 kil\u00f3metros del puente ubicado en ese sector, protagonizado por el auto #322 quien en carrera embisti\u00f3 a un espectador que circulaba en cuatriciclo por el sector de competencia. La foto es gentileza de Minuto Fueguino.<!--more--><\/p>\n<p>En un primer momento los organizadores decidieron la continuidad de la prueba para el domingo (Comunicado Incluido) pero con restricciones de acceso al p\u00fablico.<\/p>\n<p>Un segundo accidente que involucr\u00f3 dos nuevos espectadores motiv\u00f3 la intervenci\u00f3n del Juez de Turno, \u00a0Dr. Leonardelli, quien efectuar\u00e1 las correspondientes pericias en el sector de los siniestros. Con este panorama el ACRG y ADELFA finalmente decidieron suspender la edici\u00f3n en forma definitiva.<\/p>\n<p>A partir de estos hechos se abre el interrogante sobre la seguridad en la tradicional competencia motor. Abrupto y luctuoso cierre que pone un manto de dudas sobre responsabilidades, control y continuidad de la carrera m\u00e1s popular de la Tierra del Fuego Argentino\/Chilena.<\/p>\n<div class='epvc-post-count'><span class='epvc-eye'><\/span>  <span class=\"epvc-count\"> 1.303<\/span><span class='epvc-label'> veces le\u00edda<\/span><\/div>\n<div class=\"jwsharethis\">\nShare this: \n<br \/>\n<a href=\"mailto:?subject=Accidente%20fatal%2C%20suspensi%C3%B3n%20y%20pol%C3%A9mica&amp;body=http%3A%2F%2Flabestiadeportiva.com%2Flbd%2Faccidente-fatal-suspension-y-polemica%2F\">\n<img src=\"http:\/\/labestiadeportiva.com\/lbd\/wp-content\/plugins\/jw-share-this\/email.png\" alt=\"Share this page via Email\" \/>\n<\/a>\n<a target=\"_blank\" href=\"http:\/\/www.stumbleupon.com\/submit?url=http%3A%2F%2Flabestiadeportiva.com%2Flbd%2Faccidente-fatal-suspension-y-polemica%2F&amp;title=Accidente+fatal%2C+suspensi%C3%B3n+y+pol%C3%A9mica\">\n<img src=\"http:\/\/labestiadeportiva.com\/lbd\/wp-content\/plugins\/jw-share-this\/su.png\" alt=\"Share this page via Stumble Upon\" \/>\n<\/a>\n<a target=\"_blank\" href=\"http:\/\/digg.com\/submit?url=http%3A%2F%2Flabestiadeportiva.com%2Flbd%2Faccidente-fatal-suspension-y-polemica%2F&amp;title=Accidente+fatal%2C+suspensi%C3%B3n+y+pol%C3%A9mica\">\n<img src=\"http:\/\/labestiadeportiva.com\/lbd\/wp-content\/plugins\/jw-share-this\/digg.png\" alt=\"Share this page via Digg this\" \/>\n<\/a>\n<a target=\"_blank\" href=\"http:\/\/www.facebook.com\/sharer.php?u=http%3A%2F%2Flabestiadeportiva.com%2Flbd%2Faccidente-fatal-suspension-y-polemica%2F&amp;t=Accidente+fatal%2C+suspensi%C3%B3n+y+pol%C3%A9mica\">\n<img src=\"http:\/\/labestiadeportiva.com\/lbd\/wp-content\/plugins\/jw-share-this\/fb.png\" alt=\"Share this page via Facebook\" \/>\n<\/a>\n<a target=\"_blank\" href=\"http:\/\/twitter.com\/intent\/tweet?text=I+like+http%3A%2F%2Flabestiadeportiva.com%2Flbd%2Faccidente-fatal-suspension-y-polemica%2F&amp;title=Accidente+fatal%2C+suspensi%C3%B3n+y+pol%C3%A9mica\">\n<img src=\"http:\/\/labestiadeportiva.com\/lbd\/wp-content\/plugins\/jw-share-this\/twitter.png\" alt=\"Share this page via Twitter\" \/>\n<\/a>\n<\/div>\n","protected":false},"excerpt":{"rendered":"<p>Cuando se disputaba este s\u00e1bado la 1\u00ba etapa del GPH se produjo un accidente fatal en la zona de la \u00abArcillosa\u00bb, aproximadamente a 10 kil\u00f3metros del puente ubicado en ese sector, protagonizado por el auto #322 quien en carrera embisti\u00f3 a un espectador que circulaba en cuatriciclo por el sector de competencia. La foto es &hellip; <a href=\"http:\/\/labestiadeportiva.com\/lbd\/accidente-fatal-suspension-y-polemica\/\" class=\"more-link\">Seguir leyendo <span class=\"screen-reader-text\">Accidente fatal, suspensi\u00f3n y pol\u00e9mica<\/span> <span class=\"meta-nav\">&rarr;<\/span><\/a><\/p>\n","protected":false},"author":1,"featured_media":21211,"comment_status":"open","ping_status":"open","sticky":false,"template":"","format":"standard","meta":[],"categories":[2775,2176,2135,5,4,6,1],"tags":[2523,2763,83,1527],"_links":{"self":[{"href":"http:\/\/labestiadeportiva.com\/lbd\/wp-json\/wp\/v2\/posts\/21210"}],"collection":[{"href":"http:\/\/labestiadeportiva.com\/lbd\/wp-json\/wp\/v2\/posts"}],"about":[{"href":"http:\/\/labestiadeportiva.com\/lbd\/wp-json\/wp\/v2\/types\/post"}],"author":[{"embeddable":true,"href":"http:\/\/labestiadeportiva.com\/lbd\/wp-json\/wp\/v2\/users\/1"}],"replies":[{"embeddable":true,"href":"http:\/\/labestiadeportiva.com\/lbd\/wp-json\/wp\/v2\/comments?post=21210"}],"version-history":[{"count":4,"href":"http:\/\/labestiadeportiva.com\/lbd\/wp-json\/wp\/v2\/posts\/21210\/revisions"}],"predecessor-version":[{"id":21215,"href":"http:\/\/labestiadeportiva.com\/lbd\/wp-json\/wp\/v2\/posts\/21210\/revisions\/21215"}],"wp:featuredmedia":[{"embeddable":true,"href":"http:\/\/labestiadeportiva.com\/lbd\/wp-json\/wp\/v2\/media\/21211"}],"wp:attachment":[{"href":"http:\/\/labestiadeportiva.com\/lbd\/wp-json\/wp\/v2\/media?parent=21210"}],"wp:term":[{"taxonomy":"category","embeddable":true,"href":"http:\/\/labestiadeportiva.com\/lbd\/wp-json\/wp\/v2\/categories?post=21210"},{"taxonomy":"post_tag","embeddable":true,"href":"http:\/\/labestiadeportiva.com\/lbd\/wp-json\/wp\/v2\/tags?post=21210"}],"curies":[{"name":"wp","href":"https:\/\/api.w.org\/{rel}","templated":true}]}}