{"id":21322,"date":"2016-08-25T13:24:33","date_gmt":"2016-08-25T16:24:33","guid":{"rendered":"http:\/\/labestiadeportiva.com\/lbd\/?p=21322"},"modified":"2016-08-25T13:42:44","modified_gmt":"2016-08-25T16:42:44","slug":"la-nueva-generacion-se-prepara","status":"publish","type":"post","link":"http:\/\/labestiadeportiva.com\/lbd\/la-nueva-generacion-se-prepara\/","title":{"rendered":"La nueva generaci\u00f3n se prepara"},"content":{"rendered":"<p><a href=\"http:\/\/labestiadeportiva.com\/lbd\/wp-content\/uploads\/2016\/08\/Imagen-2929.jpg\"><img loading=\"lazy\" class=\"alignleft size-medium wp-image-21323\" src=\"http:\/\/labestiadeportiva.com\/lbd\/wp-content\/uploads\/2016\/08\/Imagen-2929-300x176.jpg\" alt=\"Imagen 2929\" width=\"300\" height=\"176\" srcset=\"http:\/\/labestiadeportiva.com\/lbd\/wp-content\/uploads\/2016\/08\/Imagen-2929-300x176.jpg 300w, http:\/\/labestiadeportiva.com\/lbd\/wp-content\/uploads\/2016\/08\/Imagen-2929.jpg 800w\" sizes=\"(max-width: 300px) 100vw, 300px\" \/><\/a>El pasado s\u00e1bado por la tarde se puso en marcha la capacitaci\u00f3n arbitral de handball a cargo del profesor Marcos Sarasola. Cerca de 30 j\u00f3venes aspirantes presentes. La actividad que se extender\u00e1 hasta el mes de septiembre es iniciativa de la Federaci\u00f3n Fueguina.<!--more--><\/p>\n<p>La capacitaci\u00f3n puesta en marcha es nivel 1 o inicial. En el sal\u00f3n \u201cB\u201d del Polideportivo Augusto Lasserre el referente local Marcos Sarasola tuvo su primer contacto con un interesante grupo de j\u00f3venes de ambos sexos dispuestos a ingresar al dif\u00edcil mundo del arbitraje.<\/p>\n<p>En cuanto al temario abordado en las tres horas de capacitaci\u00f3n, de 16 a 19 horas, fueron divisi\u00f3n de funciones, gestos, formas, sanciones disciplinarias entre los principales.<\/p>\n<p><a href=\"http:\/\/labestiadeportiva.com\/lbd\/wp-content\/uploads\/2016\/08\/Imagen-2930.jpg\"><img loading=\"lazy\" class=\"aligncenter size-medium wp-image-21324\" src=\"http:\/\/labestiadeportiva.com\/lbd\/wp-content\/uploads\/2016\/08\/Imagen-2930-300x160.jpg\" alt=\"Imagen 2930\" width=\"300\" height=\"160\" srcset=\"http:\/\/labestiadeportiva.com\/lbd\/wp-content\/uploads\/2016\/08\/Imagen-2930-300x160.jpg 300w, http:\/\/labestiadeportiva.com\/lbd\/wp-content\/uploads\/2016\/08\/Imagen-2930.jpg 800w\" sizes=\"(max-width: 300px) 100vw, 300px\" \/><\/a>Desde LBD nos acercamos al curso donde Sarasola nos dijo:<\/p>\n<p><span style=\"color: #0000ff;\">\u201cLa verdad que estoy gratamente asombrado por el n\u00famero de chicos presentes. Hoy dimos un primer pantallazo con un ida y vuelta de preguntas y respuestas.\u00a0Vamos a parar el pr\u00f3ximo fin de semana por el \u201cHandball Fl\u00fao\u201d pero continuaremos el primer s\u00e1bado de septiembre. <\/span><\/p>\n<p><span style=\"color: #0000ff;\">La idea es ver situaciones de juego en videos para ir evaluando a los futuros \u00e1rbitros. A medida que avance la capacitaci\u00f3n realizaremos la parte pr\u00e1ctica en los partidos Sub 14 de la Federaci\u00f3n.<\/span><\/p>\n<p><span style=\"color: #0000ff;\">En el mes de octubre llegar\u00e1 el ex \u00e1rbitro internacional profesor Luis Alonso, integrante de la Comisi\u00f3n Nacional de \u00c1rbitros, para evaluar a nuestros j\u00f3venes y dejar habilitados a los mejores para que act\u00faen en el orden local.\u201d<\/span><\/p>\n<p><a href=\"http:\/\/labestiadeportiva.com\/lbd\/wp-content\/uploads\/2016\/08\/Imagen-2931.jpg\"><img loading=\"lazy\" class=\"aligncenter size-medium wp-image-21325\" src=\"http:\/\/labestiadeportiva.com\/lbd\/wp-content\/uploads\/2016\/08\/Imagen-2931-300x150.jpg\" alt=\"Imagen 2931\" width=\"300\" height=\"150\" srcset=\"http:\/\/labestiadeportiva.com\/lbd\/wp-content\/uploads\/2016\/08\/Imagen-2931-300x150.jpg 300w, http:\/\/labestiadeportiva.com\/lbd\/wp-content\/uploads\/2016\/08\/Imagen-2931.jpg 800w\" sizes=\"(max-width: 300px) 100vw, 300px\" \/><\/a><\/p>\n<div class='epvc-post-count'><span class='epvc-eye'><\/span>  <span class=\"epvc-count\"> 1.104<\/span><span class='epvc-label'> veces le\u00edda<\/span><\/div>\n<div class=\"jwsharethis\">\nShare this: \n<br \/>\n<a href=\"mailto:?subject=La%20nueva%20generaci%C3%B3n%20se%20prepara&amp;body=http%3A%2F%2Flabestiadeportiva.com%2Flbd%2Fla-nueva-generacion-se-prepara%2F\">\n<img src=\"http:\/\/labestiadeportiva.com\/lbd\/wp-content\/plugins\/jw-share-this\/email.png\" alt=\"Share this page via Email\" \/>\n<\/a>\n<a target=\"_blank\" href=\"http:\/\/www.stumbleupon.com\/submit?url=http%3A%2F%2Flabestiadeportiva.com%2Flbd%2Fla-nueva-generacion-se-prepara%2F&amp;title=La+nueva+generaci%C3%B3n+se+prepara\">\n<img src=\"http:\/\/labestiadeportiva.com\/lbd\/wp-content\/plugins\/jw-share-this\/su.png\" alt=\"Share this page via Stumble Upon\" \/>\n<\/a>\n<a target=\"_blank\" href=\"http:\/\/digg.com\/submit?url=http%3A%2F%2Flabestiadeportiva.com%2Flbd%2Fla-nueva-generacion-se-prepara%2F&amp;title=La+nueva+generaci%C3%B3n+se+prepara\">\n<img src=\"http:\/\/labestiadeportiva.com\/lbd\/wp-content\/plugins\/jw-share-this\/digg.png\" alt=\"Share this page via Digg this\" \/>\n<\/a>\n<a target=\"_blank\" href=\"http:\/\/www.facebook.com\/sharer.php?u=http%3A%2F%2Flabestiadeportiva.com%2Flbd%2Fla-nueva-generacion-se-prepara%2F&amp;t=La+nueva+generaci%C3%B3n+se+prepara\">\n<img src=\"http:\/\/labestiadeportiva.com\/lbd\/wp-content\/plugins\/jw-share-this\/fb.png\" alt=\"Share this page via Facebook\" \/>\n<\/a>\n<a target=\"_blank\" href=\"http:\/\/twitter.com\/intent\/tweet?text=I+like+http%3A%2F%2Flabestiadeportiva.com%2Flbd%2Fla-nueva-generacion-se-prepara%2F&amp;title=La+nueva+generaci%C3%B3n+se+prepara\">\n<img src=\"http:\/\/labestiadeportiva.com\/lbd\/wp-content\/plugins\/jw-share-this\/twitter.png\" alt=\"Share this page via Twitter\" \/>\n<\/a>\n<\/div>\n","protected":false},"excerpt":{"rendered":"<p>El pasado s\u00e1bado por la tarde se puso en marcha la capacitaci\u00f3n arbitral de handball a cargo del profesor Marcos Sarasola. Cerca de 30 j\u00f3venes aspirantes presentes. La actividad que se extender\u00e1 hasta el mes de septiembre es iniciativa de la Federaci\u00f3n Fueguina. 1.104 veces le\u00edda Share this:<\/p>\n","protected":false},"author":1,"featured_media":21323,"comment_status":"open","ping_status":"open","sticky":false,"template":"","format":"standard","meta":[],"categories":[5,2286,1],"tags":[2509,941,13,83],"_links":{"self":[{"href":"http:\/\/labestiadeportiva.com\/lbd\/wp-json\/wp\/v2\/posts\/21322"}],"collection":[{"href":"http:\/\/labestiadeportiva.com\/lbd\/wp-json\/wp\/v2\/posts"}],"about":[{"href":"http:\/\/labestiadeportiva.com\/lbd\/wp-json\/wp\/v2\/types\/post"}],"author":[{"embeddable":true,"href":"http:\/\/labestiadeportiva.com\/lbd\/wp-json\/wp\/v2\/users\/1"}],"replies":[{"embeddable":true,"href":"http:\/\/labestiadeportiva.com\/lbd\/wp-json\/wp\/v2\/comments?post=21322"}],"version-history":[{"count":2,"href":"http:\/\/labestiadeportiva.com\/lbd\/wp-json\/wp\/v2\/posts\/21322\/revisions"}],"predecessor-version":[{"id":21327,"href":"http:\/\/labestiadeportiva.com\/lbd\/wp-json\/wp\/v2\/posts\/21322\/revisions\/21327"}],"wp:featuredmedia":[{"embeddable":true,"href":"http:\/\/labestiadeportiva.com\/lbd\/wp-json\/wp\/v2\/media\/21323"}],"wp:attachment":[{"href":"http:\/\/labestiadeportiva.com\/lbd\/wp-json\/wp\/v2\/media?parent=21322"}],"wp:term":[{"taxonomy":"category","embeddable":true,"href":"http:\/\/labestiadeportiva.com\/lbd\/wp-json\/wp\/v2\/categories?post=21322"},{"taxonomy":"post_tag","embeddable":true,"href":"http:\/\/labestiadeportiva.com\/lbd\/wp-json\/wp\/v2\/tags?post=21322"}],"curies":[{"name":"wp","href":"https:\/\/api.w.org\/{rel}","templated":true}]}}