{"id":21429,"date":"2016-09-05T18:46:08","date_gmt":"2016-09-05T21:46:08","guid":{"rendered":"http:\/\/labestiadeportiva.com\/lbd\/?p=21429"},"modified":"2016-09-05T18:46:08","modified_gmt":"2016-09-05T21:46:08","slug":"delpo-en-cuartos-del-us-open","status":"publish","type":"post","link":"http:\/\/labestiadeportiva.com\/lbd\/delpo-en-cuartos-del-us-open\/","title":{"rendered":"Delpo en cuartos del US Open"},"content":{"rendered":"<p>Por Mat\u00edas Pouso (Corresponsal LBD en CABA)<\/p>\n<p><a href=\"http:\/\/labestiadeportiva.com\/lbd\/wp-content\/uploads\/2016\/09\/del-potro-2016-us-open-s.jpg\"><img loading=\"lazy\" class=\"alignleft size-medium wp-image-21430\" src=\"http:\/\/labestiadeportiva.com\/lbd\/wp-content\/uploads\/2016\/09\/del-potro-2016-us-open-s-300x169.jpg\" alt=\"del-potro-2016-us-open-s\" width=\"300\" height=\"169\" srcset=\"http:\/\/labestiadeportiva.com\/lbd\/wp-content\/uploads\/2016\/09\/del-potro-2016-us-open-s-300x169.jpg 300w, http:\/\/labestiadeportiva.com\/lbd\/wp-content\/uploads\/2016\/09\/del-potro-2016-us-open-s-1024x576.jpg 1024w, http:\/\/labestiadeportiva.com\/lbd\/wp-content\/uploads\/2016\/09\/del-potro-2016-us-open-s.jpg 1920w\" sizes=\"(max-width: 300px) 100vw, 300px\" \/><\/a>El tandilense dio otro paso en su milagroso regreso luego de las lesiones que estuvieron a punto de retirarlo del tenis, al clasificarse a cuartos de final del Abierto de Estados Unidos tras el retiro del austr\u00edaco Dominic Thiem con el score 6-3, 3-2 en favor del argentino. En la pr\u00f3xima rueda, su rival ser\u00e1 el suizo Stanislas Wawrinka.<!--more--><\/p>\n<p>Juan Mart\u00edn Del Potro es un tenista que est\u00e1 tallado para grandes citas, y ninguna lesi\u00f3n pudo hacerle olvidar lo necesario para imponerse ante la adversidad. En Nueva York \u00e9l dijo sentirse como en casa, no podr\u00eda ser menos en la ciudad donde se alz\u00f3 con su (hasta ahora) m\u00e1s grande conquista.<\/p>\n<p>Superados Diego Schwartzman, Steve Johnson y David Ferrer en las primeras tres ruedas (sin perder ning\u00fan set), hoy Delpo fue por su cuarta v\u00edctima, el austr\u00edaco Dominic Thiem (10\u00b0 del ranking ATP). El comienzo del duelo lo encontr\u00f3 r\u00e1pidamente abajo 1-3 en el marcador, con Thiem muy agresivo y preciso. Pero el tandilense hizo el click a tiempo y gan\u00f3 cuatro games seguidos para adjudicarse el primer set.<\/p>\n<p><a href=\"http:\/\/labestiadeportiva.com\/lbd\/wp-content\/uploads\/2016\/09\/delpotro-usopen-20162.jpg\"><img loading=\"lazy\" class=\"aligncenter size-medium wp-image-21431\" src=\"http:\/\/labestiadeportiva.com\/lbd\/wp-content\/uploads\/2016\/09\/delpotro-usopen-20162-300x169.jpg\" alt=\"delpotro-usopen-20162\" width=\"300\" height=\"169\" srcset=\"http:\/\/labestiadeportiva.com\/lbd\/wp-content\/uploads\/2016\/09\/delpotro-usopen-20162-300x169.jpg 300w, http:\/\/labestiadeportiva.com\/lbd\/wp-content\/uploads\/2016\/09\/delpotro-usopen-20162-1024x576.jpg 1024w, http:\/\/labestiadeportiva.com\/lbd\/wp-content\/uploads\/2016\/09\/delpotro-usopen-20162.jpg 1920w\" sizes=\"(max-width: 300px) 100vw, 300px\" \/><\/a>Ya en el segundo parcial, con el score 3-2 a favor de Del Potro, Thiem se quej\u00f3 de dolores en su rodilla derecha. Tras recibir asistencia m\u00e9dica al terminar el quinto game, el austr\u00edaco regres\u00f3 a la cancha, pero apenas dio tres raquetazos cuando levant\u00f3 la mano y anunci\u00f3 al \u00e1rbitro su retiro del partido.<\/p>\n<p><span style=\"color: #0000ff;\">\u201cNo me imaginaba esto ni cuando estaba sano. Llegar a los cuartos de final de un Grand Slam es el objetivo de cualquier tenista. Poco a poco estoy jugando mejor\u201d<\/span>, se\u00f1al\u00f3 La Torre de Tandil.<\/p>\n<p>Su rival en los cuartos de final ser\u00e1 Stan Wawrinka, a quien aventaja 4-2 en el historial. El \u00faltimo duelo entre ambos fue en la segunda rueda de Wimbledon 2016 con victoria del tandilense.<\/p>\n<p><a href=\"http:\/\/labestiadeportiva.com\/lbd\/wp-content\/uploads\/2016\/09\/juan-martin-del-potro-main.jpg\"><img loading=\"lazy\" class=\"aligncenter size-medium wp-image-21432\" src=\"http:\/\/labestiadeportiva.com\/lbd\/wp-content\/uploads\/2016\/09\/juan-martin-del-potro-main-300x167.jpg\" alt=\"juan-martin-del-potro-main\" width=\"300\" height=\"167\" srcset=\"http:\/\/labestiadeportiva.com\/lbd\/wp-content\/uploads\/2016\/09\/juan-martin-del-potro-main-300x167.jpg 300w, http:\/\/labestiadeportiva.com\/lbd\/wp-content\/uploads\/2016\/09\/juan-martin-del-potro-main.jpg 759w\" sizes=\"(max-width: 300px) 100vw, 300px\" \/><\/a>Se trata de la primera vez que Juan Mart\u00edn del Potro accede a esta instancia en un Grand Slam desde Wimbledon 2013. Tuvo que ausentarse m\u00e1s de dos a\u00f1os y medio del circuito tras operarse la mu\u00f1eca izquierda y actualmente es el n\u00famero 142 del mundo, aunque esta \u00faltima victoria lo depositar\u00e1 alrededor del puesto 60 del ranking y con posibilidades de avanzar a\u00fan m\u00e1s.<\/p>\n<p><a href=\"http:\/\/labestiadeportiva.com\/lbd\/wp-content\/uploads\/2016\/09\/USO146-95_2016_173354.jpg\"><img loading=\"lazy\" class=\"aligncenter size-medium wp-image-21433\" src=\"http:\/\/labestiadeportiva.com\/lbd\/wp-content\/uploads\/2016\/09\/USO146-95_2016_173354-292x300.jpg\" alt=\"USO146-95_2016_173354\" width=\"292\" height=\"300\" srcset=\"http:\/\/labestiadeportiva.com\/lbd\/wp-content\/uploads\/2016\/09\/USO146-95_2016_173354-292x300.jpg 292w, http:\/\/labestiadeportiva.com\/lbd\/wp-content\/uploads\/2016\/09\/USO146-95_2016_173354.jpg 332w\" sizes=\"(max-width: 292px) 100vw, 292px\" \/><\/a><\/p>\n<div class='epvc-post-count'><span class='epvc-eye'><\/span>  <span class=\"epvc-count\"> 1.142<\/span><span class='epvc-label'> veces le\u00edda<\/span><\/div>\n<div class=\"jwsharethis\">\nShare this: \n<br \/>\n<a href=\"mailto:?subject=Delpo%20en%20cuartos%20del%20US%20Open&amp;body=http%3A%2F%2Flabestiadeportiva.com%2Flbd%2Fdelpo-en-cuartos-del-us-open%2F\">\n<img src=\"http:\/\/labestiadeportiva.com\/lbd\/wp-content\/plugins\/jw-share-this\/email.png\" alt=\"Share this page via Email\" \/>\n<\/a>\n<a target=\"_blank\" href=\"http:\/\/www.stumbleupon.com\/submit?url=http%3A%2F%2Flabestiadeportiva.com%2Flbd%2Fdelpo-en-cuartos-del-us-open%2F&amp;title=Delpo+en+cuartos+del+US+Open\">\n<img src=\"http:\/\/labestiadeportiva.com\/lbd\/wp-content\/plugins\/jw-share-this\/su.png\" alt=\"Share this page via Stumble Upon\" \/>\n<\/a>\n<a target=\"_blank\" href=\"http:\/\/digg.com\/submit?url=http%3A%2F%2Flabestiadeportiva.com%2Flbd%2Fdelpo-en-cuartos-del-us-open%2F&amp;title=Delpo+en+cuartos+del+US+Open\">\n<img src=\"http:\/\/labestiadeportiva.com\/lbd\/wp-content\/plugins\/jw-share-this\/digg.png\" alt=\"Share this page via Digg this\" \/>\n<\/a>\n<a target=\"_blank\" href=\"http:\/\/www.facebook.com\/sharer.php?u=http%3A%2F%2Flabestiadeportiva.com%2Flbd%2Fdelpo-en-cuartos-del-us-open%2F&amp;t=Delpo+en+cuartos+del+US+Open\">\n<img src=\"http:\/\/labestiadeportiva.com\/lbd\/wp-content\/plugins\/jw-share-this\/fb.png\" alt=\"Share this page via Facebook\" \/>\n<\/a>\n<a target=\"_blank\" href=\"http:\/\/twitter.com\/intent\/tweet?text=I+like+http%3A%2F%2Flabestiadeportiva.com%2Flbd%2Fdelpo-en-cuartos-del-us-open%2F&amp;title=Delpo+en+cuartos+del+US+Open\">\n<img src=\"http:\/\/labestiadeportiva.com\/lbd\/wp-content\/plugins\/jw-share-this\/twitter.png\" alt=\"Share this page via Twitter\" \/>\n<\/a>\n<\/div>\n","protected":false},"excerpt":{"rendered":"<p>Por Mat\u00edas Pouso (Corresponsal LBD en CABA) El tandilense dio otro paso en su milagroso regreso luego de las lesiones que estuvieron a punto de retirarlo del tenis, al clasificarse a cuartos de final del Abierto de Estados Unidos tras el retiro del austr\u00edaco Dominic Thiem con el score 6-3, 3-2 en favor del argentino. &hellip; <a href=\"http:\/\/labestiadeportiva.com\/lbd\/delpo-en-cuartos-del-us-open\/\" class=\"more-link\">Seguir leyendo <span class=\"screen-reader-text\">Delpo en cuartos del US Open<\/span> <span class=\"meta-nav\">&rarr;<\/span><\/a><\/p>\n","protected":false},"author":1,"featured_media":21430,"comment_status":"open","ping_status":"open","sticky":false,"template":"","format":"standard","meta":[],"categories":[4,1,39],"tags":[1937,4835,53],"_links":{"self":[{"href":"http:\/\/labestiadeportiva.com\/lbd\/wp-json\/wp\/v2\/posts\/21429"}],"collection":[{"href":"http:\/\/labestiadeportiva.com\/lbd\/wp-json\/wp\/v2\/posts"}],"about":[{"href":"http:\/\/labestiadeportiva.com\/lbd\/wp-json\/wp\/v2\/types\/post"}],"author":[{"embeddable":true,"href":"http:\/\/labestiadeportiva.com\/lbd\/wp-json\/wp\/v2\/users\/1"}],"replies":[{"embeddable":true,"href":"http:\/\/labestiadeportiva.com\/lbd\/wp-json\/wp\/v2\/comments?post=21429"}],"version-history":[{"count":1,"href":"http:\/\/labestiadeportiva.com\/lbd\/wp-json\/wp\/v2\/posts\/21429\/revisions"}],"predecessor-version":[{"id":21434,"href":"http:\/\/labestiadeportiva.com\/lbd\/wp-json\/wp\/v2\/posts\/21429\/revisions\/21434"}],"wp:featuredmedia":[{"embeddable":true,"href":"http:\/\/labestiadeportiva.com\/lbd\/wp-json\/wp\/v2\/media\/21430"}],"wp:attachment":[{"href":"http:\/\/labestiadeportiva.com\/lbd\/wp-json\/wp\/v2\/media?parent=21429"}],"wp:term":[{"taxonomy":"category","embeddable":true,"href":"http:\/\/labestiadeportiva.com\/lbd\/wp-json\/wp\/v2\/categories?post=21429"},{"taxonomy":"post_tag","embeddable":true,"href":"http:\/\/labestiadeportiva.com\/lbd\/wp-json\/wp\/v2\/tags?post=21429"}],"curies":[{"name":"wp","href":"https:\/\/api.w.org\/{rel}","templated":true}]}}