{"id":21435,"date":"2016-09-06T12:21:38","date_gmt":"2016-09-06T15:21:38","guid":{"rendered":"http:\/\/labestiadeportiva.com\/lbd\/?p=21435"},"modified":"2016-09-06T14:27:23","modified_gmt":"2016-09-06T17:27:23","slug":"el-senor-basquet-tiene-la-palabra-audio","status":"publish","type":"post","link":"http:\/\/labestiadeportiva.com\/lbd\/el-senor-basquet-tiene-la-palabra-audio\/","title":{"rendered":"El \u00abse\u00f1or b\u00e1squet\u00bb tiene la palabra (Audio)"},"content":{"rendered":"<p><a href=\"http:\/\/labestiadeportiva.com\/lbd\/wp-content\/uploads\/2016\/09\/MI-0000000030.png\"><img loading=\"lazy\" class=\"alignleft size-full wp-image-21437\" src=\"http:\/\/labestiadeportiva.com\/lbd\/wp-content\/uploads\/2016\/09\/MI-0000000030.png\" alt=\"MI-0000000030\" width=\"202\" height=\"202\" srcset=\"http:\/\/labestiadeportiva.com\/lbd\/wp-content\/uploads\/2016\/09\/MI-0000000030.png 202w, http:\/\/labestiadeportiva.com\/lbd\/wp-content\/uploads\/2016\/09\/MI-0000000030-150x150.png 150w, http:\/\/labestiadeportiva.com\/lbd\/wp-content\/uploads\/2016\/09\/MI-0000000030-160x160.png 160w, http:\/\/labestiadeportiva.com\/lbd\/wp-content\/uploads\/2016\/09\/MI-0000000030-320x320.png 320w, http:\/\/labestiadeportiva.com\/lbd\/wp-content\/uploads\/2016\/09\/MI-0000000030-60x60.png 60w\" sizes=\"(max-width: 202px) 100vw, 202px\" \/><\/a>D\u00edas atr\u00e1s realizamos una entrevista exclusiva con el entrenador Oscar \u201cHuevo\u201d S\u00e1nchez. La despedida de la \u201cGeneraci\u00f3n Dorada\u201d en R\u00edo, su reconocimiento y legado, an\u00e1lisis de las selecciones de Espa\u00f1a y Brasil entre los principales temas abordados. El hist\u00f3rico formador confirm\u00f3 que estar\u00e1 en Ushuaia junto a Ricardo Bojanich para dictar su Campus del 7 al 10 de octubre. Compartimos los mejores pasajes de la charla con uno de los mejores t\u00e9cnicos del continente.<\/p>\n<p><a href=\"http:\/\/labestiadeportiva.com\/lbd\/wp-content\/uploads\/2016\/09\/14222268_1201559373243929_946755757867409182_n1.jpg\"><img loading=\"lazy\" class=\"aligncenter size-medium wp-image-21445\" src=\"http:\/\/labestiadeportiva.com\/lbd\/wp-content\/uploads\/2016\/09\/14222268_1201559373243929_946755757867409182_n1-211x300.jpg\" alt=\"14222268_1201559373243929_946755757867409182_n\" width=\"211\" height=\"300\" srcset=\"http:\/\/labestiadeportiva.com\/lbd\/wp-content\/uploads\/2016\/09\/14222268_1201559373243929_946755757867409182_n1-211x300.jpg 211w, http:\/\/labestiadeportiva.com\/lbd\/wp-content\/uploads\/2016\/09\/14222268_1201559373243929_946755757867409182_n1.jpg 278w\" sizes=\"(max-width: 211px) 100vw, 211px\" \/><\/a><br \/>\n<!--more--><\/p>\n<p><iframe loading=\"lazy\" src=\"https:\/\/www.youtube.com\/embed\/YZkPw9PR1TA\" width=\"560\" height=\"315\" frameborder=\"0\" allowfullscreen=\"allowfullscreen\"><\/iframe><\/p>\n<div class='epvc-post-count'><span class='epvc-eye'><\/span>  <span class=\"epvc-count\"> 1.255<\/span><span class='epvc-label'> veces le\u00edda<\/span><\/div>\n<div class=\"jwsharethis\">\nShare this: \n<br \/>\n<a href=\"mailto:?subject=El%20%C2%ABse%C3%B1or%20b%C3%A1squet%C2%BB%20tiene%20la%20palabra%20%28Audio%29&amp;body=http%3A%2F%2Flabestiadeportiva.com%2Flbd%2Fel-senor-basquet-tiene-la-palabra-audio%2F\">\n<img src=\"http:\/\/labestiadeportiva.com\/lbd\/wp-content\/plugins\/jw-share-this\/email.png\" alt=\"Share this page via Email\" \/>\n<\/a>\n<a target=\"_blank\" href=\"http:\/\/www.stumbleupon.com\/submit?url=http%3A%2F%2Flabestiadeportiva.com%2Flbd%2Fel-senor-basquet-tiene-la-palabra-audio%2F&amp;title=El+%C2%ABse%C3%B1or+b%C3%A1squet%C2%BB+tiene+la+palabra+%28Audio%29\">\n<img src=\"http:\/\/labestiadeportiva.com\/lbd\/wp-content\/plugins\/jw-share-this\/su.png\" alt=\"Share this page via Stumble Upon\" \/>\n<\/a>\n<a target=\"_blank\" href=\"http:\/\/digg.com\/submit?url=http%3A%2F%2Flabestiadeportiva.com%2Flbd%2Fel-senor-basquet-tiene-la-palabra-audio%2F&amp;title=El+%C2%ABse%C3%B1or+b%C3%A1squet%C2%BB+tiene+la+palabra+%28Audio%29\">\n<img src=\"http:\/\/labestiadeportiva.com\/lbd\/wp-content\/plugins\/jw-share-this\/digg.png\" alt=\"Share this page via Digg this\" \/>\n<\/a>\n<a target=\"_blank\" href=\"http:\/\/www.facebook.com\/sharer.php?u=http%3A%2F%2Flabestiadeportiva.com%2Flbd%2Fel-senor-basquet-tiene-la-palabra-audio%2F&amp;t=El+%C2%ABse%C3%B1or+b%C3%A1squet%C2%BB+tiene+la+palabra+%28Audio%29\">\n<img src=\"http:\/\/labestiadeportiva.com\/lbd\/wp-content\/plugins\/jw-share-this\/fb.png\" alt=\"Share this page via Facebook\" \/>\n<\/a>\n<a target=\"_blank\" href=\"http:\/\/twitter.com\/intent\/tweet?text=I+like+http%3A%2F%2Flabestiadeportiva.com%2Flbd%2Fel-senor-basquet-tiene-la-palabra-audio%2F&amp;title=El+%C2%ABse%C3%B1or+b%C3%A1squet%C2%BB+tiene+la+palabra+%28Audio%29\">\n<img src=\"http:\/\/labestiadeportiva.com\/lbd\/wp-content\/plugins\/jw-share-this\/twitter.png\" alt=\"Share this page via Twitter\" \/>\n<\/a>\n<\/div>\n","protected":false},"excerpt":{"rendered":"<p>D\u00edas atr\u00e1s realizamos una entrevista exclusiva con el entrenador Oscar \u201cHuevo\u201d S\u00e1nchez. La despedida de la \u201cGeneraci\u00f3n Dorada\u201d en R\u00edo, su reconocimiento y legado, an\u00e1lisis de las selecciones de Espa\u00f1a y Brasil entre los principales temas abordados. El hist\u00f3rico formador confirm\u00f3 que estar\u00e1 en Ushuaia junto a Ricardo Bojanich para dictar su Campus del 7 &hellip; <a href=\"http:\/\/labestiadeportiva.com\/lbd\/el-senor-basquet-tiene-la-palabra-audio\/\" class=\"more-link\">Seguir leyendo <span class=\"screen-reader-text\">El \u00abse\u00f1or b\u00e1squet\u00bb tiene la palabra (Audio)<\/span> <span class=\"meta-nav\">&rarr;<\/span><\/a><\/p>\n","protected":false},"author":1,"featured_media":21437,"comment_status":"open","ping_status":"open","sticky":false,"template":"","format":"standard","meta":[],"categories":[2432,4,6,60,1],"tags":[171,4838,83,1433],"_links":{"self":[{"href":"http:\/\/labestiadeportiva.com\/lbd\/wp-json\/wp\/v2\/posts\/21435"}],"collection":[{"href":"http:\/\/labestiadeportiva.com\/lbd\/wp-json\/wp\/v2\/posts"}],"about":[{"href":"http:\/\/labestiadeportiva.com\/lbd\/wp-json\/wp\/v2\/types\/post"}],"author":[{"embeddable":true,"href":"http:\/\/labestiadeportiva.com\/lbd\/wp-json\/wp\/v2\/users\/1"}],"replies":[{"embeddable":true,"href":"http:\/\/labestiadeportiva.com\/lbd\/wp-json\/wp\/v2\/comments?post=21435"}],"version-history":[{"count":3,"href":"http:\/\/labestiadeportiva.com\/lbd\/wp-json\/wp\/v2\/posts\/21435\/revisions"}],"predecessor-version":[{"id":21447,"href":"http:\/\/labestiadeportiva.com\/lbd\/wp-json\/wp\/v2\/posts\/21435\/revisions\/21447"}],"wp:featuredmedia":[{"embeddable":true,"href":"http:\/\/labestiadeportiva.com\/lbd\/wp-json\/wp\/v2\/media\/21437"}],"wp:attachment":[{"href":"http:\/\/labestiadeportiva.com\/lbd\/wp-json\/wp\/v2\/media?parent=21435"}],"wp:term":[{"taxonomy":"category","embeddable":true,"href":"http:\/\/labestiadeportiva.com\/lbd\/wp-json\/wp\/v2\/categories?post=21435"},{"taxonomy":"post_tag","embeddable":true,"href":"http:\/\/labestiadeportiva.com\/lbd\/wp-json\/wp\/v2\/tags?post=21435"}],"curies":[{"name":"wp","href":"https:\/\/api.w.org\/{rel}","templated":true}]}}