{"id":2144,"date":"2012-12-17T22:05:52","date_gmt":"2012-12-17T22:05:52","guid":{"rendered":"http:\/\/labestiadeportiva.com\/lbd\/?p=2144"},"modified":"2012-12-18T04:18:27","modified_gmt":"2012-12-18T04:18:27","slug":"ushuaienses-en-caleta","status":"publish","type":"post","link":"http:\/\/labestiadeportiva.com\/lbd\/ushuaienses-en-caleta\/","title":{"rendered":"Ushuaienses en Caleta"},"content":{"rendered":"<p><a href=\"http:\/\/labestiadeportiva.com\/lbd\/wp-content\/uploads\/2012\/12\/66778_469124799807169_294263359_n1.jpg\"><img loading=\"lazy\" class=\"alignleft size-medium wp-image-2148\" title=\"66778_469124799807169_294263359_n\" src=\"http:\/\/labestiadeportiva.com\/lbd\/wp-content\/uploads\/2012\/12\/66778_469124799807169_294263359_n1-300x201.jpg\" alt=\"\" width=\"300\" height=\"201\" srcset=\"http:\/\/labestiadeportiva.com\/lbd\/wp-content\/uploads\/2012\/12\/66778_469124799807169_294263359_n1-300x201.jpg 300w, http:\/\/labestiadeportiva.com\/lbd\/wp-content\/uploads\/2012\/12\/66778_469124799807169_294263359_n1.jpg 480w\" sizes=\"(max-width: 300px) 100vw, 300px\" \/><\/a>Los d\u00edas s\u00e1bado 8 y domingo 9 se realiz\u00f3 en el marco del \u201cPlan de Desarrollo Femenino\u201d la captaci\u00f3n y observaci\u00f3n de jugadoras de v\u00f3ley nacidas en los a\u00f1os 1998, 1999 y 2000. Participaron 30 jugadoras de Neuqu\u00e9n, Chubut, Santa Cruz y Tierra del Fuego. La representaci\u00f3n provincial fue a trav\u00e9s de las jugadoras del Colegio Los Andes Abigail Barrera y Agustina Castro, quienes fueron acompa\u00f1adas a Caleta Olivia por el profesor Luis \u201cPulga\u201d Mayal.<!--morePara leer Click Aqu\u00ed--><\/p>\n<p>La organizaci\u00f3n de la actividad estuvo bajo la organizaci\u00f3n de la Federaci\u00f3n Santacruce\u00f1a de Voleibol. Participaron 30 jugadoras provenientes de Picun Leuf\u00fa (Neuqu\u00e9n), Esquel (Chubut), Comodoro Rivadavia (Chubut), Ushuaia (Tierra del Fuego), Puerto Deseado (Santa Cruz), Caleta Olivia (Santa Cruz), El Calafate (Santa Cruz), R\u00edo Gallegos (Santa Cruz) y R\u00edo Turbio (Santa Cruz).<\/p>\n<p>El profesor Enrique M\u00e9ndez Paz, m\u00e1ximo responsable del evento, cont\u00f3 con la colaboraci\u00f3n de las t\u00e9cnicas de la Selecci\u00f3n Sub 14 de la Federaci\u00f3n Santacruce\u00f1a, profesoras Gabriela Iglesias y Daiana Siervo. Se realizaron dos intensas jornadas donde se trabaj\u00f3 con las j\u00f3venes en diferentes aspectos, como as\u00ed tambi\u00e9n se tomaron medidas antropom\u00e9tricas y deportivas.<\/p>\n<p>Asimismo se realizaron charlas abiertas con t\u00e9cnicos y acompa\u00f1antes, donde se dieron los pormenores del plan y aspectos del desarrollo del voleibol femenino en el pa\u00eds y la regi\u00f3n.<\/p>\n<p>Las jugadoras testeadas tendr\u00e1n la posibilidad de seguir formando parte de la capacitaci\u00f3n, pudiendo participar en una instancia superior en un corto o mediano plazo.<\/p>\n<p><a href=\"http:\/\/labestiadeportiva.com\/lbd\/wp-content\/uploads\/2012\/12\/67744_469124396473876_770128254_n.jpg\"><img loading=\"lazy\" class=\"aligncenter size-medium wp-image-2146\" title=\"67744_469124396473876_770128254_n\" src=\"http:\/\/labestiadeportiva.com\/lbd\/wp-content\/uploads\/2012\/12\/67744_469124396473876_770128254_n-300x140.jpg\" alt=\"\" width=\"300\" height=\"140\" srcset=\"http:\/\/labestiadeportiva.com\/lbd\/wp-content\/uploads\/2012\/12\/67744_469124396473876_770128254_n-300x140.jpg 300w, http:\/\/labestiadeportiva.com\/lbd\/wp-content\/uploads\/2012\/12\/67744_469124396473876_770128254_n.jpg 772w\" sizes=\"(max-width: 300px) 100vw, 300px\" \/><\/a><\/p>\n<div class='epvc-post-count'><span class='epvc-eye'><\/span>  <span class=\"epvc-count\"> 1.152<\/span><span class='epvc-label'> veces le\u00edda<\/span><\/div>\n<div class=\"jwsharethis\">\nShare this: \n<br \/>\n<a href=\"mailto:?subject=Ushuaienses%20en%20Caleta&amp;body=http%3A%2F%2Flabestiadeportiva.com%2Flbd%2Fushuaienses-en-caleta%2F\">\n<img src=\"http:\/\/labestiadeportiva.com\/lbd\/wp-content\/plugins\/jw-share-this\/email.png\" alt=\"Share this page via Email\" \/>\n<\/a>\n<a target=\"_blank\" href=\"http:\/\/www.stumbleupon.com\/submit?url=http%3A%2F%2Flabestiadeportiva.com%2Flbd%2Fushuaienses-en-caleta%2F&amp;title=Ushuaienses+en+Caleta\">\n<img src=\"http:\/\/labestiadeportiva.com\/lbd\/wp-content\/plugins\/jw-share-this\/su.png\" alt=\"Share this page via Stumble Upon\" \/>\n<\/a>\n<a target=\"_blank\" href=\"http:\/\/digg.com\/submit?url=http%3A%2F%2Flabestiadeportiva.com%2Flbd%2Fushuaienses-en-caleta%2F&amp;title=Ushuaienses+en+Caleta\">\n<img src=\"http:\/\/labestiadeportiva.com\/lbd\/wp-content\/plugins\/jw-share-this\/digg.png\" alt=\"Share this page via Digg this\" \/>\n<\/a>\n<a target=\"_blank\" href=\"http:\/\/www.facebook.com\/sharer.php?u=http%3A%2F%2Flabestiadeportiva.com%2Flbd%2Fushuaienses-en-caleta%2F&amp;t=Ushuaienses+en+Caleta\">\n<img src=\"http:\/\/labestiadeportiva.com\/lbd\/wp-content\/plugins\/jw-share-this\/fb.png\" alt=\"Share this page via Facebook\" \/>\n<\/a>\n<a target=\"_blank\" href=\"http:\/\/twitter.com\/intent\/tweet?text=I+like+http%3A%2F%2Flabestiadeportiva.com%2Flbd%2Fushuaienses-en-caleta%2F&amp;title=Ushuaienses+en+Caleta\">\n<img src=\"http:\/\/labestiadeportiva.com\/lbd\/wp-content\/plugins\/jw-share-this\/twitter.png\" alt=\"Share this page via Twitter\" \/>\n<\/a>\n<\/div>\n","protected":false},"excerpt":{"rendered":"<p>Los d\u00edas s\u00e1bado 8 y domingo 9 se realiz\u00f3 en el marco del \u201cPlan de Desarrollo Femenino\u201d la captaci\u00f3n y observaci\u00f3n de jugadoras de v\u00f3ley nacidas en los a\u00f1os 1998, 1999 y 2000. Participaron 30 jugadoras de Neuqu\u00e9n, Chubut, Santa Cruz y Tierra del Fuego. La representaci\u00f3n provincial fue a trav\u00e9s de las jugadoras del &hellip; <a href=\"http:\/\/labestiadeportiva.com\/lbd\/ushuaienses-en-caleta\/\" class=\"more-link\">Seguir leyendo <span class=\"screen-reader-text\">Ushuaienses en Caleta<\/span> <span class=\"meta-nav\">&rarr;<\/span><\/a><\/p>\n","protected":false},"author":1,"featured_media":2148,"comment_status":"open","ping_status":"open","sticky":false,"template":"","format":"standard","meta":[],"categories":[5,6,1],"tags":[289,162],"_links":{"self":[{"href":"http:\/\/labestiadeportiva.com\/lbd\/wp-json\/wp\/v2\/posts\/2144"}],"collection":[{"href":"http:\/\/labestiadeportiva.com\/lbd\/wp-json\/wp\/v2\/posts"}],"about":[{"href":"http:\/\/labestiadeportiva.com\/lbd\/wp-json\/wp\/v2\/types\/post"}],"author":[{"embeddable":true,"href":"http:\/\/labestiadeportiva.com\/lbd\/wp-json\/wp\/v2\/users\/1"}],"replies":[{"embeddable":true,"href":"http:\/\/labestiadeportiva.com\/lbd\/wp-json\/wp\/v2\/comments?post=2144"}],"version-history":[{"count":3,"href":"http:\/\/labestiadeportiva.com\/lbd\/wp-json\/wp\/v2\/posts\/2144\/revisions"}],"predecessor-version":[{"id":2152,"href":"http:\/\/labestiadeportiva.com\/lbd\/wp-json\/wp\/v2\/posts\/2144\/revisions\/2152"}],"wp:featuredmedia":[{"embeddable":true,"href":"http:\/\/labestiadeportiva.com\/lbd\/wp-json\/wp\/v2\/media\/2148"}],"wp:attachment":[{"href":"http:\/\/labestiadeportiva.com\/lbd\/wp-json\/wp\/v2\/media?parent=2144"}],"wp:term":[{"taxonomy":"category","embeddable":true,"href":"http:\/\/labestiadeportiva.com\/lbd\/wp-json\/wp\/v2\/categories?post=2144"},{"taxonomy":"post_tag","embeddable":true,"href":"http:\/\/labestiadeportiva.com\/lbd\/wp-json\/wp\/v2\/tags?post=2144"}],"curies":[{"name":"wp","href":"https:\/\/api.w.org\/{rel}","templated":true}]}}