{"id":21448,"date":"2016-09-06T17:07:36","date_gmt":"2016-09-06T20:07:36","guid":{"rendered":"http:\/\/labestiadeportiva.com\/lbd\/?p=21448"},"modified":"2016-09-06T17:07:36","modified_gmt":"2016-09-06T20:07:36","slug":"el-dr-mancuso-en-ushuaia","status":"publish","type":"post","link":"http:\/\/labestiadeportiva.com\/lbd\/el-dr-mancuso-en-ushuaia\/","title":{"rendered":"El Dr. Mancuso en Ushuaia"},"content":{"rendered":"<p><a href=\"http:\/\/labestiadeportiva.com\/lbd\/wp-content\/uploads\/2016\/09\/14202703_1201633433236523_5422454943846844328_n.jpg\"><img loading=\"lazy\" class=\"alignleft size-medium wp-image-21449\" src=\"http:\/\/labestiadeportiva.com\/lbd\/wp-content\/uploads\/2016\/09\/14202703_1201633433236523_5422454943846844328_n-300x165.jpg\" alt=\"14202703_1201633433236523_5422454943846844328_n\" width=\"300\" height=\"165\" srcset=\"http:\/\/labestiadeportiva.com\/lbd\/wp-content\/uploads\/2016\/09\/14202703_1201633433236523_5422454943846844328_n-300x165.jpg 300w, http:\/\/labestiadeportiva.com\/lbd\/wp-content\/uploads\/2016\/09\/14202703_1201633433236523_5422454943846844328_n.jpg 491w\" sizes=\"(max-width: 300px) 100vw, 300px\" \/><\/a>El viernes y s\u00e1bado la URTF recibi\u00f3 la visita del Secretario T\u00e9cnico de Competencias y Desarrollo de la UAR, Dr. Javier Mancuso. El referente nacional de arbitraje realiz\u00f3 actividades te\u00f3rico pr\u00e1cticas junto a los \u00e1rbitros locales.<!--more--><\/p>\n<p>Aprovechamiento al m\u00e1ximo de la llegada de Mancuso a la Tierra del Fuego. Curso World Rugby Nivel 1, charla de manejo en conmoci\u00f3n cerebral, trauma cervical y manejo RCP.<\/p>\n<p>En cuanto a la observaci\u00f3n y correcci\u00f3n de los \u00e1rbitros locales se aprovech\u00f3 la primera jornada local de los Juegos Evita M16 donde los j\u00f3venes de los clubes URC, Las \u00c1guilas y Colegio del Sur se presentaron en la cancha municipal \u201cAgust\u00edn Pichot\u201d.<\/p>\n<p>Desde LBD nos contactamos brevemente con el capacitador quien nos dijo: <span style=\"color: #0000ff;\">\u00abEs una realidad que es dif\u00edcil conseguir \u00e1rbitros. La UAR est\u00e1 trabajando al respecto, capacitando con la nueva figura de Couch, es un nuevo m\u00e9todo de ense\u00f1anza donde grupos de \u00e1rbitros tienen entrenador propio. <\/span><\/p>\n<p><span style=\"color: #0000ff;\">La idea que viene es adoptar m\u00e1s dinamismo al juego, para el 2007 cambiar\u00e1 la puntuaci\u00f3n. Se va a aumentar el valor del try de 5 a 6 puntos de forma que el try convertido tendr\u00e1 el valor de 8 tantos. Se busca la simpleza de las reglas para que la pelota se vea la mayor cantidad de tiempo posible\u00bb. <\/span><\/p>\n<p>Finalmente expres\u00f3: <span style=\"color: #0000ff;\">\u00abHicimos mucho hincapi\u00e9 en la seguridad. Es un tema muy importante que entrenadores, colaboradores y \u00e1rbitros tengan idea sobre conmoci\u00f3n cerebral en el campo, poder detectarla para asistir y retirar al jugador r\u00e1pidamente del juego. Fueron un par de d\u00edas sumamente productivos en todo sentido.\u201d<\/span><\/p>\n<p><a href=\"http:\/\/labestiadeportiva.com\/lbd\/wp-content\/uploads\/2016\/09\/14263973_1201866139879919_6194005472191812151_n.jpg\"><img loading=\"lazy\" class=\"aligncenter size-medium wp-image-21450\" src=\"http:\/\/labestiadeportiva.com\/lbd\/wp-content\/uploads\/2016\/09\/14263973_1201866139879919_6194005472191812151_n-300x214.jpg\" alt=\"14263973_1201866139879919_6194005472191812151_n\" width=\"300\" height=\"214\" srcset=\"http:\/\/labestiadeportiva.com\/lbd\/wp-content\/uploads\/2016\/09\/14263973_1201866139879919_6194005472191812151_n-300x214.jpg 300w, http:\/\/labestiadeportiva.com\/lbd\/wp-content\/uploads\/2016\/09\/14263973_1201866139879919_6194005472191812151_n.jpg 493w\" sizes=\"(max-width: 300px) 100vw, 300px\" \/><\/a><\/p>\n<div class='epvc-post-count'><span class='epvc-eye'><\/span>  <span class=\"epvc-count\"> 1.388<\/span><span class='epvc-label'> veces le\u00edda<\/span><\/div>\n<div class=\"jwsharethis\">\nShare this: \n<br \/>\n<a href=\"mailto:?subject=El%20Dr.%20Mancuso%20en%20Ushuaia&amp;body=http%3A%2F%2Flabestiadeportiva.com%2Flbd%2Fel-dr-mancuso-en-ushuaia%2F\">\n<img src=\"http:\/\/labestiadeportiva.com\/lbd\/wp-content\/plugins\/jw-share-this\/email.png\" alt=\"Share this page via Email\" \/>\n<\/a>\n<a target=\"_blank\" href=\"http:\/\/www.stumbleupon.com\/submit?url=http%3A%2F%2Flabestiadeportiva.com%2Flbd%2Fel-dr-mancuso-en-ushuaia%2F&amp;title=El+Dr.+Mancuso+en+Ushuaia\">\n<img src=\"http:\/\/labestiadeportiva.com\/lbd\/wp-content\/plugins\/jw-share-this\/su.png\" alt=\"Share this page via Stumble Upon\" \/>\n<\/a>\n<a target=\"_blank\" href=\"http:\/\/digg.com\/submit?url=http%3A%2F%2Flabestiadeportiva.com%2Flbd%2Fel-dr-mancuso-en-ushuaia%2F&amp;title=El+Dr.+Mancuso+en+Ushuaia\">\n<img src=\"http:\/\/labestiadeportiva.com\/lbd\/wp-content\/plugins\/jw-share-this\/digg.png\" alt=\"Share this page via Digg this\" \/>\n<\/a>\n<a target=\"_blank\" href=\"http:\/\/www.facebook.com\/sharer.php?u=http%3A%2F%2Flabestiadeportiva.com%2Flbd%2Fel-dr-mancuso-en-ushuaia%2F&amp;t=El+Dr.+Mancuso+en+Ushuaia\">\n<img src=\"http:\/\/labestiadeportiva.com\/lbd\/wp-content\/plugins\/jw-share-this\/fb.png\" alt=\"Share this page via Facebook\" \/>\n<\/a>\n<a target=\"_blank\" href=\"http:\/\/twitter.com\/intent\/tweet?text=I+like+http%3A%2F%2Flabestiadeportiva.com%2Flbd%2Fel-dr-mancuso-en-ushuaia%2F&amp;title=El+Dr.+Mancuso+en+Ushuaia\">\n<img src=\"http:\/\/labestiadeportiva.com\/lbd\/wp-content\/plugins\/jw-share-this\/twitter.png\" alt=\"Share this page via Twitter\" \/>\n<\/a>\n<\/div>\n","protected":false},"excerpt":{"rendered":"<p>El viernes y s\u00e1bado la URTF recibi\u00f3 la visita del Secretario T\u00e9cnico de Competencias y Desarrollo de la UAR, Dr. Javier Mancuso. El referente nacional de arbitraje realiz\u00f3 actividades te\u00f3rico pr\u00e1cticas junto a los \u00e1rbitros locales. 1.388 veces le\u00edda Share this:<\/p>\n","protected":false},"author":1,"featured_media":21449,"comment_status":"open","ping_status":"open","sticky":false,"template":"","format":"standard","meta":[],"categories":[5,6,1,2461],"tags":[2509,190,1082,191],"_links":{"self":[{"href":"http:\/\/labestiadeportiva.com\/lbd\/wp-json\/wp\/v2\/posts\/21448"}],"collection":[{"href":"http:\/\/labestiadeportiva.com\/lbd\/wp-json\/wp\/v2\/posts"}],"about":[{"href":"http:\/\/labestiadeportiva.com\/lbd\/wp-json\/wp\/v2\/types\/post"}],"author":[{"embeddable":true,"href":"http:\/\/labestiadeportiva.com\/lbd\/wp-json\/wp\/v2\/users\/1"}],"replies":[{"embeddable":true,"href":"http:\/\/labestiadeportiva.com\/lbd\/wp-json\/wp\/v2\/comments?post=21448"}],"version-history":[{"count":2,"href":"http:\/\/labestiadeportiva.com\/lbd\/wp-json\/wp\/v2\/posts\/21448\/revisions"}],"predecessor-version":[{"id":21455,"href":"http:\/\/labestiadeportiva.com\/lbd\/wp-json\/wp\/v2\/posts\/21448\/revisions\/21455"}],"wp:featuredmedia":[{"embeddable":true,"href":"http:\/\/labestiadeportiva.com\/lbd\/wp-json\/wp\/v2\/media\/21449"}],"wp:attachment":[{"href":"http:\/\/labestiadeportiva.com\/lbd\/wp-json\/wp\/v2\/media?parent=21448"}],"wp:term":[{"taxonomy":"category","embeddable":true,"href":"http:\/\/labestiadeportiva.com\/lbd\/wp-json\/wp\/v2\/categories?post=21448"},{"taxonomy":"post_tag","embeddable":true,"href":"http:\/\/labestiadeportiva.com\/lbd\/wp-json\/wp\/v2\/tags?post=21448"}],"curies":[{"name":"wp","href":"https:\/\/api.w.org\/{rel}","templated":true}]}}