{"id":2160,"date":"2012-12-19T13:50:54","date_gmt":"2012-12-19T13:50:54","guid":{"rendered":"http:\/\/labestiadeportiva.com\/lbd\/?p=2160"},"modified":"2012-12-19T16:39:58","modified_gmt":"2012-12-19T16:39:58","slug":"mendero-cuello-y-oliva-ganaron-el-desafio-del-andino","status":"publish","type":"post","link":"http:\/\/labestiadeportiva.com\/lbd\/mendero-cuello-y-oliva-ganaron-el-desafio-del-andino\/","title":{"rendered":"Mendero, Cuello y Oliva ganaron el \u201cDesaf\u00edo del Andino\u201d"},"content":{"rendered":"<p><a href=\"http:\/\/labestiadeportiva.com\/lbd\/wp-content\/uploads\/2012\/12\/100_3173.jpg\"><img loading=\"lazy\" class=\"alignleft size-medium wp-image-2168\" title=\"100_3173\" src=\"http:\/\/labestiadeportiva.com\/lbd\/wp-content\/uploads\/2012\/12\/100_3173-300x230.jpg\" alt=\"\" width=\"300\" height=\"230\" srcset=\"http:\/\/labestiadeportiva.com\/lbd\/wp-content\/uploads\/2012\/12\/100_3173-300x230.jpg 300w, http:\/\/labestiadeportiva.com\/lbd\/wp-content\/uploads\/2012\/12\/100_3173.jpg 626w\" sizes=\"(max-width: 300px) 100vw, 300px\" \/><\/a>Con la organizaci\u00f3n de la Agrupaci\u00f3n Marr\u00f3n DH el pasado domingo se realiz\u00f3 la prueba de Downhill de la cual participaron 15 deportistas. El circuito uni\u00f3 la vieja pista ushuaiense desde su sector alto hasta la zona de acampe. Dos mangas para los osados pilotos que debieron sortear un circuito lleno de dificultades a los que se les sum\u00f3 el estado del piso sumamente resbaladizo por la lluvia ca\u00edda antes y durante la prueba.<!--morePara leer Click Aqu\u00ed--><\/p>\n<p>En un primer momento se inform\u00f3 que este fin de semana ser\u00eda el cierre del campeonato de la disciplina aunque finalmente la acci\u00f3n que estuvo organizada por los muchachos de la Agrupaci\u00f3n Marr\u00f3n DH fue catalogada como prueba desaf\u00edo, quedando el cierre de la competici\u00f3n por parte de ACME (Asociaci\u00f3n Cicl\u00edstica Mountain Bike Extremo) para el mes de febrero.<\/p>\n<p>Por segunda vez consecutiva el lugar elegido fue el Camping del Andino, aunque en esta oportunidad el circuito diagramado fue totalmente diferente y cont\u00f3 con un par de interesantes saltos que superaban largamente el metro y medio de altura.<\/p>\n<p><a href=\"http:\/\/labestiadeportiva.com\/lbd\/wp-content\/uploads\/2012\/12\/MG_06211.jpg\"><img loading=\"lazy\" class=\"aligncenter size-medium wp-image-2170\" title=\"_MG_0621\" src=\"http:\/\/labestiadeportiva.com\/lbd\/wp-content\/uploads\/2012\/12\/MG_06211-300x200.jpg\" alt=\"\" width=\"300\" height=\"200\" srcset=\"http:\/\/labestiadeportiva.com\/lbd\/wp-content\/uploads\/2012\/12\/MG_06211-300x200.jpg 300w, http:\/\/labestiadeportiva.com\/lbd\/wp-content\/uploads\/2012\/12\/MG_06211.jpg 640w\" sizes=\"(max-width: 300px) 100vw, 300px\" \/><\/a>El vencedor del segmento semirr\u00edgidas menor, corredores de 12 a 15 a\u00f1os de edad, fue Sheridan Mendero quien con una veloz segunda bajada super\u00f3 el mejor tiempo de Mat\u00edas Zuluaga establecido en la primera manga.<\/p>\n<p>En semirr\u00edgidas mayor suced\u00eda algo similar Nicol\u00e1s Oliva obten\u00eda el mejor tiempo producto de una gran segunda manga aventajando a Miguel Snaider el mejor de la primera bajada.<\/p>\n<p>Finalmente en el segmento doble suspensi\u00f3n el accidentado Cristian Cuello, quien sufri\u00f3 un fuera de pista en la primera serie ganada por Alejandro Vel\u00e1zquez, mejor\u00f3 a tal punto en su segundo intento que fue el ganador de la categor\u00eda.<\/p>\n<p>La jornada cont\u00f3n con los corredores Martin Navas y Sheridan David Mendero de la ciudad de R\u00edo Grande como as\u00ed tambi\u00e9n los santacruce\u00f1os Nelson Tejada y Alejandro Mor\u00e1n oriundos de la localidad de R\u00edo Turbio.<\/p>\n<p>Buena presentaci\u00f3n de la gente del Downhill quien a pesar de la lluvia se anim\u00f3 a volar por el bosque, lamentablemente la gran cantidad de barro en el circuito atent\u00f3 contra la baja de tiempos.<\/p>\n<p>Despedida de temporada para la disciplina que a\u00f1o tras a\u00f1o suma adeptos principalmente en el segmento infanto juvenil.<\/p>\n<p><a href=\"http:\/\/labestiadeportiva.com\/lbd\/wp-content\/uploads\/2012\/12\/MG_0620.jpg\"><img loading=\"lazy\" class=\"aligncenter size-medium wp-image-2162\" title=\"_MG_0620\" src=\"http:\/\/labestiadeportiva.com\/lbd\/wp-content\/uploads\/2012\/12\/MG_0620-300x200.jpg\" alt=\"\" width=\"300\" height=\"200\" srcset=\"http:\/\/labestiadeportiva.com\/lbd\/wp-content\/uploads\/2012\/12\/MG_0620-300x200.jpg 300w, http:\/\/labestiadeportiva.com\/lbd\/wp-content\/uploads\/2012\/12\/MG_0620.jpg 640w\" sizes=\"(max-width: 300px) 100vw, 300px\" \/><\/a><\/p>\n<p><span style=\"color: #0000ff;\">Los podios por categor\u00edas<\/span><br \/>\nSemirr\u00edgidas Menor<br \/>\n<span style=\"color: #ff0000;\">1\u00b0 Sheridan Mendero (2\u00b442\u00b4\u00b440)<\/span><br \/>\n2\u00b0 Mat\u00edas Zuluaga<br \/>\n3\u00b0 Jos\u00e9 Mu\u00f1oz<br \/>\nSemirr\u00edgidas Mayor<br \/>\n<span style=\"color: #ff0000;\">1\u00b0 Nicol\u00e1s Oliva (2\u00b416\u00b4\u00b400)<\/span><br \/>\n2\u00b0 Miguel Snaider<br \/>\n3\u00b0 Rodrigo Ponce<br \/>\nDoble Suspensi\u00f3n<br \/>\n<span style=\"color: #ff0000;\">1\u00b0 Cristian Cuello (1\u00b450\u00b4\u00b423)<\/span><br \/>\n2\u00b0 Alejandro Vel\u00e1zquez<br \/>\n3\u00b0 Mart\u00edn Navas<\/p>\n<div class='epvc-post-count'><span class='epvc-eye'><\/span>  <span class=\"epvc-count\"> 1.326<\/span><span class='epvc-label'> veces le\u00edda<\/span><\/div>\n<div class=\"jwsharethis\">\nShare this: \n<br \/>\n<a href=\"mailto:?subject=Mendero%2C%20Cuello%20y%20Oliva%20ganaron%20el%20%E2%80%9CDesaf%C3%ADo%20del%20Andino%E2%80%9D&amp;body=http%3A%2F%2Flabestiadeportiva.com%2Flbd%2Fmendero-cuello-y-oliva-ganaron-el-desafio-del-andino%2F\">\n<img src=\"http:\/\/labestiadeportiva.com\/lbd\/wp-content\/plugins\/jw-share-this\/email.png\" alt=\"Share this page via Email\" \/>\n<\/a>\n<a target=\"_blank\" href=\"http:\/\/www.stumbleupon.com\/submit?url=http%3A%2F%2Flabestiadeportiva.com%2Flbd%2Fmendero-cuello-y-oliva-ganaron-el-desafio-del-andino%2F&amp;title=Mendero%2C+Cuello+y+Oliva+ganaron+el+%E2%80%9CDesaf%C3%ADo+del+Andino%E2%80%9D\">\n<img src=\"http:\/\/labestiadeportiva.com\/lbd\/wp-content\/plugins\/jw-share-this\/su.png\" alt=\"Share this page via Stumble Upon\" \/>\n<\/a>\n<a target=\"_blank\" href=\"http:\/\/digg.com\/submit?url=http%3A%2F%2Flabestiadeportiva.com%2Flbd%2Fmendero-cuello-y-oliva-ganaron-el-desafio-del-andino%2F&amp;title=Mendero%2C+Cuello+y+Oliva+ganaron+el+%E2%80%9CDesaf%C3%ADo+del+Andino%E2%80%9D\">\n<img src=\"http:\/\/labestiadeportiva.com\/lbd\/wp-content\/plugins\/jw-share-this\/digg.png\" alt=\"Share this page via Digg this\" \/>\n<\/a>\n<a target=\"_blank\" href=\"http:\/\/www.facebook.com\/sharer.php?u=http%3A%2F%2Flabestiadeportiva.com%2Flbd%2Fmendero-cuello-y-oliva-ganaron-el-desafio-del-andino%2F&amp;t=Mendero%2C+Cuello+y+Oliva+ganaron+el+%E2%80%9CDesaf%C3%ADo+del+Andino%E2%80%9D\">\n<img src=\"http:\/\/labestiadeportiva.com\/lbd\/wp-content\/plugins\/jw-share-this\/fb.png\" alt=\"Share this page via Facebook\" \/>\n<\/a>\n<a target=\"_blank\" href=\"http:\/\/twitter.com\/intent\/tweet?text=I+like+http%3A%2F%2Flabestiadeportiva.com%2Flbd%2Fmendero-cuello-y-oliva-ganaron-el-desafio-del-andino%2F&amp;title=Mendero%2C+Cuello+y+Oliva+ganaron+el+%E2%80%9CDesaf%C3%ADo+del+Andino%E2%80%9D\">\n<img src=\"http:\/\/labestiadeportiva.com\/lbd\/wp-content\/plugins\/jw-share-this\/twitter.png\" alt=\"Share this page via Twitter\" \/>\n<\/a>\n<\/div>\n","protected":false},"excerpt":{"rendered":"<p>Con la organizaci\u00f3n de la Agrupaci\u00f3n Marr\u00f3n DH el pasado domingo se realiz\u00f3 la prueba de Downhill de la cual participaron 15 deportistas. El circuito uni\u00f3 la vieja pista ushuaiense desde su sector alto hasta la zona de acampe. Dos mangas para los osados pilotos que debieron sortear un circuito lleno de dificultades a los &hellip; <a href=\"http:\/\/labestiadeportiva.com\/lbd\/mendero-cuello-y-oliva-ganaron-el-desafio-del-andino\/\" class=\"more-link\">Seguir leyendo <span class=\"screen-reader-text\">Mendero, Cuello y Oliva ganaron el \u201cDesaf\u00edo del Andino\u201d<\/span> <span class=\"meta-nav\">&rarr;<\/span><\/a><\/p>\n","protected":false},"author":1,"featured_media":2168,"comment_status":"open","ping_status":"open","sticky":false,"template":"","format":"standard","meta":[],"categories":[5,1],"tags":[291,170],"_links":{"self":[{"href":"http:\/\/labestiadeportiva.com\/lbd\/wp-json\/wp\/v2\/posts\/2160"}],"collection":[{"href":"http:\/\/labestiadeportiva.com\/lbd\/wp-json\/wp\/v2\/posts"}],"about":[{"href":"http:\/\/labestiadeportiva.com\/lbd\/wp-json\/wp\/v2\/types\/post"}],"author":[{"embeddable":true,"href":"http:\/\/labestiadeportiva.com\/lbd\/wp-json\/wp\/v2\/users\/1"}],"replies":[{"embeddable":true,"href":"http:\/\/labestiadeportiva.com\/lbd\/wp-json\/wp\/v2\/comments?post=2160"}],"version-history":[{"count":7,"href":"http:\/\/labestiadeportiva.com\/lbd\/wp-json\/wp\/v2\/posts\/2160\/revisions"}],"predecessor-version":[{"id":2173,"href":"http:\/\/labestiadeportiva.com\/lbd\/wp-json\/wp\/v2\/posts\/2160\/revisions\/2173"}],"wp:featuredmedia":[{"embeddable":true,"href":"http:\/\/labestiadeportiva.com\/lbd\/wp-json\/wp\/v2\/media\/2168"}],"wp:attachment":[{"href":"http:\/\/labestiadeportiva.com\/lbd\/wp-json\/wp\/v2\/media?parent=2160"}],"wp:term":[{"taxonomy":"category","embeddable":true,"href":"http:\/\/labestiadeportiva.com\/lbd\/wp-json\/wp\/v2\/categories?post=2160"},{"taxonomy":"post_tag","embeddable":true,"href":"http:\/\/labestiadeportiva.com\/lbd\/wp-json\/wp\/v2\/tags?post=2160"}],"curies":[{"name":"wp","href":"https:\/\/api.w.org\/{rel}","templated":true}]}}