{"id":2174,"date":"2012-12-19T19:21:39","date_gmt":"2012-12-19T19:21:39","guid":{"rendered":"http:\/\/labestiadeportiva.com\/lbd\/?p=2174"},"modified":"2012-12-19T19:21:39","modified_gmt":"2012-12-19T19:21:39","slug":"vikingo-y-yagan-en-el-cierre-del-ano","status":"publish","type":"post","link":"http:\/\/labestiadeportiva.com\/lbd\/vikingo-y-yagan-en-el-cierre-del-ano\/","title":{"rendered":"Vikingo y Yagan en el cierre del a\u00f1o"},"content":{"rendered":"<p><a href=\"http:\/\/labestiadeportiva.com\/lbd\/wp-content\/uploads\/2012\/12\/MG_0578.jpg\"><img loading=\"lazy\" class=\"alignleft size-medium wp-image-2175\" title=\"_MG_0578\" src=\"http:\/\/labestiadeportiva.com\/lbd\/wp-content\/uploads\/2012\/12\/MG_0578-300x136.jpg\" alt=\"\" width=\"300\" height=\"136\" srcset=\"http:\/\/labestiadeportiva.com\/lbd\/wp-content\/uploads\/2012\/12\/MG_0578-300x136.jpg 300w, http:\/\/labestiadeportiva.com\/lbd\/wp-content\/uploads\/2012\/12\/MG_0578.jpg 640w\" sizes=\"(max-width: 300px) 100vw, 300px\" \/><\/a>El s\u00e1bado por la tarde se disput\u00f3 la \u00faltima regata de la temporada comprendida en el Campeonato Fueguino de Vela organizado por el AFASyN. Las embarcaciones Vikingo y Yagan de la clase mayor y menor respectivamente lograron la victoria mientras que la cinta azul le correspondi\u00f3 al Kren. El inicio de la competencia 2013 ser\u00e1 a partir del mes de marzo.<!--morePara leer Click Aqu\u00ed--><\/p>\n<p>La competencia n\u00e1utica se denomin\u00f3 \u201cPaseo de Fuego\u201d y se disput\u00f3 en aguas de la bah\u00eda frente al paseo de compras ubicado en la avenida Perito Moreno.<\/p>\n<p>14 embarcaciones fueron de la partida, 10 de ellas en la clase mayor. El premio cinta azul, para la primera embarcaci\u00f3n en cruzar la l\u00ednea de llegada,\u00a0 le correspondi\u00f3 al Kren. El vencedor de la clase mayor fue el vikingo mientas que en el poco concurrido segmento de los phantom qued\u00f3 para el Yagan.<\/p>\n<p>Culmina de esta forma la competencia n\u00e1utica oficial, la temporada ha sido la de m\u00e1s regatas de los \u00faltimos a\u00f1os.<\/p>\n<p>Desde la Asociaci\u00f3n Fueguina de Actividades Subacu\u00e1ticas y N\u00e1uticas se inform\u00f3 que la temporada 2013 comenzar\u00e1 en el mes de marzo con la regata \u201cHomenaje a Guillermo Brown\u201d.<\/p>\n<p><a href=\"http:\/\/labestiadeportiva.com\/lbd\/wp-content\/uploads\/2012\/12\/MG_0581.jpg\"><img loading=\"lazy\" class=\"aligncenter size-medium wp-image-2176\" title=\"_MG_0581\" src=\"http:\/\/labestiadeportiva.com\/lbd\/wp-content\/uploads\/2012\/12\/MG_0581-300x135.jpg\" alt=\"\" width=\"300\" height=\"135\" srcset=\"http:\/\/labestiadeportiva.com\/lbd\/wp-content\/uploads\/2012\/12\/MG_0581-300x135.jpg 300w, http:\/\/labestiadeportiva.com\/lbd\/wp-content\/uploads\/2012\/12\/MG_0581.jpg 640w\" sizes=\"(max-width: 300px) 100vw, 300px\" \/><\/a><span style=\"color: #0000ff;\">Regata Paseo del Fuego<\/span><br \/>\nFecha: 15\/12\/12 Largada: 13:45<br \/>\nPremio Cinta Azul: KREN 01:23:24<br \/>\nPrimer Velero en cruzar la linea de LLegada<br \/>\nClase Mayor<br \/>\n&#8212;&#8212;&#8212;&#8212;&#8212;&#8212;&#8212;&#8212;&#8212;&#8212;&#8212;&#8212;&#8212;&#8212;&#8212;&#8212;&#8212;&#8212;&#8212;&#8212;&#8212;&#8212;&#8212;&#8212;&#8212;&#8212;&#8211;<br \/>\nPos. Nombre del Velero Rating Llegada T. Real Corregido Clas Puntos<br \/>\n&#8212;&#8212;&#8212;&#8212;&#8212;&#8212;&#8212;&#8212;&#8212;&#8212;&#8212;&#8212;&#8212;&#8212;&#8212;&#8212;&#8212;&#8212;&#8212;&#8212;&#8212;&#8212;&#8212;&#8212;&#8212;&#8212;&#8211;<br \/>\n<span style=\"color: #ff0000;\">1 VIKINGO 0.6993 15:11:48 01:26:48 01:00:41 A 0.00<\/span><br \/>\n2 KREN 0.7364 15:08:24 01:23:24 01:01:24 A 3.00<br \/>\n3 ASTRID 0.6342 15:22:00 01:37:00 01:01:31 A 5.70<br \/>\n4 KLEWEL 0.7364 15:15:31 01:30:31 01:06:39 A 8.00<br \/>\n5 MALACARA 0.6625 15:26:25 01:41:25 01:07:11 A 10.00<br \/>\n6 IRENE 0.7269 15:18:55 01:33:55 01:08:16 A 11.70<br \/>\n7 HORIZONTE 0.6843 15:29:23 01:44:23 01:11:25 A 13.00<br \/>\n8 BUEN CHICO 0.7280 15:24:25 01:39:25 01:12:22 A 14.00<br \/>\n9 TRINIDAD II 0.6524 15:43:50 01:58:50 01:17:31 A 15.00<br \/>\n10 ALVERE 0.7364 16:00:44 02:15:44 01:39:57 A 16.00<br \/>\n&#8212;&#8212;&#8212;&#8212;&#8212;&#8212;&#8212;&#8212;&#8212;&#8212;&#8212;&#8212;&#8212;&#8212;&#8212;&#8212;&#8212;&#8212;&#8212;&#8212;&#8212;&#8212;&#8212;&#8212;&#8212;&#8212;&#8211;<br \/>\nClase Menor<br \/>\n&#8212;&#8212;&#8212;&#8212;&#8212;&#8212;&#8212;&#8212;&#8212;&#8212;&#8212;&#8212;&#8212;&#8212;&#8212;&#8212;&#8212;&#8212;&#8212;&#8212;&#8212;&#8212;&#8212;&#8212;&#8212;&#8212;&#8211;<br \/>\nPos. Nombre del Velero Rating LLegada T. Real Corregido Clas Puntos<br \/>\n&#8212;&#8212;&#8212;&#8212;&#8212;&#8212;&#8212;&#8212;&#8212;&#8212;&#8212;&#8212;&#8212;&#8212;&#8212;&#8212;&#8212;&#8212;&#8212;&#8212;&#8212;&#8212;&#8212;&#8212;&#8212;&#8212;&#8211;<br \/>\n<span style=\"color: #ff0000;\">1 YAGAN 0.5778 15:20:39 01:35:39 00:55:15 B 0.00<\/span><br \/>\n2 NEVADA 0.5778 15:31:56 01:46:56 01:01:47 B 3.00<br \/>\n3 PIRA PITA 0.5778 15:34:27 01:49:27 01:03:14 B 5.70<br \/>\n4 FI 55 SUR 0.5778 D. N. F. B 8.00<br \/>\n&#8212;&#8212;&#8212;&#8212;&#8212;&#8212;&#8212;&#8212;&#8212;&#8212;&#8212;&#8212;&#8212;&#8212;&#8212;&#8212;&#8212;&#8212;&#8212;&#8212;&#8212;&#8212;&#8212;&#8212;&#8212;&#8212;&#8211;<\/p>\n<p><a href=\"http:\/\/labestiadeportiva.com\/lbd\/wp-content\/uploads\/2012\/12\/MG_0585.jpg\"><img loading=\"lazy\" class=\"aligncenter size-medium wp-image-2177\" title=\"_MG_0585\" src=\"http:\/\/labestiadeportiva.com\/lbd\/wp-content\/uploads\/2012\/12\/MG_0585-300x134.jpg\" alt=\"\" width=\"300\" height=\"134\" srcset=\"http:\/\/labestiadeportiva.com\/lbd\/wp-content\/uploads\/2012\/12\/MG_0585-300x134.jpg 300w, http:\/\/labestiadeportiva.com\/lbd\/wp-content\/uploads\/2012\/12\/MG_0585.jpg 640w\" sizes=\"(max-width: 300px) 100vw, 300px\" \/><\/a><\/p>\n<p>&nbsp;<\/p>\n<div class='epvc-post-count'><span class='epvc-eye'><\/span>  <span class=\"epvc-count\"> 1.035<\/span><span class='epvc-label'> veces le\u00edda<\/span><\/div>\n<div class=\"jwsharethis\">\nShare this: \n<br \/>\n<a href=\"mailto:?subject=Vikingo%20y%20Yagan%20en%20el%20cierre%20del%20a%C3%B1o&amp;body=http%3A%2F%2Flabestiadeportiva.com%2Flbd%2Fvikingo-y-yagan-en-el-cierre-del-ano%2F\">\n<img src=\"http:\/\/labestiadeportiva.com\/lbd\/wp-content\/plugins\/jw-share-this\/email.png\" alt=\"Share this page via Email\" \/>\n<\/a>\n<a target=\"_blank\" href=\"http:\/\/www.stumbleupon.com\/submit?url=http%3A%2F%2Flabestiadeportiva.com%2Flbd%2Fvikingo-y-yagan-en-el-cierre-del-ano%2F&amp;title=Vikingo+y+Yagan+en+el+cierre+del+a%C3%B1o\">\n<img src=\"http:\/\/labestiadeportiva.com\/lbd\/wp-content\/plugins\/jw-share-this\/su.png\" alt=\"Share this page via Stumble Upon\" \/>\n<\/a>\n<a target=\"_blank\" href=\"http:\/\/digg.com\/submit?url=http%3A%2F%2Flabestiadeportiva.com%2Flbd%2Fvikingo-y-yagan-en-el-cierre-del-ano%2F&amp;title=Vikingo+y+Yagan+en+el+cierre+del+a%C3%B1o\">\n<img src=\"http:\/\/labestiadeportiva.com\/lbd\/wp-content\/plugins\/jw-share-this\/digg.png\" alt=\"Share this page via Digg this\" \/>\n<\/a>\n<a target=\"_blank\" href=\"http:\/\/www.facebook.com\/sharer.php?u=http%3A%2F%2Flabestiadeportiva.com%2Flbd%2Fvikingo-y-yagan-en-el-cierre-del-ano%2F&amp;t=Vikingo+y+Yagan+en+el+cierre+del+a%C3%B1o\">\n<img src=\"http:\/\/labestiadeportiva.com\/lbd\/wp-content\/plugins\/jw-share-this\/fb.png\" alt=\"Share this page via Facebook\" \/>\n<\/a>\n<a target=\"_blank\" href=\"http:\/\/twitter.com\/intent\/tweet?text=I+like+http%3A%2F%2Flabestiadeportiva.com%2Flbd%2Fvikingo-y-yagan-en-el-cierre-del-ano%2F&amp;title=Vikingo+y+Yagan+en+el+cierre+del+a%C3%B1o\">\n<img src=\"http:\/\/labestiadeportiva.com\/lbd\/wp-content\/plugins\/jw-share-this\/twitter.png\" alt=\"Share this page via Twitter\" \/>\n<\/a>\n<\/div>\n","protected":false},"excerpt":{"rendered":"<p>El s\u00e1bado por la tarde se disput\u00f3 la \u00faltima regata de la temporada comprendida en el Campeonato Fueguino de Vela organizado por el AFASyN. Las embarcaciones Vikingo y Yagan de la clase mayor y menor respectivamente lograron la victoria mientras que la cinta azul le correspondi\u00f3 al Kren. El inicio de la competencia 2013 ser\u00e1 &hellip; <a href=\"http:\/\/labestiadeportiva.com\/lbd\/vikingo-y-yagan-en-el-cierre-del-ano\/\" class=\"more-link\">Seguir leyendo <span class=\"screen-reader-text\">Vikingo y Yagan en el cierre del a\u00f1o<\/span> <span class=\"meta-nav\">&rarr;<\/span><\/a><\/p>\n","protected":false},"author":1,"featured_media":2175,"comment_status":"open","ping_status":"open","sticky":false,"template":"","format":"standard","meta":[],"categories":[5,1],"tags":[293,292,196],"_links":{"self":[{"href":"http:\/\/labestiadeportiva.com\/lbd\/wp-json\/wp\/v2\/posts\/2174"}],"collection":[{"href":"http:\/\/labestiadeportiva.com\/lbd\/wp-json\/wp\/v2\/posts"}],"about":[{"href":"http:\/\/labestiadeportiva.com\/lbd\/wp-json\/wp\/v2\/types\/post"}],"author":[{"embeddable":true,"href":"http:\/\/labestiadeportiva.com\/lbd\/wp-json\/wp\/v2\/users\/1"}],"replies":[{"embeddable":true,"href":"http:\/\/labestiadeportiva.com\/lbd\/wp-json\/wp\/v2\/comments?post=2174"}],"version-history":[{"count":1,"href":"http:\/\/labestiadeportiva.com\/lbd\/wp-json\/wp\/v2\/posts\/2174\/revisions"}],"predecessor-version":[{"id":2178,"href":"http:\/\/labestiadeportiva.com\/lbd\/wp-json\/wp\/v2\/posts\/2174\/revisions\/2178"}],"wp:featuredmedia":[{"embeddable":true,"href":"http:\/\/labestiadeportiva.com\/lbd\/wp-json\/wp\/v2\/media\/2175"}],"wp:attachment":[{"href":"http:\/\/labestiadeportiva.com\/lbd\/wp-json\/wp\/v2\/media?parent=2174"}],"wp:term":[{"taxonomy":"category","embeddable":true,"href":"http:\/\/labestiadeportiva.com\/lbd\/wp-json\/wp\/v2\/categories?post=2174"},{"taxonomy":"post_tag","embeddable":true,"href":"http:\/\/labestiadeportiva.com\/lbd\/wp-json\/wp\/v2\/tags?post=2174"}],"curies":[{"name":"wp","href":"https:\/\/api.w.org\/{rel}","templated":true}]}}