{"id":2203,"date":"2012-12-22T02:00:54","date_gmt":"2012-12-22T02:00:54","guid":{"rendered":"http:\/\/labestiadeportiva.com\/lbd\/?p=2203"},"modified":"2012-12-22T02:01:57","modified_gmt":"2012-12-22T02:01:57","slug":"1-2-y-tricampeonato","status":"publish","type":"post","link":"http:\/\/labestiadeportiva.com\/lbd\/1-2-y-tricampeonato\/","title":{"rendered":"1-2 y tricampeonato"},"content":{"rendered":"<p><em>Por Mauricio Zentner Lavori (Corresponsal LBD en Buenos Aires)<\/em><\/p>\n<p>El pasado fin de semana se llev\u00f3 a cabo la \u00faltima fecha del Provincial organizado en conjunto por AMU y MCRG en el trazado de Punta Mar\u00eda con grandes resultados para el HZ Racing Team. Tom\u00e1s Zentner Lavori se consagr\u00f3 tricampe\u00f3n en ATV Pro A escoltado en pista por Manuel mientras que Santiago concret\u00f3 el bicampeonato en la Pro B.<\/p>\n<figure id=\"attachment_2204\" aria-describedby=\"caption-attachment-2204\" style=\"width: 570px\" class=\"wp-caption aligncenter\"><a href=\"http:\/\/labestiadeportiva.com\/lbd\/wp-content\/uploads\/2012\/12\/MZL-2.jpg\"><img loading=\"lazy\" class=\"wp-image-2204 \" title=\"HZ\" src=\"http:\/\/labestiadeportiva.com\/lbd\/wp-content\/uploads\/2012\/12\/MZL-2.jpg\" alt=\"\" width=\"570\" height=\"210\" srcset=\"http:\/\/labestiadeportiva.com\/lbd\/wp-content\/uploads\/2012\/12\/MZL-2.jpg 950w, http:\/\/labestiadeportiva.com\/lbd\/wp-content\/uploads\/2012\/12\/MZL-2-300x110.jpg 300w\" sizes=\"(max-width: 570px) 100vw, 570px\" \/><\/a><figcaption id=\"caption-attachment-2204\" class=\"wp-caption-text\">Foto: Motorview<\/figcaption><\/figure>\n<p><!--moreLeer nota completa--><br \/>\nLa categor\u00eda de mayor jerarqu\u00eda a nivel cuatriciclos de la provincia es, sin lugar a dudas, la ATV Pro A. All\u00ed el piloto m\u00e1s experimentado del equipo, Tom\u00e1s Zentner Lavori, ven\u00eda de obtener el bicampeonato durante las temporadas anteriores y en este 2012 buscaba cerrar un a\u00f1o perfecto tras el noveno lugar en la general del Enduro del Verano y el triunfo contundente en la Vuelta a la Tierra del Fuego.<\/p>\n<p>S\u00f3lo necesitaba el \u201cTri\u201d para culminar doce meses dif\u00edciles de olvidar y no dud\u00f3 en acelerar desde el arranque para ir en busca de su objetivo.<\/p>\n<p>En la primera vuelta le sac\u00f3 veinte segundos a su rival inmediato en el certamen, Mart\u00edn Bronzovich, y luego se vio beneficiado por inconvenientes en la unidad de \u00e9ste para encaminarse sin problemas al t\u00edtulo y la victoria.<\/p>\n<p>Adem\u00e1s de consagrarse tricampe\u00f3n, el m\u00e1s experimentado de los tres pilotos que integran el HZ fue escoltado, en su retorno de la Capital Federal por Manuel, qui\u00e9n complet\u00f3 el 1-2 en la fecha y el 1-3 en las posiciones finales del certamen.<\/p>\n<p>En tanto Santiago, el menor de todos y quiz\u00e1s el de mayor proyecci\u00f3n a futuro se consagr\u00f3 en ATV Pro B sin correr. Mart\u00edn C\u00e1rdenas, el \u00fanico que pod\u00eda arrebatarle el cetro, no pudo ser de la partida dejando todo a merced de qui\u00e9n supo obtener un tercer lugar la primera vez que toc\u00f3 arena en Villa Gesell en el marco de la Cat. Promocional.<\/p>\n<p>En el horizonte pr\u00f3ximo aparece una nueva edici\u00f3n de Le Touquet, nada m\u00e1s ni nada menos cuando se cumplen veinte a\u00f1os desde la inauguraci\u00f3n de la carrera m\u00e1s convocante de Sudam\u00e9rica, y los capitalinos buscar\u00e1n seguir representando de la mejor forma la bandera fueguina.<\/p>\n<figure id=\"attachment_2205\" aria-describedby=\"caption-attachment-2205\" style=\"width: 570px\" class=\"wp-caption aligncenter\"><a href=\"http:\/\/labestiadeportiva.com\/lbd\/wp-content\/uploads\/2012\/12\/MZL.jpg\"><img loading=\"lazy\" class=\" wp-image-2205 \" title=\"HZ 2\" src=\"http:\/\/labestiadeportiva.com\/lbd\/wp-content\/uploads\/2012\/12\/MZL.jpg\" alt=\"\" width=\"570\" height=\"210\" srcset=\"http:\/\/labestiadeportiva.com\/lbd\/wp-content\/uploads\/2012\/12\/MZL.jpg 950w, http:\/\/labestiadeportiva.com\/lbd\/wp-content\/uploads\/2012\/12\/MZL-300x110.jpg 300w\" sizes=\"(max-width: 570px) 100vw, 570px\" \/><\/a><figcaption id=\"caption-attachment-2205\" class=\"wp-caption-text\">Foto: Motorview<\/figcaption><\/figure>\n<div class='epvc-post-count'><span class='epvc-eye'><\/span>  <span class=\"epvc-count\"> 1.010<\/span><span class='epvc-label'> veces le\u00edda<\/span><\/div>\n<div class=\"jwsharethis\">\nShare this: \n<br \/>\n<a href=\"mailto:?subject=1-2%20y%20tricampeonato&amp;body=http%3A%2F%2Flabestiadeportiva.com%2Flbd%2F1-2-y-tricampeonato%2F\">\n<img src=\"http:\/\/labestiadeportiva.com\/lbd\/wp-content\/plugins\/jw-share-this\/email.png\" alt=\"Share this page via Email\" \/>\n<\/a>\n<a target=\"_blank\" href=\"http:\/\/www.stumbleupon.com\/submit?url=http%3A%2F%2Flabestiadeportiva.com%2Flbd%2F1-2-y-tricampeonato%2F&amp;title=1-2+y+tricampeonato\">\n<img src=\"http:\/\/labestiadeportiva.com\/lbd\/wp-content\/plugins\/jw-share-this\/su.png\" alt=\"Share this page via Stumble Upon\" \/>\n<\/a>\n<a target=\"_blank\" href=\"http:\/\/digg.com\/submit?url=http%3A%2F%2Flabestiadeportiva.com%2Flbd%2F1-2-y-tricampeonato%2F&amp;title=1-2+y+tricampeonato\">\n<img src=\"http:\/\/labestiadeportiva.com\/lbd\/wp-content\/plugins\/jw-share-this\/digg.png\" alt=\"Share this page via Digg this\" \/>\n<\/a>\n<a target=\"_blank\" href=\"http:\/\/www.facebook.com\/sharer.php?u=http%3A%2F%2Flabestiadeportiva.com%2Flbd%2F1-2-y-tricampeonato%2F&amp;t=1-2+y+tricampeonato\">\n<img src=\"http:\/\/labestiadeportiva.com\/lbd\/wp-content\/plugins\/jw-share-this\/fb.png\" alt=\"Share this page via Facebook\" \/>\n<\/a>\n<a target=\"_blank\" href=\"http:\/\/twitter.com\/intent\/tweet?text=I+like+http%3A%2F%2Flabestiadeportiva.com%2Flbd%2F1-2-y-tricampeonato%2F&amp;title=1-2+y+tricampeonato\">\n<img src=\"http:\/\/labestiadeportiva.com\/lbd\/wp-content\/plugins\/jw-share-this\/twitter.png\" alt=\"Share this page via Twitter\" \/>\n<\/a>\n<\/div>\n","protected":false},"excerpt":{"rendered":"<p>Por Mauricio Zentner Lavori (Corresponsal LBD en Buenos Aires) El pasado fin de semana se llev\u00f3 a cabo la \u00faltima fecha del Provincial organizado en conjunto por AMU y MCRG en el trazado de Punta Mar\u00eda con grandes resultados para el HZ Racing Team. Tom\u00e1s Zentner Lavori se consagr\u00f3 tricampe\u00f3n en ATV Pro A escoltado &hellip; <a href=\"http:\/\/labestiadeportiva.com\/lbd\/1-2-y-tricampeonato\/\" class=\"more-link\">Seguir leyendo <span class=\"screen-reader-text\">1-2 y tricampeonato<\/span> <span class=\"meta-nav\">&rarr;<\/span><\/a><\/p>\n","protected":false},"author":1,"featured_media":2204,"comment_status":"open","ping_status":"open","sticky":false,"template":"","format":"standard","meta":[],"categories":[5,1],"tags":[69,299,300,298,301,302],"_links":{"self":[{"href":"http:\/\/labestiadeportiva.com\/lbd\/wp-json\/wp\/v2\/posts\/2203"}],"collection":[{"href":"http:\/\/labestiadeportiva.com\/lbd\/wp-json\/wp\/v2\/posts"}],"about":[{"href":"http:\/\/labestiadeportiva.com\/lbd\/wp-json\/wp\/v2\/types\/post"}],"author":[{"embeddable":true,"href":"http:\/\/labestiadeportiva.com\/lbd\/wp-json\/wp\/v2\/users\/1"}],"replies":[{"embeddable":true,"href":"http:\/\/labestiadeportiva.com\/lbd\/wp-json\/wp\/v2\/comments?post=2203"}],"version-history":[{"count":2,"href":"http:\/\/labestiadeportiva.com\/lbd\/wp-json\/wp\/v2\/posts\/2203\/revisions"}],"predecessor-version":[{"id":2207,"href":"http:\/\/labestiadeportiva.com\/lbd\/wp-json\/wp\/v2\/posts\/2203\/revisions\/2207"}],"wp:featuredmedia":[{"embeddable":true,"href":"http:\/\/labestiadeportiva.com\/lbd\/wp-json\/wp\/v2\/media\/2204"}],"wp:attachment":[{"href":"http:\/\/labestiadeportiva.com\/lbd\/wp-json\/wp\/v2\/media?parent=2203"}],"wp:term":[{"taxonomy":"category","embeddable":true,"href":"http:\/\/labestiadeportiva.com\/lbd\/wp-json\/wp\/v2\/categories?post=2203"},{"taxonomy":"post_tag","embeddable":true,"href":"http:\/\/labestiadeportiva.com\/lbd\/wp-json\/wp\/v2\/tags?post=2203"}],"curies":[{"name":"wp","href":"https:\/\/api.w.org\/{rel}","templated":true}]}}