{"id":22297,"date":"2016-11-17T12:23:10","date_gmt":"2016-11-17T15:23:10","guid":{"rendered":"http:\/\/labestiadeportiva.com\/lbd\/?p=22297"},"modified":"2016-11-17T12:23:10","modified_gmt":"2016-11-17T15:23:10","slug":"solo-magallanes-en-octavos","status":"publish","type":"post","link":"http:\/\/labestiadeportiva.com\/lbd\/solo-magallanes-en-octavos\/","title":{"rendered":"Solo Magallanes en octavos"},"content":{"rendered":"<p><a href=\"http:\/\/labestiadeportiva.com\/lbd\/wp-content\/uploads\/2016\/11\/15032232_1271475486252317_5357880657417517611_n.jpg\"><img loading=\"lazy\" class=\"alignleft size-medium wp-image-22300\" src=\"http:\/\/labestiadeportiva.com\/lbd\/wp-content\/uploads\/2016\/11\/15032232_1271475486252317_5357880657417517611_n-300x151.jpg\" alt=\"15032232_1271475486252317_5357880657417517611_n\" width=\"300\" height=\"151\" srcset=\"http:\/\/labestiadeportiva.com\/lbd\/wp-content\/uploads\/2016\/11\/15032232_1271475486252317_5357880657417517611_n-300x151.jpg 300w, http:\/\/labestiadeportiva.com\/lbd\/wp-content\/uploads\/2016\/11\/15032232_1271475486252317_5357880657417517611_n.jpg 544w\" sizes=\"(max-width: 300px) 100vw, 300px\" \/><\/a>Promedia la Divisi\u00f3n de Honor que se disputa en las localidades cordilleranas de la provincia de Chubut, Esquel y Trevelin. El multicampe\u00f3n, Casa Magallanes, gan\u00f3 su grupo y se enfrentar\u00e1 esta noche ante los formose\u00f1os de Franjeados. Ser\u00e1 desde las 21 en la localidad chubutense de Trevelin. A pesar de la positiva producci\u00f3n de Comercio y Los \u00d1ires ambos quedaron al margen.<!--more--><\/p>\n<p>La m\u00e1xima competencia salonera de clubes de la CAFS ingresar\u00e1 este jueves en su recta final con la primera jornada definitoria que arrojar\u00e1 cerca de la medianoche a los ocho mejores equipos federados del pa\u00eds.<\/p>\n<p>A partir de aqu\u00ed comienza el verdadero torneo. De aquellos 34 clubes uniciales tan solo quedan los mejores 16 para comenzar este jueves los octavos de final.<\/p>\n<p><a href=\"http:\/\/labestiadeportiva.com\/lbd\/wp-content\/uploads\/2016\/11\/15027660_1271483062918226_7196901565065954892_n.jpg\"><img loading=\"lazy\" class=\"aligncenter size-medium wp-image-22299\" src=\"http:\/\/labestiadeportiva.com\/lbd\/wp-content\/uploads\/2016\/11\/15027660_1271483062918226_7196901565065954892_n-300x218.jpg\" alt=\"15027660_1271483062918226_7196901565065954892_n\" width=\"300\" height=\"218\" srcset=\"http:\/\/labestiadeportiva.com\/lbd\/wp-content\/uploads\/2016\/11\/15027660_1271483062918226_7196901565065954892_n-300x218.jpg 300w, http:\/\/labestiadeportiva.com\/lbd\/wp-content\/uploads\/2016\/11\/15027660_1271483062918226_7196901565065954892_n.jpg 526w\" sizes=\"(max-width: 300px) 100vw, 300px\" \/><\/a>Casa Magallanes se adjudic\u00f3 el grupo \u201cF\u201d en forma invicta, solo triunfos y empates, como el de anoche ente los capitalinos de Estrella Federal por 3 a 0.<\/p>\n<p>De esta forma las huestes de Alejandro \u201cTorpe\u201d Vel\u00e1zquez, subcampeones en la edici\u00f3n anterior, mantienen intactas las chances de campeonato.<\/p>\n<p>Los muchachos de \u201cMaga\u201d quienes fueron protagonistas del Sudamericano de clubes 2015\/2016 quieren cerrar una intensa y positiva temporada de la mejor manera.<\/p>\n<p>Enfrente tendr\u00e1n al duro Franjeados de Formosa, equipo que fue protagonista de la zona \u201cG\u201d. El encuentro se jugar\u00e1 a partir de las 21 horas en la sede Trevelin.<\/p>\n<p><a href=\"http:\/\/labestiadeportiva.com\/lbd\/wp-content\/uploads\/2016\/11\/15094332_1271475469585652_7880889194638122535_n.jpg\"><img loading=\"lazy\" class=\"aligncenter size-medium wp-image-22302\" src=\"http:\/\/labestiadeportiva.com\/lbd\/wp-content\/uploads\/2016\/11\/15094332_1271475469585652_7880889194638122535_n-300x140.jpg\" alt=\"15094332_1271475469585652_7880889194638122535_n\" width=\"300\" height=\"140\" srcset=\"http:\/\/labestiadeportiva.com\/lbd\/wp-content\/uploads\/2016\/11\/15094332_1271475469585652_7880889194638122535_n-300x140.jpg 300w, http:\/\/labestiadeportiva.com\/lbd\/wp-content\/uploads\/2016\/11\/15094332_1271475469585652_7880889194638122535_n-520x245.jpg 520w, http:\/\/labestiadeportiva.com\/lbd\/wp-content\/uploads\/2016\/11\/15094332_1271475469585652_7880889194638122535_n.jpg 498w\" sizes=\"(max-width: 300px) 100vw, 300px\" \/><\/a><\/p>\n<div class='epvc-post-count'><span class='epvc-eye'><\/span>  <span class=\"epvc-count\"> 1.292<\/span><span class='epvc-label'> veces le\u00edda<\/span><\/div>\n<div class=\"jwsharethis\">\nShare this: \n<br \/>\n<a href=\"mailto:?subject=Solo%20Magallanes%20en%20octavos&amp;body=http%3A%2F%2Flabestiadeportiva.com%2Flbd%2Fsolo-magallanes-en-octavos%2F\">\n<img src=\"http:\/\/labestiadeportiva.com\/lbd\/wp-content\/plugins\/jw-share-this\/email.png\" alt=\"Share this page via Email\" \/>\n<\/a>\n<a target=\"_blank\" href=\"http:\/\/www.stumbleupon.com\/submit?url=http%3A%2F%2Flabestiadeportiva.com%2Flbd%2Fsolo-magallanes-en-octavos%2F&amp;title=Solo+Magallanes+en+octavos\">\n<img src=\"http:\/\/labestiadeportiva.com\/lbd\/wp-content\/plugins\/jw-share-this\/su.png\" alt=\"Share this page via Stumble Upon\" \/>\n<\/a>\n<a target=\"_blank\" href=\"http:\/\/digg.com\/submit?url=http%3A%2F%2Flabestiadeportiva.com%2Flbd%2Fsolo-magallanes-en-octavos%2F&amp;title=Solo+Magallanes+en+octavos\">\n<img src=\"http:\/\/labestiadeportiva.com\/lbd\/wp-content\/plugins\/jw-share-this\/digg.png\" alt=\"Share this page via Digg this\" \/>\n<\/a>\n<a target=\"_blank\" href=\"http:\/\/www.facebook.com\/sharer.php?u=http%3A%2F%2Flabestiadeportiva.com%2Flbd%2Fsolo-magallanes-en-octavos%2F&amp;t=Solo+Magallanes+en+octavos\">\n<img src=\"http:\/\/labestiadeportiva.com\/lbd\/wp-content\/plugins\/jw-share-this\/fb.png\" alt=\"Share this page via Facebook\" \/>\n<\/a>\n<a target=\"_blank\" href=\"http:\/\/twitter.com\/intent\/tweet?text=I+like+http%3A%2F%2Flabestiadeportiva.com%2Flbd%2Fsolo-magallanes-en-octavos%2F&amp;title=Solo+Magallanes+en+octavos\">\n<img src=\"http:\/\/labestiadeportiva.com\/lbd\/wp-content\/plugins\/jw-share-this\/twitter.png\" alt=\"Share this page via Twitter\" \/>\n<\/a>\n<\/div>\n","protected":false},"excerpt":{"rendered":"<p>Promedia la Divisi\u00f3n de Honor que se disputa en las localidades cordilleranas de la provincia de Chubut, Esquel y Trevelin. El multicampe\u00f3n, Casa Magallanes, gan\u00f3 su grupo y se enfrentar\u00e1 esta noche ante los formose\u00f1os de Franjeados. Ser\u00e1 desde las 21 en la localidad chubutense de Trevelin. A pesar de la positiva producci\u00f3n de Comercio &hellip; <a href=\"http:\/\/labestiadeportiva.com\/lbd\/solo-magallanes-en-octavos\/\" class=\"more-link\">Seguir leyendo <span class=\"screen-reader-text\">Solo Magallanes en octavos<\/span> <span class=\"meta-nav\">&rarr;<\/span><\/a><\/p>\n","protected":false},"author":1,"featured_media":22300,"comment_status":"open","ping_status":"open","sticky":false,"template":"","format":"standard","meta":[],"categories":[5,6,31,1],"tags":[2874,928,141,2873,4833,83],"_links":{"self":[{"href":"http:\/\/labestiadeportiva.com\/lbd\/wp-json\/wp\/v2\/posts\/22297"}],"collection":[{"href":"http:\/\/labestiadeportiva.com\/lbd\/wp-json\/wp\/v2\/posts"}],"about":[{"href":"http:\/\/labestiadeportiva.com\/lbd\/wp-json\/wp\/v2\/types\/post"}],"author":[{"embeddable":true,"href":"http:\/\/labestiadeportiva.com\/lbd\/wp-json\/wp\/v2\/users\/1"}],"replies":[{"embeddable":true,"href":"http:\/\/labestiadeportiva.com\/lbd\/wp-json\/wp\/v2\/comments?post=22297"}],"version-history":[{"count":1,"href":"http:\/\/labestiadeportiva.com\/lbd\/wp-json\/wp\/v2\/posts\/22297\/revisions"}],"predecessor-version":[{"id":22305,"href":"http:\/\/labestiadeportiva.com\/lbd\/wp-json\/wp\/v2\/posts\/22297\/revisions\/22305"}],"wp:featuredmedia":[{"embeddable":true,"href":"http:\/\/labestiadeportiva.com\/lbd\/wp-json\/wp\/v2\/media\/22300"}],"wp:attachment":[{"href":"http:\/\/labestiadeportiva.com\/lbd\/wp-json\/wp\/v2\/media?parent=22297"}],"wp:term":[{"taxonomy":"category","embeddable":true,"href":"http:\/\/labestiadeportiva.com\/lbd\/wp-json\/wp\/v2\/categories?post=22297"},{"taxonomy":"post_tag","embeddable":true,"href":"http:\/\/labestiadeportiva.com\/lbd\/wp-json\/wp\/v2\/tags?post=22297"}],"curies":[{"name":"wp","href":"https:\/\/api.w.org\/{rel}","templated":true}]}}