{"id":22412,"date":"2016-11-25T20:30:59","date_gmt":"2016-11-25T23:30:59","guid":{"rendered":"http:\/\/labestiadeportiva.com\/lbd\/?p=22412"},"modified":"2016-11-25T20:30:59","modified_gmt":"2016-11-25T23:30:59","slug":"estamos-contentos-la-idea-era-conocer-el-equipo-audiovideo","status":"publish","type":"post","link":"http:\/\/labestiadeportiva.com\/lbd\/estamos-contentos-la-idea-era-conocer-el-equipo-audiovideo\/","title":{"rendered":"\u201cEstamos contentos, la idea era conocer el equipo\u201d (Audio\/Video)"},"content":{"rendered":"<p><a href=\"http:\/\/labestiadeportiva.com\/lbd\/wp-content\/uploads\/2016\/11\/14947759_1197248300313939_4904530551886969624_n.jpg\"><img loading=\"lazy\" class=\"alignleft size-medium wp-image-22413\" src=\"http:\/\/labestiadeportiva.com\/lbd\/wp-content\/uploads\/2016\/11\/14947759_1197248300313939_4904530551886969624_n-231x300.jpg\" alt=\"14947759_1197248300313939_4904530551886969624_n\" width=\"231\" height=\"300\" srcset=\"http:\/\/labestiadeportiva.com\/lbd\/wp-content\/uploads\/2016\/11\/14947759_1197248300313939_4904530551886969624_n-231x300.jpg 231w, http:\/\/labestiadeportiva.com\/lbd\/wp-content\/uploads\/2016\/11\/14947759_1197248300313939_4904530551886969624_n.jpg 598w\" sizes=\"(max-width: 231px) 100vw, 231px\" \/><\/a>El piloto ushuaiense, Mariano Preto, tuvo su debut internacional en una fecha del Rally de Polonia. Fue a bordo de un Opel Adam R2 del equipo MSZ Racing, finalizando en el puesto 10 de los veh\u00edculos de tracci\u00f3n simple. El fueguino formar\u00e1 parte de la temporada 2017 en las competencias sobre tierra. Desde LBD dialogamos con \u00e9l desde el viejo continente, compartimos parte del material agradeciendo a los colegas de TVP Deportes.<!--more--><\/p>\n<p><iframe loading=\"lazy\" src=\"https:\/\/www.youtube.com\/embed\/x8oO5I0tsE0\" width=\"560\" height=\"315\" frameborder=\"0\" allowfullscreen=\"allowfullscreen\"><\/iframe><\/p>\n<div class='epvc-post-count'><span class='epvc-eye'><\/span>  <span class=\"epvc-count\"> 1.043<\/span><span class='epvc-label'> veces le\u00edda<\/span><\/div>\n<div class=\"jwsharethis\">\nShare this: \n<br \/>\n<a href=\"mailto:?subject=%E2%80%9CEstamos%20contentos%2C%20la%20idea%20era%20conocer%20el%20equipo%E2%80%9D%20%28Audio%2FVideo%29&amp;body=http%3A%2F%2Flabestiadeportiva.com%2Flbd%2Festamos-contentos-la-idea-era-conocer-el-equipo-audiovideo%2F\">\n<img src=\"http:\/\/labestiadeportiva.com\/lbd\/wp-content\/plugins\/jw-share-this\/email.png\" alt=\"Share this page via Email\" \/>\n<\/a>\n<a target=\"_blank\" href=\"http:\/\/www.stumbleupon.com\/submit?url=http%3A%2F%2Flabestiadeportiva.com%2Flbd%2Festamos-contentos-la-idea-era-conocer-el-equipo-audiovideo%2F&amp;title=%E2%80%9CEstamos+contentos%2C+la+idea+era+conocer+el+equipo%E2%80%9D+%28Audio%2FVideo%29\">\n<img src=\"http:\/\/labestiadeportiva.com\/lbd\/wp-content\/plugins\/jw-share-this\/su.png\" alt=\"Share this page via Stumble Upon\" \/>\n<\/a>\n<a target=\"_blank\" href=\"http:\/\/digg.com\/submit?url=http%3A%2F%2Flabestiadeportiva.com%2Flbd%2Festamos-contentos-la-idea-era-conocer-el-equipo-audiovideo%2F&amp;title=%E2%80%9CEstamos+contentos%2C+la+idea+era+conocer+el+equipo%E2%80%9D+%28Audio%2FVideo%29\">\n<img src=\"http:\/\/labestiadeportiva.com\/lbd\/wp-content\/plugins\/jw-share-this\/digg.png\" alt=\"Share this page via Digg this\" \/>\n<\/a>\n<a target=\"_blank\" href=\"http:\/\/www.facebook.com\/sharer.php?u=http%3A%2F%2Flabestiadeportiva.com%2Flbd%2Festamos-contentos-la-idea-era-conocer-el-equipo-audiovideo%2F&amp;t=%E2%80%9CEstamos+contentos%2C+la+idea+era+conocer+el+equipo%E2%80%9D+%28Audio%2FVideo%29\">\n<img src=\"http:\/\/labestiadeportiva.com\/lbd\/wp-content\/plugins\/jw-share-this\/fb.png\" alt=\"Share this page via Facebook\" \/>\n<\/a>\n<a target=\"_blank\" href=\"http:\/\/twitter.com\/intent\/tweet?text=I+like+http%3A%2F%2Flabestiadeportiva.com%2Flbd%2Festamos-contentos-la-idea-era-conocer-el-equipo-audiovideo%2F&amp;title=%E2%80%9CEstamos+contentos%2C+la+idea+era+conocer+el+equipo%E2%80%9D+%28Audio%2FVideo%29\">\n<img src=\"http:\/\/labestiadeportiva.com\/lbd\/wp-content\/plugins\/jw-share-this\/twitter.png\" alt=\"Share this page via Twitter\" \/>\n<\/a>\n<\/div>\n","protected":false},"excerpt":{"rendered":"<p>El piloto ushuaiense, Mariano Preto, tuvo su debut internacional en una fecha del Rally de Polonia. Fue a bordo de un Opel Adam R2 del equipo MSZ Racing, finalizando en el puesto 10 de los veh\u00edculos de tracci\u00f3n simple. El fueguino formar\u00e1 parte de la temporada 2017 en las competencias sobre tierra. Desde LBD dialogamos &hellip; <a href=\"http:\/\/labestiadeportiva.com\/lbd\/estamos-contentos-la-idea-era-conocer-el-equipo-audiovideo\/\" class=\"more-link\">Seguir leyendo <span class=\"screen-reader-text\">\u201cEstamos contentos, la idea era conocer el equipo\u201d (Audio\/Video)<\/span> <span class=\"meta-nav\">&rarr;<\/span><\/a><\/p>\n","protected":false},"author":1,"featured_media":22413,"comment_status":"open","ping_status":"open","sticky":false,"template":"","format":"standard","meta":[],"categories":[2176,5,4,6,1,2877],"tags":[4838,2367,83,2879,2878],"_links":{"self":[{"href":"http:\/\/labestiadeportiva.com\/lbd\/wp-json\/wp\/v2\/posts\/22412"}],"collection":[{"href":"http:\/\/labestiadeportiva.com\/lbd\/wp-json\/wp\/v2\/posts"}],"about":[{"href":"http:\/\/labestiadeportiva.com\/lbd\/wp-json\/wp\/v2\/types\/post"}],"author":[{"embeddable":true,"href":"http:\/\/labestiadeportiva.com\/lbd\/wp-json\/wp\/v2\/users\/1"}],"replies":[{"embeddable":true,"href":"http:\/\/labestiadeportiva.com\/lbd\/wp-json\/wp\/v2\/comments?post=22412"}],"version-history":[{"count":1,"href":"http:\/\/labestiadeportiva.com\/lbd\/wp-json\/wp\/v2\/posts\/22412\/revisions"}],"predecessor-version":[{"id":22414,"href":"http:\/\/labestiadeportiva.com\/lbd\/wp-json\/wp\/v2\/posts\/22412\/revisions\/22414"}],"wp:featuredmedia":[{"embeddable":true,"href":"http:\/\/labestiadeportiva.com\/lbd\/wp-json\/wp\/v2\/media\/22413"}],"wp:attachment":[{"href":"http:\/\/labestiadeportiva.com\/lbd\/wp-json\/wp\/v2\/media?parent=22412"}],"wp:term":[{"taxonomy":"category","embeddable":true,"href":"http:\/\/labestiadeportiva.com\/lbd\/wp-json\/wp\/v2\/categories?post=22412"},{"taxonomy":"post_tag","embeddable":true,"href":"http:\/\/labestiadeportiva.com\/lbd\/wp-json\/wp\/v2\/tags?post=22412"}],"curies":[{"name":"wp","href":"https:\/\/api.w.org\/{rel}","templated":true}]}}