{"id":22416,"date":"2016-11-28T11:35:31","date_gmt":"2016-11-28T14:35:31","guid":{"rendered":"http:\/\/labestiadeportiva.com\/lbd\/?p=22416"},"modified":"2016-11-28T11:35:31","modified_gmt":"2016-11-28T14:35:31","slug":"argentina-campeon-de-la-davis-la-nota-mas-deseada","status":"publish","type":"post","link":"http:\/\/labestiadeportiva.com\/lbd\/argentina-campeon-de-la-davis-la-nota-mas-deseada\/","title":{"rendered":"Argentina campe\u00f3n de la Davis (la nota m\u00e1s deseada)"},"content":{"rendered":"<p>Por Mat\u00edas Pouso (Corresponsal LBD en CABA)<br \/>\n<a href=\"http:\/\/labestiadeportiva.com\/lbd\/wp-content\/uploads\/2016\/11\/623ebeee0e08ea0da868bb72f9a36542b55b7741.jpg\"><img loading=\"lazy\" class=\"alignleft size-medium wp-image-22417\" src=\"http:\/\/labestiadeportiva.com\/lbd\/wp-content\/uploads\/2016\/11\/623ebeee0e08ea0da868bb72f9a36542b55b7741-300x169.jpg\" alt=\"623ebeee0e08ea0da868bb72f9a36542b55b7741\" width=\"300\" height=\"169\" srcset=\"http:\/\/labestiadeportiva.com\/lbd\/wp-content\/uploads\/2016\/11\/623ebeee0e08ea0da868bb72f9a36542b55b7741-300x169.jpg 300w, http:\/\/labestiadeportiva.com\/lbd\/wp-content\/uploads\/2016\/11\/623ebeee0e08ea0da868bb72f9a36542b55b7741-1024x576.jpg 1024w, http:\/\/labestiadeportiva.com\/lbd\/wp-content\/uploads\/2016\/11\/623ebeee0e08ea0da868bb72f9a36542b55b7741.jpg 1920w\" sizes=\"(max-width: 300px) 100vw, 300px\" \/><\/a>El equipo argentino se coron\u00f3 campe\u00f3n por primera vez en su historia del m\u00e1ximo torneo por equipos del tenis. Los grandes h\u00e9roes de la haza\u00f1a fueron Juan Mart\u00edn Del Potro y Federico Delbonis que consiguieron los 3 puntos con los que se venci\u00f3 a Croacia en Zagreb.<!--more--><\/p>\n<p>Dicen que no hay mal que dure 100 a\u00f1os, pero s\u00ed hubo uno que dur\u00f3 93 para el tenis argentino, la hasta hoy maldita Copa Davis. Pasaron cuatro finales perdidas: en 1981 Vilas y Clerc no pudieron de visitante contra Estados Unidos, en 2006 la desaz\u00f3n se repiti\u00f3 en Mosc\u00fa frente a Rusia, dos a\u00f1os m\u00e1s tarde se vivi\u00f3 la derrota m\u00e1s dura de local en Mar del Plata frente a Espa\u00f1a; el mismo rival se qued\u00f3 con la victoria en 2011, esta vez en suelo sevillano.<\/p>\n<p><a href=\"http:\/\/labestiadeportiva.com\/lbd\/wp-content\/uploads\/2016\/11\/2016-11-27T210046Z_1426612744_LR1ECBR1MCYPL_RTRMADP_3_DAVIS-CUP-FINAL.jpg\"><img loading=\"lazy\" class=\"aligncenter size-medium wp-image-22418\" src=\"http:\/\/labestiadeportiva.com\/lbd\/wp-content\/uploads\/2016\/11\/2016-11-27T210046Z_1426612744_LR1ECBR1MCYPL_RTRMADP_3_DAVIS-CUP-FINAL-300x208.jpg\" alt=\"2016-11-27t210046z_1426612744_lr1ecbr1mcypl_rtrmadp_3_davis-cup-final\" width=\"300\" height=\"208\" srcset=\"http:\/\/labestiadeportiva.com\/lbd\/wp-content\/uploads\/2016\/11\/2016-11-27T210046Z_1426612744_LR1ECBR1MCYPL_RTRMADP_3_DAVIS-CUP-FINAL-300x208.jpg 300w, http:\/\/labestiadeportiva.com\/lbd\/wp-content\/uploads\/2016\/11\/2016-11-27T210046Z_1426612744_LR1ECBR1MCYPL_RTRMADP_3_DAVIS-CUP-FINAL-1024x711.jpg 1024w, http:\/\/labestiadeportiva.com\/lbd\/wp-content\/uploads\/2016\/11\/2016-11-27T210046Z_1426612744_LR1ECBR1MCYPL_RTRMADP_3_DAVIS-CUP-FINAL.jpg 1400w\" sizes=\"(max-width: 300px) 100vw, 300px\" \/><\/a>Finalmente lleg\u00f3 este 2016 en el que muy pocos auguraban grandes resultados en esta competencia. El sorteo hab\u00eda determinado el debut de visitante frente a Polonia, un conjunto diezmado, sin grandes figuras, pero que se presum\u00eda har\u00eda pesar su condici\u00f3n de local.<\/p>\n<p>Mayer y Pella pusieron al frente al conjunto nacional en la primera jornada, los polacos descontaron en el doble y en el tercer d\u00eda el mismo Mayer sell\u00f3 el pase a cuartos de final.<\/p>\n<p>En la segunda instancia nos esperaban los italianos con un Fabio Fognini en su mejor momento y con el regreso al equipo argentino de Juan Mart\u00edn Del Potro.<\/p>\n<p>Delbonis fue la gran figura del fin de semana ganando sus dos singles, y Delpo junto a Guido Pella consiguieron el punto restante en el dobles para clasificar a semifinales.<\/p>\n<p><a href=\"http:\/\/labestiadeportiva.com\/lbd\/wp-content\/uploads\/2016\/11\/246343.jpg\"><img loading=\"lazy\" class=\"aligncenter size-medium wp-image-22420\" src=\"http:\/\/labestiadeportiva.com\/lbd\/wp-content\/uploads\/2016\/11\/246343-300x190.jpg\" alt=\"246343\" width=\"300\" height=\"190\" srcset=\"http:\/\/labestiadeportiva.com\/lbd\/wp-content\/uploads\/2016\/11\/246343-300x190.jpg 300w, http:\/\/labestiadeportiva.com\/lbd\/wp-content\/uploads\/2016\/11\/246343-1024x649.jpg 1024w, http:\/\/labestiadeportiva.com\/lbd\/wp-content\/uploads\/2016\/11\/246343.jpg 1200w\" sizes=\"(max-width: 300px) 100vw, 300px\" \/><\/a>Argentina estaba nuevamente entre los cuatro mejores del mundo, y en esa instancia esperaban los hermanos Murray comandando al equipo brit\u00e1nico en Glasgow.<\/p>\n<p>Ese fin de semana no hubo un solo h\u00e9roe del lado albiceleste, sino que todo el grupo aporto su granito de arena para darle forma a la haza\u00f1a.<\/p>\n<p>Del Potro dio el primer batacazo venciendo a Andy Murray, despu\u00e9s Guido Pella sum\u00f3 el segundo punto de la serie y finalmente Leo Mayer sac\u00f3 el pase a una nueva final ganando el punto decisivo del fin de semana.<\/p>\n<p>El conjunto capitaneado por Daniel Orsanic deb\u00eda viajar a Zagreb para enfrentar a Croacia en b\u00fasqueda de la tan ansiada Copa Davis. En un a\u00f1o que se plante\u00f3 cuesta arriba debido al nivel de los rivales y a la condici\u00f3n de visitante en todas las series, haber llegado a la final ya era un triunfo.<\/p>\n<p><a href=\"http:\/\/labestiadeportiva.com\/lbd\/wp-content\/uploads\/2016\/11\/argentina-4667_0.jpg\"><img loading=\"lazy\" class=\"aligncenter size-medium wp-image-22421\" src=\"http:\/\/labestiadeportiva.com\/lbd\/wp-content\/uploads\/2016\/11\/argentina-4667_0-300x169.jpg\" alt=\"argentina-4667_0\" width=\"300\" height=\"169\" srcset=\"http:\/\/labestiadeportiva.com\/lbd\/wp-content\/uploads\/2016\/11\/argentina-4667_0-300x169.jpg 300w, http:\/\/labestiadeportiva.com\/lbd\/wp-content\/uploads\/2016\/11\/argentina-4667_0.jpg 988w\" sizes=\"(max-width: 300px) 100vw, 300px\" \/><\/a>Pero este grupo a\u00fan se guardaba un \u00faltimo as bajo la manga para conmemorar esta hist\u00f3rica temporada.\u00a0Los croatas contaban en sus filas con un Marin Cilic que llegaba con muchos partidos encima, pero con el nivel de competencia muy elevado al haber disputado las Finales del ATP Tour en Londres.<\/p>\n<p>Acompa\u00f1\u00e1ndolo estaba el muy experimentado Ivo Karlovic y el especialista en dobles Ivan Dodig. Por su parte, Argentina viajaba con el mismo equipo que hab\u00eda eliminado a los brit\u00e1nicos (Del Potro, Delbonis, Pella y Mayer).<\/p>\n<p>Respetando sus creencias, Orsanic present\u00f3 un equipo compuesto por cuatro singlistas, jug\u00e1ndose el todo por el todo a ganar los puntos de singles y a intentar dar una batalla digna en el dobles. Con el resultado ya puesto, podemos decir que el plan sali\u00f3 a la perfecci\u00f3n.<\/p>\n<p>En la jornada del viernes Delbonis levant\u00f3 una desventaja de 0-2 en sets aunque finalmente termin\u00f3 cayendo frente a Marin Cilic en el quinto, pero esa gran actuaci\u00f3n le hizo ganarse la confianza plena del capit\u00e1n para un eventual quinto punto.<\/p>\n<p>En el segundo partido de ese d\u00eda, Del Potro cumpli\u00f3 con las expectativas y tach\u00f3 al siempre peligroso Karlovic en cuatro sets para igualar la serie.<\/p>\n<p><a href=\"http:\/\/labestiadeportiva.com\/lbd\/wp-content\/uploads\/2016\/11\/246318.jpg\"><img loading=\"lazy\" class=\"aligncenter size-medium wp-image-22419\" src=\"http:\/\/labestiadeportiva.com\/lbd\/wp-content\/uploads\/2016\/11\/246318-300x201.jpg\" alt=\"246318\" width=\"300\" height=\"201\" srcset=\"http:\/\/labestiadeportiva.com\/lbd\/wp-content\/uploads\/2016\/11\/246318-300x201.jpg 300w, http:\/\/labestiadeportiva.com\/lbd\/wp-content\/uploads\/2016\/11\/246318-1024x684.jpg 1024w, http:\/\/labestiadeportiva.com\/lbd\/wp-content\/uploads\/2016\/11\/246318.jpg 1200w\" sizes=\"(max-width: 300px) 100vw, 300px\" \/><\/a>El s\u00e1bado el tandilense sali\u00f3 a la cancha junto a Leo Mayer y poca resistencia pudieron oponerle a la dupla Cilic\/Dodig que vencieron en tres sets y le dieron la ventaja al conjunto croata de 2-1 en la serie.<\/p>\n<p>A pesar de la desventaja, Argentina confiaba que era capaz de conseguir el milagro y romper con la maldici\u00f3n que significaba no haber podido nunca levantar la Ensaladera de Plata.<\/p>\n<p>Cilic comenz\u00f3 el duelo del domingo frente a Del Potro demostrando porqu\u00e9 finaliz\u00f3 el a\u00f1o dentro del top ten. Jugando casi a la perfecci\u00f3n se puso dos sets arriba de la Torre de Tandil, pr\u00e1cticamente dilapidando toda ilusi\u00f3n argentina de estirar la serie a un quinto punto.<\/p>\n<p>Pero en esa gran adversidad fue cuando apareci\u00f3 el jugador del pueblo, el Juan Mart\u00edn Del Potro que todo el p\u00fablico celeste y blanco ansiaba ver en la cancha.<\/p>\n<p>Demostrando que est\u00e1 completamente de vuelta en su mejor nivel, se adjudic\u00f3 los tres siguientes sets y puso la paridad en una serie que ya parec\u00eda perdida.<\/p>\n<p>Con el envi\u00f3n an\u00edmico del triunfo \u00e9pico de Delpo y el aliento de los miles de hinchas argentinos que poblaron el Arena Zagreb, Fede Delbonis sali\u00f3 a enfrentar a Ivo Karlovic sintiendo que la mayor victoria del tenis argentino estaba a la vuelta de la esquina.<\/p>\n<p>Y as\u00ed fue, sin temblarle el pulso en ning\u00fan momento del partido, el nacido en Azul se qued\u00f3 con el duelo frente al gigante croata y se quebr\u00f3 en llanto sabiendo que hab\u00eda puesto al pa\u00eds en un lugar que ning\u00fan otro tenista hab\u00eda logrado poner.<\/p>\n<p>Grandes nombres ilustres pueblan los libros de historia del tenis nacional. Vilas, Clerc, Jaite, Ca\u00f1as, Coria, Calleri, Gaudio, Nalbandian, entre otros. Pero los que quedar\u00e1n marcados a fuego de aqu\u00ed a la posteridad ser\u00e1n Del Potro, Delbonis, Mayer y Pella.<\/p>\n<p>Sin olvidarnos de Daniel Orsanic, gestor de esta proeza; y de otros grandes colaboradores que no llegaron a formar la n\u00f3mina definitiva pero que aportaron en gran medida a esta causa (M\u00f3naco, Schwartzman, Olivo).<\/p>\n<p>Y finalmente, vale hacer una menci\u00f3n especial para cada uno de los soldados desconocidos que lograron que el equipo no se sintiera visitante en ninguna cancha, a pesar de la distancia y de las condiciones adversas.<\/p>\n<p>Argentina es campe\u00f3n mundial por sus jugadores y por su hinchada incondicional, este triunfo lo logramos entre todos y jam\u00e1s podr\u00e1 olvidarse.<\/p>\n<div class='epvc-post-count'><span class='epvc-eye'><\/span>  <span class=\"epvc-count\"> 1.132<\/span><span class='epvc-label'> veces le\u00edda<\/span><\/div>\n<div class=\"jwsharethis\">\nShare this: \n<br \/>\n<a href=\"mailto:?subject=Argentina%20campe%C3%B3n%20de%20la%20Davis%20%28la%20nota%20m%C3%A1s%20deseada%29&amp;body=http%3A%2F%2Flabestiadeportiva.com%2Flbd%2Fargentina-campeon-de-la-davis-la-nota-mas-deseada%2F\">\n<img src=\"http:\/\/labestiadeportiva.com\/lbd\/wp-content\/plugins\/jw-share-this\/email.png\" alt=\"Share this page via Email\" \/>\n<\/a>\n<a target=\"_blank\" href=\"http:\/\/www.stumbleupon.com\/submit?url=http%3A%2F%2Flabestiadeportiva.com%2Flbd%2Fargentina-campeon-de-la-davis-la-nota-mas-deseada%2F&amp;title=Argentina+campe%C3%B3n+de+la+Davis+%28la+nota+m%C3%A1s+deseada%29\">\n<img src=\"http:\/\/labestiadeportiva.com\/lbd\/wp-content\/plugins\/jw-share-this\/su.png\" alt=\"Share this page via Stumble Upon\" \/>\n<\/a>\n<a target=\"_blank\" href=\"http:\/\/digg.com\/submit?url=http%3A%2F%2Flabestiadeportiva.com%2Flbd%2Fargentina-campeon-de-la-davis-la-nota-mas-deseada%2F&amp;title=Argentina+campe%C3%B3n+de+la+Davis+%28la+nota+m%C3%A1s+deseada%29\">\n<img src=\"http:\/\/labestiadeportiva.com\/lbd\/wp-content\/plugins\/jw-share-this\/digg.png\" alt=\"Share this page via Digg this\" \/>\n<\/a>\n<a target=\"_blank\" href=\"http:\/\/www.facebook.com\/sharer.php?u=http%3A%2F%2Flabestiadeportiva.com%2Flbd%2Fargentina-campeon-de-la-davis-la-nota-mas-deseada%2F&amp;t=Argentina+campe%C3%B3n+de+la+Davis+%28la+nota+m%C3%A1s+deseada%29\">\n<img src=\"http:\/\/labestiadeportiva.com\/lbd\/wp-content\/plugins\/jw-share-this\/fb.png\" alt=\"Share this page via Facebook\" \/>\n<\/a>\n<a target=\"_blank\" href=\"http:\/\/twitter.com\/intent\/tweet?text=I+like+http%3A%2F%2Flabestiadeportiva.com%2Flbd%2Fargentina-campeon-de-la-davis-la-nota-mas-deseada%2F&amp;title=Argentina+campe%C3%B3n+de+la+Davis+%28la+nota+m%C3%A1s+deseada%29\">\n<img src=\"http:\/\/labestiadeportiva.com\/lbd\/wp-content\/plugins\/jw-share-this\/twitter.png\" alt=\"Share this page via Twitter\" \/>\n<\/a>\n<\/div>\n","protected":false},"excerpt":{"rendered":"<p>Por Mat\u00edas Pouso (Corresponsal LBD en CABA) El equipo argentino se coron\u00f3 campe\u00f3n por primera vez en su historia del m\u00e1ximo torneo por equipos del tenis. Los grandes h\u00e9roes de la haza\u00f1a fueron Juan Mart\u00edn Del Potro y Federico Delbonis que consiguieron los 3 puntos con los que se venci\u00f3 a Croacia en Zagreb. 1.132 &hellip; <a href=\"http:\/\/labestiadeportiva.com\/lbd\/argentina-campeon-de-la-davis-la-nota-mas-deseada\/\" class=\"more-link\">Seguir leyendo <span class=\"screen-reader-text\">Argentina campe\u00f3n de la Davis (la nota m\u00e1s deseada)<\/span> <span class=\"meta-nav\">&rarr;<\/span><\/a><\/p>\n","protected":false},"author":1,"featured_media":22419,"comment_status":"open","ping_status":"open","sticky":false,"template":"","format":"standard","meta":[],"categories":[4,1,39],"tags":[2736,233,83,4835],"_links":{"self":[{"href":"http:\/\/labestiadeportiva.com\/lbd\/wp-json\/wp\/v2\/posts\/22416"}],"collection":[{"href":"http:\/\/labestiadeportiva.com\/lbd\/wp-json\/wp\/v2\/posts"}],"about":[{"href":"http:\/\/labestiadeportiva.com\/lbd\/wp-json\/wp\/v2\/types\/post"}],"author":[{"embeddable":true,"href":"http:\/\/labestiadeportiva.com\/lbd\/wp-json\/wp\/v2\/users\/1"}],"replies":[{"embeddable":true,"href":"http:\/\/labestiadeportiva.com\/lbd\/wp-json\/wp\/v2\/comments?post=22416"}],"version-history":[{"count":1,"href":"http:\/\/labestiadeportiva.com\/lbd\/wp-json\/wp\/v2\/posts\/22416\/revisions"}],"predecessor-version":[{"id":22422,"href":"http:\/\/labestiadeportiva.com\/lbd\/wp-json\/wp\/v2\/posts\/22416\/revisions\/22422"}],"wp:featuredmedia":[{"embeddable":true,"href":"http:\/\/labestiadeportiva.com\/lbd\/wp-json\/wp\/v2\/media\/22419"}],"wp:attachment":[{"href":"http:\/\/labestiadeportiva.com\/lbd\/wp-json\/wp\/v2\/media?parent=22416"}],"wp:term":[{"taxonomy":"category","embeddable":true,"href":"http:\/\/labestiadeportiva.com\/lbd\/wp-json\/wp\/v2\/categories?post=22416"},{"taxonomy":"post_tag","embeddable":true,"href":"http:\/\/labestiadeportiva.com\/lbd\/wp-json\/wp\/v2\/tags?post=22416"}],"curies":[{"name":"wp","href":"https:\/\/api.w.org\/{rel}","templated":true}]}}