{"id":22812,"date":"2017-01-10T18:40:57","date_gmt":"2017-01-10T21:40:57","guid":{"rendered":"http:\/\/labestiadeportiva.com\/lbd\/?p=22812"},"modified":"2017-01-10T18:40:57","modified_gmt":"2017-01-10T21:40:57","slug":"en-la-argentina","status":"publish","type":"post","link":"http:\/\/labestiadeportiva.com\/lbd\/en-la-argentina\/","title":{"rendered":"En la Argentina"},"content":{"rendered":"<p><a href=\"http:\/\/labestiadeportiva.com\/lbd\/wp-content\/uploads\/2017\/01\/2236327.jpg\"><img loading=\"lazy\" class=\"alignleft size-medium wp-image-22814\" src=\"http:\/\/labestiadeportiva.com\/lbd\/wp-content\/uploads\/2017\/01\/2236327-300x150.jpg\" alt=\"2236327\" width=\"300\" height=\"150\" srcset=\"http:\/\/labestiadeportiva.com\/lbd\/wp-content\/uploads\/2017\/01\/2236327-300x150.jpg 300w, http:\/\/labestiadeportiva.com\/lbd\/wp-content\/uploads\/2017\/01\/2236327.jpg 900w\" sizes=\"(max-width: 300px) 100vw, 300px\" \/><\/a>Con nuevas modificaciones en el trazado original continu\u00f3 este martes la 39\u00ba edici\u00f3n del Rally Dakar a trav\u00e9s de su etapa 8 Uyuni\/Salta. El desborde de uno de los r\u00edos a cruzar fue el principal motivo. El especial que se inici\u00f3 en la localidad boliviana tuvo 174 kil\u00f3metros de prueba, enlace de aproximadamente 70, para volver a ingresar a otros 276 de carrera. De esta forma esta fue la cuarta etapa con modificaciones, 5\u00ba, 7\u00ba y 8\u00ba mientras que la 6\u00ba fue directamente cancelada. Barreda Bort, Loeb, Casale y Van Den Brink ganaron sus categor\u00edas.<!--more--><\/p>\n<p>Dentro de las motos la victoria fue para el espa\u00f1ol Joan Barreda Bort quien emple\u00f3 4 horas 28 minutos y 21 segundos para quedarse con el especial. El chileno Ignacio \u201cPerro\u201d Casale domin\u00f3 entre los quads con 5 horas 26 minutos y 46 segundos. Enorme triunfo para Sebastien Loeb entre los autos, el franc\u00e9s marc\u00f3 en los relojes 4 horas 11 minutos y 2 segundos. Martin Van der Brink fue el mejor trucks en 1 hora 55 minutos y 20 segundos.<\/p>\n<p><a href=\"http:\/\/labestiadeportiva.com\/lbd\/wp-content\/uploads\/2017\/01\/images-1.jpg\"><img loading=\"lazy\" class=\"aligncenter size-full wp-image-22813\" src=\"http:\/\/labestiadeportiva.com\/lbd\/wp-content\/uploads\/2017\/01\/images-1.jpg\" alt=\"images-1\" width=\"287\" height=\"176\" \/><\/a>La clasificaci\u00f3n general dentro entre las motos sigue siendo para el ingl\u00e9s Sunderland ahora con un tiempo acumulado de 22 horas 1 minuto y 8 segundos seguido por el chileno Quintanilla a 20 minutos y 58 segundos. Completando el podio el franc\u00e9s Van Beveren a 28 minutos y 49 segundos del l\u00edder. Destacando que estos tres pilotos mantienen su actual posici\u00f3n desde la etapa 7.<\/p>\n<p>Karyakin mantiene la punta en quads con 27 horas 45 minutos y 50 segundos seguidos de cerca por Dutrie a 6 minutos y 57 segundos, Casale con su victoria de hoy se trepa al tercer lugar a 10 minutos y 19 segundos en todos los caso a bordo de unidades Yamaha.<\/p>\n<p><a href=\"http:\/\/labestiadeportiva.com\/lbd\/wp-content\/uploads\/2017\/01\/dakar-dakar-2017-513-team-kamaz-master-dmitry-sotnikov-ruslan-akhmadeev-igor-leonov.jpg\"><img loading=\"lazy\" class=\"aligncenter size-medium wp-image-22815\" src=\"http:\/\/labestiadeportiva.com\/lbd\/wp-content\/uploads\/2017\/01\/dakar-dakar-2017-513-team-kamaz-master-dmitry-sotnikov-ruslan-akhmadeev-igor-leonov-300x200.jpg\" alt=\"dakar-dakar-2017-513-team-kamaz-master-dmitry-sotnikov-ruslan-akhmadeev-igor-leonov\" width=\"300\" height=\"200\" srcset=\"http:\/\/labestiadeportiva.com\/lbd\/wp-content\/uploads\/2017\/01\/dakar-dakar-2017-513-team-kamaz-master-dmitry-sotnikov-ruslan-akhmadeev-igor-leonov-300x200.jpg 300w, http:\/\/labestiadeportiva.com\/lbd\/wp-content\/uploads\/2017\/01\/dakar-dakar-2017-513-team-kamaz-master-dmitry-sotnikov-ruslan-akhmadeev-igor-leonov.jpg 800w\" sizes=\"(max-width: 300px) 100vw, 300px\" \/><\/a>Nuevo l\u00edder entre los autos. El franc\u00e9s Loeb marca el camino con un acumulado de 20 horas 10 minutos y 5 segundos Peterhansel lo sigue a 1 minuto y 38 segundos completando el podio el finland\u00e9s Hirvonen con el mini a 53 minutos y 41 segundos del parcial vencedor.<\/p>\n<p>Sotnikov a bordo del Kamaz es el nuevo l\u00edder entre los trucks con un tiempo de 17 horas 52 minutos y 20 segundos seguido de cerca por su compatriota Nikolaev a tan solo 1 minuto y 46 segundos. El puntero de las \u00faltimas dos etapas, De Rooy, cae a la tercera ubicaci\u00f3n quedando a 2 minutos y 20 segundos del puntero.<\/p>\n<p>Este mi\u00e9rcoles llegar\u00e1 el primer especial totalmente en la Argentina, ser\u00e1 Salta\/Chilecito, 977 kil\u00f3metros que recorrer\u00e1n cuatro provincias Salta, Tucum\u00e1n, Catamarca y La Rioja efectuando 406 de ellos en forma cronometrada.<\/p>\n<p><a href=\"http:\/\/labestiadeportiva.com\/lbd\/wp-content\/uploads\/2017\/01\/images1.jpg\"><img loading=\"lazy\" class=\"aligncenter size-full wp-image-22817\" src=\"http:\/\/labestiadeportiva.com\/lbd\/wp-content\/uploads\/2017\/01\/images1.jpg\" alt=\"images\" width=\"275\" height=\"183\" \/><\/a>Casi el 98% fuera de pista donde el trabajo de los navegantes ser\u00e1 decisivo, un buen desempe\u00f1o marcar\u00e1 una clara tendencia a la hora de intentar conseguir el ansiado t\u00edtulo.<\/p>\n<div class='epvc-post-count'><span class='epvc-eye'><\/span>  <span class=\"epvc-count\"> 1.130<\/span><span class='epvc-label'> veces le\u00edda<\/span><\/div>\n<div class=\"jwsharethis\">\nShare this: \n<br \/>\n<a href=\"mailto:?subject=En%20la%20Argentina&amp;body=http%3A%2F%2Flabestiadeportiva.com%2Flbd%2Fen-la-argentina%2F\">\n<img src=\"http:\/\/labestiadeportiva.com\/lbd\/wp-content\/plugins\/jw-share-this\/email.png\" alt=\"Share this page via Email\" \/>\n<\/a>\n<a target=\"_blank\" href=\"http:\/\/www.stumbleupon.com\/submit?url=http%3A%2F%2Flabestiadeportiva.com%2Flbd%2Fen-la-argentina%2F&amp;title=En+la+Argentina\">\n<img src=\"http:\/\/labestiadeportiva.com\/lbd\/wp-content\/plugins\/jw-share-this\/su.png\" alt=\"Share this page via Stumble Upon\" \/>\n<\/a>\n<a target=\"_blank\" href=\"http:\/\/digg.com\/submit?url=http%3A%2F%2Flabestiadeportiva.com%2Flbd%2Fen-la-argentina%2F&amp;title=En+la+Argentina\">\n<img src=\"http:\/\/labestiadeportiva.com\/lbd\/wp-content\/plugins\/jw-share-this\/digg.png\" alt=\"Share this page via Digg this\" \/>\n<\/a>\n<a target=\"_blank\" href=\"http:\/\/www.facebook.com\/sharer.php?u=http%3A%2F%2Flabestiadeportiva.com%2Flbd%2Fen-la-argentina%2F&amp;t=En+la+Argentina\">\n<img src=\"http:\/\/labestiadeportiva.com\/lbd\/wp-content\/plugins\/jw-share-this\/fb.png\" alt=\"Share this page via Facebook\" \/>\n<\/a>\n<a target=\"_blank\" href=\"http:\/\/twitter.com\/intent\/tweet?text=I+like+http%3A%2F%2Flabestiadeportiva.com%2Flbd%2Fen-la-argentina%2F&amp;title=En+la+Argentina\">\n<img src=\"http:\/\/labestiadeportiva.com\/lbd\/wp-content\/plugins\/jw-share-this\/twitter.png\" alt=\"Share this page via Twitter\" \/>\n<\/a>\n<\/div>\n","protected":false},"excerpt":{"rendered":"<p>Con nuevas modificaciones en el trazado original continu\u00f3 este martes la 39\u00ba edici\u00f3n del Rally Dakar a trav\u00e9s de su etapa 8 Uyuni\/Salta. El desborde de uno de los r\u00edos a cruzar fue el principal motivo. El especial que se inici\u00f3 en la localidad boliviana tuvo 174 kil\u00f3metros de prueba, enlace de aproximadamente 70, para &hellip; <a href=\"http:\/\/labestiadeportiva.com\/lbd\/en-la-argentina\/\" class=\"more-link\">Seguir leyendo <span class=\"screen-reader-text\">En la Argentina<\/span> <span class=\"meta-nav\">&rarr;<\/span><\/a><\/p>\n","protected":false},"author":1,"featured_media":22816,"comment_status":"open","ping_status":"open","sticky":false,"template":"","format":"standard","meta":[],"categories":[2922,4,6,1],"tags":[2925,2944,83,2926,337,2945],"_links":{"self":[{"href":"http:\/\/labestiadeportiva.com\/lbd\/wp-json\/wp\/v2\/posts\/22812"}],"collection":[{"href":"http:\/\/labestiadeportiva.com\/lbd\/wp-json\/wp\/v2\/posts"}],"about":[{"href":"http:\/\/labestiadeportiva.com\/lbd\/wp-json\/wp\/v2\/types\/post"}],"author":[{"embeddable":true,"href":"http:\/\/labestiadeportiva.com\/lbd\/wp-json\/wp\/v2\/users\/1"}],"replies":[{"embeddable":true,"href":"http:\/\/labestiadeportiva.com\/lbd\/wp-json\/wp\/v2\/comments?post=22812"}],"version-history":[{"count":1,"href":"http:\/\/labestiadeportiva.com\/lbd\/wp-json\/wp\/v2\/posts\/22812\/revisions"}],"predecessor-version":[{"id":22818,"href":"http:\/\/labestiadeportiva.com\/lbd\/wp-json\/wp\/v2\/posts\/22812\/revisions\/22818"}],"wp:featuredmedia":[{"embeddable":true,"href":"http:\/\/labestiadeportiva.com\/lbd\/wp-json\/wp\/v2\/media\/22816"}],"wp:attachment":[{"href":"http:\/\/labestiadeportiva.com\/lbd\/wp-json\/wp\/v2\/media?parent=22812"}],"wp:term":[{"taxonomy":"category","embeddable":true,"href":"http:\/\/labestiadeportiva.com\/lbd\/wp-json\/wp\/v2\/categories?post=22812"},{"taxonomy":"post_tag","embeddable":true,"href":"http:\/\/labestiadeportiva.com\/lbd\/wp-json\/wp\/v2\/tags?post=22812"}],"curies":[{"name":"wp","href":"https:\/\/api.w.org\/{rel}","templated":true}]}}