{"id":23180,"date":"2017-02-22T00:21:03","date_gmt":"2017-02-22T03:21:03","guid":{"rendered":"http:\/\/labestiadeportiva.com\/lbd\/?p=23180"},"modified":"2017-02-22T00:21:03","modified_gmt":"2017-02-22T03:21:03","slug":"la-ultima-leona","status":"publish","type":"post","link":"http:\/\/labestiadeportiva.com\/lbd\/la-ultima-leona\/","title":{"rendered":"La \u00faltima \u201cLeona\u201d"},"content":{"rendered":"<p>Por Gabriel Torres (Hockey C\u00e9sped para LBD)<\/p>\n<p><a href=\"http:\/\/labestiadeportiva.com\/lbd\/wp-content\/uploads\/2017\/02\/CRebecchi1.jpg\"><img loading=\"lazy\" class=\"alignleft size-medium wp-image-23181\" src=\"http:\/\/labestiadeportiva.com\/lbd\/wp-content\/uploads\/2017\/02\/CRebecchi1-300x168.jpg\" alt=\"CRebecchi1\" width=\"300\" height=\"168\" srcset=\"http:\/\/labestiadeportiva.com\/lbd\/wp-content\/uploads\/2017\/02\/CRebecchi1-300x168.jpg 300w, http:\/\/labestiadeportiva.com\/lbd\/wp-content\/uploads\/2017\/02\/CRebecchi1.jpg 597w\" sizes=\"(max-width: 300px) 100vw, 300px\" \/><\/a>Carla Rebecchi dijo adi\u00f3s al seleccionado nacional. La \u00faltima gran goleadora de raza que form\u00f3 parte del equipo de los sue\u00f1os del hockey femenino de nuestro pa\u00eds junto con jugadoras de gran peso como Luciana Aymar, Vanina Oneto, Magdalena Aicega y otras tantas que llevaron el nombre de \u201cLeonas\u201d a lo m\u00e1s alto del hockey mundial.<!--more--><\/p>\n<p>A sus 32 a\u00f1os, dijo adi\u00f3s, jugando el \u00faltimo partido con la camiseta del seleccionado nacional, convirtiendo el segundo gol ante Nueva Zelanda y as\u00ed sellar con gloria su gran carrera.<\/p>\n<p>Jugadora del club Ciudad de Buenos Aires, empez\u00f3 su carrera en el seleccionado nacional con apenas 19 a\u00f1os a las \u00f3rdenes de \u201cCachito\u201d Vigil. De estirpe goleadora se posicion\u00f3 siempre entre las mejores convirtiendo 153 goles con la camiseta del conjunto nacional.<\/p>\n<p>Acumul\u00f3 seis t\u00edtulos en el Champions Trophy; tres mundiales disputados con un Oro, dos Bronces y el premio a la mejor jugadora junior en Madrid 2006; y tres Juegos Ol\u00edmpicos con una medalla de Bronce en Beijing 2008 y una plateada en Londres 2012.<\/p>\n<p>En el \u00faltimo per\u00edodo fue capitana de \u201cLas Leonas\u201d y gran referente luego de que se retirara Luciana Aymar. Ahora comienza una nueva etapa del hockey femenino, un camino de transici\u00f3n y grandes cambios.<\/p>\n<p><a href=\"http:\/\/labestiadeportiva.com\/lbd\/wp-content\/uploads\/2017\/02\/CRebecchi2.jpg\"><img loading=\"lazy\" class=\"aligncenter size-medium wp-image-23182\" src=\"http:\/\/labestiadeportiva.com\/lbd\/wp-content\/uploads\/2017\/02\/CRebecchi2-203x300.jpg\" alt=\"CRebecchi2\" width=\"203\" height=\"300\" srcset=\"http:\/\/labestiadeportiva.com\/lbd\/wp-content\/uploads\/2017\/02\/CRebecchi2-203x300.jpg 203w, http:\/\/labestiadeportiva.com\/lbd\/wp-content\/uploads\/2017\/02\/CRebecchi2.jpg 405w\" sizes=\"(max-width: 203px) 100vw, 203px\" \/><\/a><\/p>\n<p>&nbsp;<\/p>\n<p>&nbsp;<\/p>\n<div class='epvc-post-count'><span class='epvc-eye'><\/span>  <span class=\"epvc-count\"> 1.381<\/span><span class='epvc-label'> veces le\u00edda<\/span><\/div>\n<div class=\"jwsharethis\">\nShare this: \n<br \/>\n<a href=\"mailto:?subject=La%20%C3%BAltima%20%E2%80%9CLeona%E2%80%9D&amp;body=http%3A%2F%2Flabestiadeportiva.com%2Flbd%2Fla-ultima-leona%2F\">\n<img src=\"http:\/\/labestiadeportiva.com\/lbd\/wp-content\/plugins\/jw-share-this\/email.png\" alt=\"Share this page via Email\" \/>\n<\/a>\n<a target=\"_blank\" href=\"http:\/\/www.stumbleupon.com\/submit?url=http%3A%2F%2Flabestiadeportiva.com%2Flbd%2Fla-ultima-leona%2F&amp;title=La+%C3%BAltima+%E2%80%9CLeona%E2%80%9D\">\n<img src=\"http:\/\/labestiadeportiva.com\/lbd\/wp-content\/plugins\/jw-share-this\/su.png\" alt=\"Share this page via Stumble Upon\" \/>\n<\/a>\n<a target=\"_blank\" href=\"http:\/\/digg.com\/submit?url=http%3A%2F%2Flabestiadeportiva.com%2Flbd%2Fla-ultima-leona%2F&amp;title=La+%C3%BAltima+%E2%80%9CLeona%E2%80%9D\">\n<img src=\"http:\/\/labestiadeportiva.com\/lbd\/wp-content\/plugins\/jw-share-this\/digg.png\" alt=\"Share this page via Digg this\" \/>\n<\/a>\n<a target=\"_blank\" href=\"http:\/\/www.facebook.com\/sharer.php?u=http%3A%2F%2Flabestiadeportiva.com%2Flbd%2Fla-ultima-leona%2F&amp;t=La+%C3%BAltima+%E2%80%9CLeona%E2%80%9D\">\n<img src=\"http:\/\/labestiadeportiva.com\/lbd\/wp-content\/plugins\/jw-share-this\/fb.png\" alt=\"Share this page via Facebook\" \/>\n<\/a>\n<a target=\"_blank\" href=\"http:\/\/twitter.com\/intent\/tweet?text=I+like+http%3A%2F%2Flabestiadeportiva.com%2Flbd%2Fla-ultima-leona%2F&amp;title=La+%C3%BAltima+%E2%80%9CLeona%E2%80%9D\">\n<img src=\"http:\/\/labestiadeportiva.com\/lbd\/wp-content\/plugins\/jw-share-this\/twitter.png\" alt=\"Share this page via Twitter\" \/>\n<\/a>\n<\/div>\n","protected":false},"excerpt":{"rendered":"<p>Por Gabriel Torres (Hockey C\u00e9sped para LBD) Carla Rebecchi dijo adi\u00f3s al seleccionado nacional. La \u00faltima gran goleadora de raza que form\u00f3 parte del equipo de los sue\u00f1os del hockey femenino de nuestro pa\u00eds junto con jugadoras de gran peso como Luciana Aymar, Vanina Oneto, Magdalena Aicega y otras tantas que llevaron el nombre de &hellip; <a href=\"http:\/\/labestiadeportiva.com\/lbd\/la-ultima-leona\/\" class=\"more-link\">Seguir leyendo <span class=\"screen-reader-text\">La \u00faltima \u201cLeona\u201d<\/span> <span class=\"meta-nav\">&rarr;<\/span><\/a><\/p>\n","protected":false},"author":1,"featured_media":23181,"comment_status":"open","ping_status":"open","sticky":false,"template":"","format":"standard","meta":[],"categories":[4,6,2465,2353,1],"tags":[3037,758,2466,83,88],"_links":{"self":[{"href":"http:\/\/labestiadeportiva.com\/lbd\/wp-json\/wp\/v2\/posts\/23180"}],"collection":[{"href":"http:\/\/labestiadeportiva.com\/lbd\/wp-json\/wp\/v2\/posts"}],"about":[{"href":"http:\/\/labestiadeportiva.com\/lbd\/wp-json\/wp\/v2\/types\/post"}],"author":[{"embeddable":true,"href":"http:\/\/labestiadeportiva.com\/lbd\/wp-json\/wp\/v2\/users\/1"}],"replies":[{"embeddable":true,"href":"http:\/\/labestiadeportiva.com\/lbd\/wp-json\/wp\/v2\/comments?post=23180"}],"version-history":[{"count":1,"href":"http:\/\/labestiadeportiva.com\/lbd\/wp-json\/wp\/v2\/posts\/23180\/revisions"}],"predecessor-version":[{"id":23183,"href":"http:\/\/labestiadeportiva.com\/lbd\/wp-json\/wp\/v2\/posts\/23180\/revisions\/23183"}],"wp:featuredmedia":[{"embeddable":true,"href":"http:\/\/labestiadeportiva.com\/lbd\/wp-json\/wp\/v2\/media\/23181"}],"wp:attachment":[{"href":"http:\/\/labestiadeportiva.com\/lbd\/wp-json\/wp\/v2\/media?parent=23180"}],"wp:term":[{"taxonomy":"category","embeddable":true,"href":"http:\/\/labestiadeportiva.com\/lbd\/wp-json\/wp\/v2\/categories?post=23180"},{"taxonomy":"post_tag","embeddable":true,"href":"http:\/\/labestiadeportiva.com\/lbd\/wp-json\/wp\/v2\/tags?post=23180"}],"curies":[{"name":"wp","href":"https:\/\/api.w.org\/{rel}","templated":true}]}}