{"id":23275,"date":"2017-03-01T11:32:18","date_gmt":"2017-03-01T14:32:18","guid":{"rendered":"http:\/\/labestiadeportiva.com\/lbd\/?p=23275"},"modified":"2017-03-01T11:32:18","modified_gmt":"2017-03-01T14:32:18","slug":"calendario-pilotos-y-maquinas-para-el-2017","status":"publish","type":"post","link":"http:\/\/labestiadeportiva.com\/lbd\/calendario-pilotos-y-maquinas-para-el-2017\/","title":{"rendered":"Calendario, pilotos y m\u00e1quinas para el 2017"},"content":{"rendered":"<p>Por Daniel Campos (Corresponsal LBD en Palma de Mallorca, Espa\u00f1a)<\/p>\n<p><a href=\"http:\/\/labestiadeportiva.com\/lbd\/wp-content\/uploads\/2017\/03\/SF70H.jpg\"><img loading=\"lazy\" class=\"alignleft size-medium wp-image-23278\" src=\"http:\/\/labestiadeportiva.com\/lbd\/wp-content\/uploads\/2017\/03\/SF70H-300x169.jpg\" alt=\"SF70H\" width=\"300\" height=\"169\" srcset=\"http:\/\/labestiadeportiva.com\/lbd\/wp-content\/uploads\/2017\/03\/SF70H-300x169.jpg 300w, http:\/\/labestiadeportiva.com\/lbd\/wp-content\/uploads\/2017\/03\/SF70H.jpg 990w\" sizes=\"(max-width: 300px) 100vw, 300px\" \/><\/a>El circo de la F1 se pone en marcha el pr\u00f3ximo 26 de marzo en el trazado urbano de Albert Park, en Australia. Ser\u00e1n un total de 20 grandes premios, donde la actividad no se detendr\u00e1 hasta la tarde noche del 26 de noviembre en Abu Dabi, escenario donde conoceremos qui\u00e9n es el nuevo campe\u00f3n del mundo de conductores. Este a\u00f1o no estar\u00e1 Nico Rosberg, quien a pocos d\u00edas de consagrase, anunci\u00f3 su retiro de la actividad.<!--more--><\/p>\n<p>El mundial de 2017, ser\u00e1 el primero de la era post Ecclestone, ya que el ingl\u00e9s en septiembre del a\u00f1o pasado vendi\u00f3 los derechos de la m\u00e1xima categor\u00eda al conglomerado Liberty Media dirigido por Chase Carey. Este ser\u00e1 tambi\u00e9n un mundial de transici\u00f3n con modificaciones varias en el aspecto reglamentario y t\u00e9cnico.<\/p>\n<p>Al momento de preparar esta nota, los equipos ya est\u00e1n rodando en Montmel\u00f3, Barcelona, en los ensayos de invierno, antes de poner rumbo a territorio australiano.<\/p>\n<p><a href=\"http:\/\/labestiadeportiva.com\/lbd\/wp-content\/uploads\/2017\/03\/GP1.jpg\"><img loading=\"lazy\" class=\"aligncenter size-medium wp-image-23276\" src=\"http:\/\/labestiadeportiva.com\/lbd\/wp-content\/uploads\/2017\/03\/GP1-300x169.jpg\" alt=\"GP1\" width=\"300\" height=\"169\" srcset=\"http:\/\/labestiadeportiva.com\/lbd\/wp-content\/uploads\/2017\/03\/GP1-300x169.jpg 300w, http:\/\/labestiadeportiva.com\/lbd\/wp-content\/uploads\/2017\/03\/GP1.jpg 990w\" sizes=\"(max-width: 300px) 100vw, 300px\" \/><\/a>Nueva temporada y pocas novedades en el equipo humano que disputar\u00e1n este buscar\u00e1n este a\u00f1o 2017, el titulo de campe\u00f3n del mundo. Repasamos hombres y maquinas.<\/p>\n<p>Mercedes Benz, el vigente campe\u00f3n de Constructores, pondr\u00e1 en manos de Lewis Hamilton y Valteri Bottas, el nuevo Mercedes W08. El piloto brit\u00e1nico no tendr\u00e1 su lado al rival de las \u00faltimas tres temporadas, Nico Rosberg, que dej\u00f3 su butaca libre y que ser\u00e1 ocupada por el veloz piloto n\u00f3rdico, proveniente de Williams.<\/p>\n<p>En el equipo Red Bull, se mantiene la dupla formada por el australiano Daniel Ricciardo y el holand\u00e9s Max Verstappen. La herramienta con la que pretenden plantar cara a la escuadra de la estrella de tres puntas, es el RB13, salido del tablero de Adrian Newey.<\/p>\n<p><a href=\"http:\/\/labestiadeportiva.com\/lbd\/wp-content\/uploads\/2017\/03\/GP2.jpg\"><img loading=\"lazy\" class=\"aligncenter size-medium wp-image-23277\" src=\"http:\/\/labestiadeportiva.com\/lbd\/wp-content\/uploads\/2017\/03\/GP2-300x169.jpg\" alt=\"GP2\" width=\"300\" height=\"169\" srcset=\"http:\/\/labestiadeportiva.com\/lbd\/wp-content\/uploads\/2017\/03\/GP2-300x169.jpg 300w, http:\/\/labestiadeportiva.com\/lbd\/wp-content\/uploads\/2017\/03\/GP2.jpg 990w\" sizes=\"(max-width: 300px) 100vw, 300px\" \/><\/a>La casa de Maranello vuelve a la carga en la lucha por el t\u00edtulo con el SF70H y confiado a las manos del cuatro veces campe\u00f3n del mundo, Sebastian Vettel y al titular del 2007, Kimi Raikkonen.<\/p>\n<p>El equipo del multimillonario Vijay Mallya, el Sahara Force India F\u00f3rmula One Team, competir\u00e1 este a\u00f1o con el VJM10 y ser\u00e1 conducido por el mejicano Sergio Checo Per\u00e9z y el franc\u00e9s Esteban Ocon.<\/p>\n<p>En la escuder\u00eda de Sir Frank Williams, se unen experiencia y juventud a partes iguales. El brasile\u00f1o Felipe Massa dio marcha atr\u00e1s en su retiro de la F1 y vuelve a la factor\u00eda de Grove tras la partida de Bottas a Mercedes.<\/p>\n<p>El compa\u00f1ero de equipo del paulista, ser\u00e1 el joven canadiense de 18 a\u00f1os de edad, Lance Stroll . La herramienta de ambos pilotos es el FW 40 con motor Mercedes Benz.<\/p>\n<p><a href=\"http:\/\/labestiadeportiva.com\/lbd\/wp-content\/uploads\/2017\/03\/WO8.jpg\"><img loading=\"lazy\" class=\"aligncenter size-medium wp-image-23279\" src=\"http:\/\/labestiadeportiva.com\/lbd\/wp-content\/uploads\/2017\/03\/WO8-300x169.jpg\" alt=\"WO8\" width=\"300\" height=\"169\" srcset=\"http:\/\/labestiadeportiva.com\/lbd\/wp-content\/uploads\/2017\/03\/WO8-300x169.jpg 300w, http:\/\/labestiadeportiva.com\/lbd\/wp-content\/uploads\/2017\/03\/WO8.jpg 990w\" sizes=\"(max-width: 300px) 100vw, 300px\" \/><\/a>La escuadra inglesa McLaren con el nuevo MCL32 con motor Honda, intenta pasar p\u00e1gina tras varios a\u00f1os de sequ\u00eda. Vuelve al color naranja, que su fundador Bruce McLaren en 1966 emple\u00f3 por primera vez.<\/p>\n<p>Adem\u00e1s deja atr\u00e1s el indicativo MP4 utilizado desde 1981 cuando Ron Dennis se hizo con el control de la casa de Woking. El nuevo b\u00f3lido naranja ser\u00e1 conducido por el espa\u00f1ol Fernando Alonso y el belga Stoffel Vandoorne.<\/p>\n<p>El equipo B de la escuder\u00eda Red Bull, dirigido por Franz Totz, Toro Rosso pondr\u00e1 en pista al STR12, los encargados de llevarlo al podio ser\u00e1n el espa\u00f1ol Carlos Sainz y el ruso Daniil Kvyat.<\/p>\n<p>La escuder\u00eda americana Haas, en su segunda temporada en la F-1, contar\u00e1 con el servicio del franc\u00e9s Romain Grosjean y el dan\u00e9s Kevin Magnussen y lo har\u00e1n a bordo del VF-17.<\/p>\n<p>Renault Sport F1 con el monoplaza RS17 intentar\u00e1 retomar la senda del \u00e9xito de los a\u00f1os 2005 y 2006 y lo har\u00e1 de la mano del germano Nico Hulkenberg y el brit\u00e1nico Jolyon Palmer.<\/p>\n<p>El Sauber F1 Team es el d\u00e9cimo equipo de la parilla y con el nuevo C36, los encargados de conducirlo son el sueco Marcus Ericcson y el alem\u00e1n Pascal Wehrlein.<\/p>\n<p><span style=\"color: #ff0000;\">Las carreras<\/span><br \/>\nGP de Australia, Albert Park, 26 de marzo<br \/>\nGP de China, Shanghai, 9 de abril<br \/>\nGP de Bahrein, Bahrein, 16 de abril<br \/>\nGP de Rusia, Sochi, 30 de abril<br \/>\nGP de Espa\u00f1a, Montmel\u00f3, 14 de mayo<br \/>\nGP de M\u00f3naco, Montecarlo, 28 de mayo<br \/>\nGP de Canad\u00e1, Montreal, 11 de junio<br \/>\nGP de Azerbaiy\u00e1n, Bak\u00fa, 25 de junio<br \/>\nGP de Austria, Spielberg, 9 de julio<br \/>\nGP de Gran Breta\u00f1a, Silverstone, 16 de julio<br \/>\nGP de Hungr\u00eda, Hungaroring, 30 de julio<br \/>\nGP de B\u00e9lgica, Spa Fracorchamps, 27 de agosto<br \/>\nGP de Italia, Monza, 3 de septiembre<br \/>\nGP de Singapur, Marina Bay, 17 de septiembre<br \/>\nGP de Malasia, Sepang, 1 de octubre<br \/>\nGP de Jap\u00f3n, Suzuka, 8 de octubre<br \/>\nGP de Estados Unidos, Austin, 22 de octubre<br \/>\nGP de M\u00e9xico, Hermanos Rodr\u00edguez, 29 de octubre<br \/>\nGP de Brasil, Interlagos, 12 de noviembre<br \/>\nGP de Abu Dabi, Yas Marina, 26 de noviembre<\/p>\n<div class='epvc-post-count'><span class='epvc-eye'><\/span>  <span class=\"epvc-count\"> 950<\/span><span class='epvc-label'> veces le\u00edda<\/span><\/div>\n<div class=\"jwsharethis\">\nShare this: \n<br \/>\n<a href=\"mailto:?subject=Calendario%2C%20pilotos%20y%20m%C3%A1quinas%20para%20el%202017&amp;body=http%3A%2F%2Flabestiadeportiva.com%2Flbd%2Fcalendario-pilotos-y-maquinas-para-el-2017%2F\">\n<img src=\"http:\/\/labestiadeportiva.com\/lbd\/wp-content\/plugins\/jw-share-this\/email.png\" alt=\"Share this page via Email\" \/>\n<\/a>\n<a target=\"_blank\" href=\"http:\/\/www.stumbleupon.com\/submit?url=http%3A%2F%2Flabestiadeportiva.com%2Flbd%2Fcalendario-pilotos-y-maquinas-para-el-2017%2F&amp;title=Calendario%2C+pilotos+y+m%C3%A1quinas+para+el+2017\">\n<img src=\"http:\/\/labestiadeportiva.com\/lbd\/wp-content\/plugins\/jw-share-this\/su.png\" alt=\"Share this page via Stumble Upon\" \/>\n<\/a>\n<a target=\"_blank\" href=\"http:\/\/digg.com\/submit?url=http%3A%2F%2Flabestiadeportiva.com%2Flbd%2Fcalendario-pilotos-y-maquinas-para-el-2017%2F&amp;title=Calendario%2C+pilotos+y+m%C3%A1quinas+para+el+2017\">\n<img src=\"http:\/\/labestiadeportiva.com\/lbd\/wp-content\/plugins\/jw-share-this\/digg.png\" alt=\"Share this page via Digg this\" \/>\n<\/a>\n<a target=\"_blank\" href=\"http:\/\/www.facebook.com\/sharer.php?u=http%3A%2F%2Flabestiadeportiva.com%2Flbd%2Fcalendario-pilotos-y-maquinas-para-el-2017%2F&amp;t=Calendario%2C+pilotos+y+m%C3%A1quinas+para+el+2017\">\n<img src=\"http:\/\/labestiadeportiva.com\/lbd\/wp-content\/plugins\/jw-share-this\/fb.png\" alt=\"Share this page via Facebook\" \/>\n<\/a>\n<a target=\"_blank\" href=\"http:\/\/twitter.com\/intent\/tweet?text=I+like+http%3A%2F%2Flabestiadeportiva.com%2Flbd%2Fcalendario-pilotos-y-maquinas-para-el-2017%2F&amp;title=Calendario%2C+pilotos+y+m%C3%A1quinas+para+el+2017\">\n<img src=\"http:\/\/labestiadeportiva.com\/lbd\/wp-content\/plugins\/jw-share-this\/twitter.png\" alt=\"Share this page via Twitter\" \/>\n<\/a>\n<\/div>\n","protected":false},"excerpt":{"rendered":"<p>Por Daniel Campos (Corresponsal LBD en Palma de Mallorca, Espa\u00f1a) El circo de la F1 se pone en marcha el pr\u00f3ximo 26 de marzo en el trazado urbano de Albert Park, en Australia. Ser\u00e1n un total de 20 grandes premios, donde la actividad no se detendr\u00e1 hasta la tarde noche del 26 de noviembre en &hellip; <a href=\"http:\/\/labestiadeportiva.com\/lbd\/calendario-pilotos-y-maquinas-para-el-2017\/\" class=\"more-link\">Seguir leyendo <span class=\"screen-reader-text\">Calendario, pilotos y m\u00e1quinas para el 2017<\/span> <span class=\"meta-nav\">&rarr;<\/span><\/a><\/p>\n","protected":false},"author":1,"featured_media":23278,"comment_status":"open","ping_status":"open","sticky":false,"template":"","format":"standard","meta":[],"categories":[2176,4,3045,1],"tags":[154,3046,83],"_links":{"self":[{"href":"http:\/\/labestiadeportiva.com\/lbd\/wp-json\/wp\/v2\/posts\/23275"}],"collection":[{"href":"http:\/\/labestiadeportiva.com\/lbd\/wp-json\/wp\/v2\/posts"}],"about":[{"href":"http:\/\/labestiadeportiva.com\/lbd\/wp-json\/wp\/v2\/types\/post"}],"author":[{"embeddable":true,"href":"http:\/\/labestiadeportiva.com\/lbd\/wp-json\/wp\/v2\/users\/1"}],"replies":[{"embeddable":true,"href":"http:\/\/labestiadeportiva.com\/lbd\/wp-json\/wp\/v2\/comments?post=23275"}],"version-history":[{"count":1,"href":"http:\/\/labestiadeportiva.com\/lbd\/wp-json\/wp\/v2\/posts\/23275\/revisions"}],"predecessor-version":[{"id":23280,"href":"http:\/\/labestiadeportiva.com\/lbd\/wp-json\/wp\/v2\/posts\/23275\/revisions\/23280"}],"wp:featuredmedia":[{"embeddable":true,"href":"http:\/\/labestiadeportiva.com\/lbd\/wp-json\/wp\/v2\/media\/23278"}],"wp:attachment":[{"href":"http:\/\/labestiadeportiva.com\/lbd\/wp-json\/wp\/v2\/media?parent=23275"}],"wp:term":[{"taxonomy":"category","embeddable":true,"href":"http:\/\/labestiadeportiva.com\/lbd\/wp-json\/wp\/v2\/categories?post=23275"},{"taxonomy":"post_tag","embeddable":true,"href":"http:\/\/labestiadeportiva.com\/lbd\/wp-json\/wp\/v2\/tags?post=23275"}],"curies":[{"name":"wp","href":"https:\/\/api.w.org\/{rel}","templated":true}]}}