{"id":23497,"date":"2017-03-17T11:16:18","date_gmt":"2017-03-17T14:16:18","guid":{"rendered":"http:\/\/labestiadeportiva.com\/lbd\/?p=23497"},"modified":"2017-03-17T11:16:18","modified_gmt":"2017-03-17T14:16:18","slug":"nuevos-colores-misma-ilusion","status":"publish","type":"post","link":"http:\/\/labestiadeportiva.com\/lbd\/nuevos-colores-misma-ilusion\/","title":{"rendered":"Nuevos colores, misma ilusi\u00f3n"},"content":{"rendered":"<p><a href=\"http:\/\/labestiadeportiva.com\/lbd\/wp-content\/uploads\/2017\/03\/17265158_10210189931683876_4819497474826593342_n.jpg\"><img loading=\"lazy\" class=\"alignleft size-medium wp-image-23499\" src=\"http:\/\/labestiadeportiva.com\/lbd\/wp-content\/uploads\/2017\/03\/17265158_10210189931683876_4819497474826593342_n-300x300.jpg\" alt=\"17265158_10210189931683876_4819497474826593342_n\" width=\"300\" height=\"300\" srcset=\"http:\/\/labestiadeportiva.com\/lbd\/wp-content\/uploads\/2017\/03\/17265158_10210189931683876_4819497474826593342_n-300x300.jpg 300w, http:\/\/labestiadeportiva.com\/lbd\/wp-content\/uploads\/2017\/03\/17265158_10210189931683876_4819497474826593342_n-150x150.jpg 150w, http:\/\/labestiadeportiva.com\/lbd\/wp-content\/uploads\/2017\/03\/17265158_10210189931683876_4819497474826593342_n-160x160.jpg 160w, http:\/\/labestiadeportiva.com\/lbd\/wp-content\/uploads\/2017\/03\/17265158_10210189931683876_4819497474826593342_n-320x320.jpg 320w, http:\/\/labestiadeportiva.com\/lbd\/wp-content\/uploads\/2017\/03\/17265158_10210189931683876_4819497474826593342_n-60x60.jpg 60w, http:\/\/labestiadeportiva.com\/lbd\/wp-content\/uploads\/2017\/03\/17265158_10210189931683876_4819497474826593342_n.jpg 526w\" sizes=\"(max-width: 300px) 100vw, 300px\" \/><\/a>El piloto ushuaiense Mariano Preto renueva sus expectativas dentro de la clase Junior del Campeonato Argentino de Rally tras alzarse con dos subcampeonatos consecutivos y va en busca de repetir triunfo en Taf\u00ed del Valle, sobre suelo tucumano. Entre el 17 y 19 de marzo llega la hora de poner en marcha una temporada que promete. Fuente y foto prensa Mariano Preto.<!--more--><\/p>\n<p>Tras haber superado en 2016 una exitosa prueba competitiva en Polonia, bautiz\u00e1ndose en el viejo continente dentro del Top 10, el oriundo de Tierra del Fuego que acumula dos subcampeonatos consecutivos en la clase Junior del Rally Argentino, renueva sus expectativas acompa\u00f1ado por Sergio Daparte en la butaca derecha sumando la cl\u00e1sica asistencia del Boaglio Competici\u00f3n.<\/p>\n<p><span style=\"color: #0000ff;\">\u201cLlegaron algunos pilotos y eso va a darle mayor relevancia a la categor\u00eda. Estoy m\u00e1s listo que nunca, me prepar\u00e9 muy a conciencia en la parte f\u00edsica y esperemos que la suerte nos acompa\u00f1e para sacarnos la espina de ser campe\u00f3n\u201d<\/span>, comenz\u00f3 diciendo Mariano, enfocado claramente en su objetivo.<\/p>\n<p>Cabe recordar que los antecedentes en Taf\u00ed del Valle, cita del fin de semana que dar\u00e1 rienda suelta a su segunda edici\u00f3n, son los mejores porque en el estreno de la sede la dupla consigui\u00f3 treparse a lo m\u00e1s alto del podio.<\/p>\n<p><span style=\"color: #0000ff;\">\u201cEncaramos el a\u00f1o de la mejor manera, creo que con Mariano nos afianzamos en cuanto al conocimiento mutuo y eso siempre ayuda para ir en busca del campeonato. Hay muchas ganas de hacer bien las cosas y ojal\u00e1 que la tercera sea la vencida\u201d<\/span>, enfatiz\u00f3 Sergio Daparte a modo de previa.<\/p>\n<p>La cita tucumana englobar\u00e1 tres d\u00edas de competencia, con el shakedown previo este viernes continuando con las dos etapas. La del s\u00e1bado comprender\u00e1 79 km. de pruebas especiales mientras que la del domingo aportar\u00e1 52 km. cronometrados.<\/p>\n<p>Mariano Preto agradece a sus sponsors: Dulce Beagle, Frigor\u00edfico Terra-Foc y DAPCO Vial Constructora. Asimismo a toda la gente de Tierra del Fuego, familia y amigos que apoyan de manera incondicional.<\/p>\n<div class='epvc-post-count'><span class='epvc-eye'><\/span>  <span class=\"epvc-count\"> 1.061<\/span><span class='epvc-label'> veces le\u00edda<\/span><\/div>\n<div class=\"jwsharethis\">\nShare this: \n<br \/>\n<a href=\"mailto:?subject=Nuevos%20colores%2C%20misma%20ilusi%C3%B3n&amp;body=http%3A%2F%2Flabestiadeportiva.com%2Flbd%2Fnuevos-colores-misma-ilusion%2F\">\n<img src=\"http:\/\/labestiadeportiva.com\/lbd\/wp-content\/plugins\/jw-share-this\/email.png\" alt=\"Share this page via Email\" \/>\n<\/a>\n<a target=\"_blank\" href=\"http:\/\/www.stumbleupon.com\/submit?url=http%3A%2F%2Flabestiadeportiva.com%2Flbd%2Fnuevos-colores-misma-ilusion%2F&amp;title=Nuevos+colores%2C+misma+ilusi%C3%B3n\">\n<img src=\"http:\/\/labestiadeportiva.com\/lbd\/wp-content\/plugins\/jw-share-this\/su.png\" alt=\"Share this page via Stumble Upon\" \/>\n<\/a>\n<a target=\"_blank\" href=\"http:\/\/digg.com\/submit?url=http%3A%2F%2Flabestiadeportiva.com%2Flbd%2Fnuevos-colores-misma-ilusion%2F&amp;title=Nuevos+colores%2C+misma+ilusi%C3%B3n\">\n<img src=\"http:\/\/labestiadeportiva.com\/lbd\/wp-content\/plugins\/jw-share-this\/digg.png\" alt=\"Share this page via Digg this\" \/>\n<\/a>\n<a target=\"_blank\" href=\"http:\/\/www.facebook.com\/sharer.php?u=http%3A%2F%2Flabestiadeportiva.com%2Flbd%2Fnuevos-colores-misma-ilusion%2F&amp;t=Nuevos+colores%2C+misma+ilusi%C3%B3n\">\n<img src=\"http:\/\/labestiadeportiva.com\/lbd\/wp-content\/plugins\/jw-share-this\/fb.png\" alt=\"Share this page via Facebook\" \/>\n<\/a>\n<a target=\"_blank\" href=\"http:\/\/twitter.com\/intent\/tweet?text=I+like+http%3A%2F%2Flabestiadeportiva.com%2Flbd%2Fnuevos-colores-misma-ilusion%2F&amp;title=Nuevos+colores%2C+misma+ilusi%C3%B3n\">\n<img src=\"http:\/\/labestiadeportiva.com\/lbd\/wp-content\/plugins\/jw-share-this\/twitter.png\" alt=\"Share this page via Twitter\" \/>\n<\/a>\n<\/div>\n","protected":false},"excerpt":{"rendered":"<p>El piloto ushuaiense Mariano Preto renueva sus expectativas dentro de la clase Junior del Campeonato Argentino de Rally tras alzarse con dos subcampeonatos consecutivos y va en busca de repetir triunfo en Taf\u00ed del Valle, sobre suelo tucumano. Entre el 17 y 19 de marzo llega la hora de poner en marcha una temporada que &hellip; <a href=\"http:\/\/labestiadeportiva.com\/lbd\/nuevos-colores-misma-ilusion\/\" class=\"more-link\">Seguir leyendo <span class=\"screen-reader-text\">Nuevos colores, misma ilusi\u00f3n<\/span> <span class=\"meta-nav\">&rarr;<\/span><\/a><\/p>\n","protected":false},"author":1,"featured_media":23499,"comment_status":"open","ping_status":"open","sticky":false,"template":"","format":"standard","meta":[],"categories":[2135,5,6,1,2487],"tags":[2367,596,2758,3070],"_links":{"self":[{"href":"http:\/\/labestiadeportiva.com\/lbd\/wp-json\/wp\/v2\/posts\/23497"}],"collection":[{"href":"http:\/\/labestiadeportiva.com\/lbd\/wp-json\/wp\/v2\/posts"}],"about":[{"href":"http:\/\/labestiadeportiva.com\/lbd\/wp-json\/wp\/v2\/types\/post"}],"author":[{"embeddable":true,"href":"http:\/\/labestiadeportiva.com\/lbd\/wp-json\/wp\/v2\/users\/1"}],"replies":[{"embeddable":true,"href":"http:\/\/labestiadeportiva.com\/lbd\/wp-json\/wp\/v2\/comments?post=23497"}],"version-history":[{"count":1,"href":"http:\/\/labestiadeportiva.com\/lbd\/wp-json\/wp\/v2\/posts\/23497\/revisions"}],"predecessor-version":[{"id":23500,"href":"http:\/\/labestiadeportiva.com\/lbd\/wp-json\/wp\/v2\/posts\/23497\/revisions\/23500"}],"wp:featuredmedia":[{"embeddable":true,"href":"http:\/\/labestiadeportiva.com\/lbd\/wp-json\/wp\/v2\/media\/23499"}],"wp:attachment":[{"href":"http:\/\/labestiadeportiva.com\/lbd\/wp-json\/wp\/v2\/media?parent=23497"}],"wp:term":[{"taxonomy":"category","embeddable":true,"href":"http:\/\/labestiadeportiva.com\/lbd\/wp-json\/wp\/v2\/categories?post=23497"},{"taxonomy":"post_tag","embeddable":true,"href":"http:\/\/labestiadeportiva.com\/lbd\/wp-json\/wp\/v2\/tags?post=23497"}],"curies":[{"name":"wp","href":"https:\/\/api.w.org\/{rel}","templated":true}]}}