{"id":2363,"date":"2013-01-09T14:11:29","date_gmt":"2013-01-09T14:11:29","guid":{"rendered":"http:\/\/labestiadeportiva.com\/lbd\/?p=2363"},"modified":"2013-01-09T21:19:41","modified_gmt":"2013-01-09T21:19:41","slug":"escudero-en-los-cuervos","status":"publish","type":"post","link":"http:\/\/labestiadeportiva.com\/lbd\/escudero-en-los-cuervos\/","title":{"rendered":"Escudero en Los Cuervos?"},"content":{"rendered":"<p>Por Isidoro \u201cChory\u201d Aramburu (Corresponsal LBD)<\/p>\n<p><a href=\"http:\/\/labestiadeportiva.com\/lbd\/wp-content\/uploads\/2013\/01\/MG_0860.jpg\"><img loading=\"lazy\" class=\"alignleft size-medium wp-image-2364\" title=\"_MG_0860\" src=\"http:\/\/labestiadeportiva.com\/lbd\/wp-content\/uploads\/2013\/01\/MG_0860-300x179.jpg\" alt=\"\" width=\"300\" height=\"179\" srcset=\"http:\/\/labestiadeportiva.com\/lbd\/wp-content\/uploads\/2013\/01\/MG_0860-300x179.jpg 300w, http:\/\/labestiadeportiva.com\/lbd\/wp-content\/uploads\/2013\/01\/MG_0860.jpg 640w\" sizes=\"(max-width: 300px) 100vw, 300px\" \/><\/a><\/p>\n<p>&nbsp;<\/p>\n<p>Los Cuervos FDM se encuentran actualmente en la recta final de una dura pretemporada encabezada por su preparador f\u00edsico, Mat\u00edas \u201cLagarto\u201d Avenda\u00f1o y el entrenador Mat\u00edas Aducci, de cara al pr\u00f3ximo Torneo del \u00a0Interior que tendr\u00e1 su inicio el 27 de este mes. Los azulgranas recibieron la visita del ex campe\u00f3n de la instituci\u00f3n de Boedo el cordob\u00e9s <span style=\"color: #ff0000;\">Rolando<\/span> <span style=\"color: #ff0000;\">\u201cRoly\u201d Escudero<\/span>. En charla con LBD el jugador de 41 a\u00f1os no descart\u00f3 la posibilidad de convertirse en refuerzo cuervo.<!--morePara leer Click Aqu\u00ed--><\/p>\n<p>Despu\u00e9s de varios a\u00f1os dominando ampliamente la escena local del futbol de cancha abierta, Los Cuervos buscan dar el gran salto en lo que ser\u00e1 su quinta participaci\u00f3n en el torneo nacional.<\/p>\n<p>Con una gran renovaci\u00f3n de j\u00f3venes promesas y manteniendo una base de jugadores experimentados, participes de las pasadas haza\u00f1as cuervas, el equipo \u201cazulgrana\u201d se ilusiona con poder avanzar aun mas en este torneo tan competitivo y seguir nutriendo la joven pero rica historia de este club que, pese a la poca o nula colaboraci\u00f3n por parte de los entes estatales locales se las arregla para, a base de esfuerzo y logros deportivos, seguir creciendo a\u00f1o a a\u00f1o.<\/p>\n<p>En el d\u00eda de ayer se hizo presente en el vestuario una visita ilustre para los hinchas de San Lorenzo, Rolando \u201cRoly\u201d Escudero; campe\u00f3n con el club de Boedo en la temporada 95, en el recordado equipo dirigido por el \u201cBambino\u201d Veira, junto a figuras como Ruggeri, Passet, Biaggio y Silas; entre otros.<\/p>\n<p>En una breve charla con \u00e9l dejo entrever su ilusi\u00f3n de poder vestir la camiseta del campe\u00f3n de Ushuaia como refuerzo para el Torneo Argentino.<\/p>\n<p><a href=\"http:\/\/labestiadeportiva.com\/lbd\/wp-content\/uploads\/2013\/01\/Escudero.jpg\"><img loading=\"lazy\" class=\"aligncenter size-medium wp-image-2366\" title=\"Escudero\" src=\"http:\/\/labestiadeportiva.com\/lbd\/wp-content\/uploads\/2013\/01\/Escudero-187x300.jpg\" alt=\"\" width=\"187\" height=\"300\" srcset=\"http:\/\/labestiadeportiva.com\/lbd\/wp-content\/uploads\/2013\/01\/Escudero-187x300.jpg 187w, http:\/\/labestiadeportiva.com\/lbd\/wp-content\/uploads\/2013\/01\/Escudero.jpg 200w\" sizes=\"(max-width: 187px) 100vw, 187px\" \/><\/a><span style=\"color: #0000ff;\">\u201cVine de visita con mi familia y me puse en contacto con \u201cMati\u201d (Aducci) que fue mi compa\u00f1ero en Brown de Adrogu\u00e9, nos reunimos con Pablo (Vi\u00f1as) el presidente del club y en media hora ya est\u00e1bamos planeando todo.<\/span><\/p>\n<p><span style=\"color: #0000ff;\">Tengo muchas ganas de poder jugar pero es dif\u00edcil, vamos a hacer todo lo posible. El pasado torneo del interior jugu\u00e9 para Juventud de Suipacha, as\u00ed que no es imposible\u201d.<\/span><\/p>\n<p>El experimentado jugador dejo en claro tambi\u00e9n, que en caso de concretarse esta idea, no vendr\u00eda en calidad de estrella, sino a sumar como uno m\u00e1s, con humildad por sobre todo.<\/p>\n<p>As\u00ed se prepara el Cuervo, con las ilusiones prendidas y los botines en marcha.<\/p>\n<p>&nbsp;<\/p>\n<div class='epvc-post-count'><span class='epvc-eye'><\/span>  <span class=\"epvc-count\"> 1.499<\/span><span class='epvc-label'> veces le\u00edda<\/span><\/div>\n<div class=\"jwsharethis\">\nShare this: \n<br \/>\n<a href=\"mailto:?subject=Escudero%20en%20Los%20Cuervos%3F&amp;body=http%3A%2F%2Flabestiadeportiva.com%2Flbd%2Fescudero-en-los-cuervos%2F\">\n<img src=\"http:\/\/labestiadeportiva.com\/lbd\/wp-content\/plugins\/jw-share-this\/email.png\" alt=\"Share this page via Email\" \/>\n<\/a>\n<a target=\"_blank\" href=\"http:\/\/www.stumbleupon.com\/submit?url=http%3A%2F%2Flabestiadeportiva.com%2Flbd%2Fescudero-en-los-cuervos%2F&amp;title=Escudero+en+Los+Cuervos%3F\">\n<img src=\"http:\/\/labestiadeportiva.com\/lbd\/wp-content\/plugins\/jw-share-this\/su.png\" alt=\"Share this page via Stumble Upon\" \/>\n<\/a>\n<a target=\"_blank\" href=\"http:\/\/digg.com\/submit?url=http%3A%2F%2Flabestiadeportiva.com%2Flbd%2Fescudero-en-los-cuervos%2F&amp;title=Escudero+en+Los+Cuervos%3F\">\n<img src=\"http:\/\/labestiadeportiva.com\/lbd\/wp-content\/plugins\/jw-share-this\/digg.png\" alt=\"Share this page via Digg this\" \/>\n<\/a>\n<a target=\"_blank\" href=\"http:\/\/www.facebook.com\/sharer.php?u=http%3A%2F%2Flabestiadeportiva.com%2Flbd%2Fescudero-en-los-cuervos%2F&amp;t=Escudero+en+Los+Cuervos%3F\">\n<img src=\"http:\/\/labestiadeportiva.com\/lbd\/wp-content\/plugins\/jw-share-this\/fb.png\" alt=\"Share this page via Facebook\" \/>\n<\/a>\n<a target=\"_blank\" href=\"http:\/\/twitter.com\/intent\/tweet?text=I+like+http%3A%2F%2Flabestiadeportiva.com%2Flbd%2Fescudero-en-los-cuervos%2F&amp;title=Escudero+en+Los+Cuervos%3F\">\n<img src=\"http:\/\/labestiadeportiva.com\/lbd\/wp-content\/plugins\/jw-share-this\/twitter.png\" alt=\"Share this page via Twitter\" \/>\n<\/a>\n<\/div>\n","protected":false},"excerpt":{"rendered":"<p>Por Isidoro \u201cChory\u201d Aramburu (Corresponsal LBD) &nbsp; Los Cuervos FDM se encuentran actualmente en la recta final de una dura pretemporada encabezada por su preparador f\u00edsico, Mat\u00edas \u201cLagarto\u201d Avenda\u00f1o y el entrenador Mat\u00edas Aducci, de cara al pr\u00f3ximo Torneo del \u00a0Interior que tendr\u00e1 su inicio el 27 de este mes. Los azulgranas recibieron la visita &hellip; <a href=\"http:\/\/labestiadeportiva.com\/lbd\/escudero-en-los-cuervos\/\" class=\"more-link\">Seguir leyendo <span class=\"screen-reader-text\">Escudero en Los Cuervos?<\/span> <span class=\"meta-nav\">&rarr;<\/span><\/a><\/p>\n","protected":false},"author":1,"featured_media":2364,"comment_status":"open","ping_status":"open","sticky":false,"template":"","format":"standard","meta":[],"categories":[5,6,60,1],"tags":[17,48,345],"_links":{"self":[{"href":"http:\/\/labestiadeportiva.com\/lbd\/wp-json\/wp\/v2\/posts\/2363"}],"collection":[{"href":"http:\/\/labestiadeportiva.com\/lbd\/wp-json\/wp\/v2\/posts"}],"about":[{"href":"http:\/\/labestiadeportiva.com\/lbd\/wp-json\/wp\/v2\/types\/post"}],"author":[{"embeddable":true,"href":"http:\/\/labestiadeportiva.com\/lbd\/wp-json\/wp\/v2\/users\/1"}],"replies":[{"embeddable":true,"href":"http:\/\/labestiadeportiva.com\/lbd\/wp-json\/wp\/v2\/comments?post=2363"}],"version-history":[{"count":6,"href":"http:\/\/labestiadeportiva.com\/lbd\/wp-json\/wp\/v2\/posts\/2363\/revisions"}],"predecessor-version":[{"id":2371,"href":"http:\/\/labestiadeportiva.com\/lbd\/wp-json\/wp\/v2\/posts\/2363\/revisions\/2371"}],"wp:featuredmedia":[{"embeddable":true,"href":"http:\/\/labestiadeportiva.com\/lbd\/wp-json\/wp\/v2\/media\/2364"}],"wp:attachment":[{"href":"http:\/\/labestiadeportiva.com\/lbd\/wp-json\/wp\/v2\/media?parent=2363"}],"wp:term":[{"taxonomy":"category","embeddable":true,"href":"http:\/\/labestiadeportiva.com\/lbd\/wp-json\/wp\/v2\/categories?post=2363"},{"taxonomy":"post_tag","embeddable":true,"href":"http:\/\/labestiadeportiva.com\/lbd\/wp-json\/wp\/v2\/tags?post=2363"}],"curies":[{"name":"wp","href":"https:\/\/api.w.org\/{rel}","templated":true}]}}