{"id":23804,"date":"2017-04-12T20:57:44","date_gmt":"2017-04-12T23:57:44","guid":{"rendered":"http:\/\/labestiadeportiva.com\/lbd\/?p=23804"},"modified":"2017-04-12T20:57:44","modified_gmt":"2017-04-12T23:57:44","slug":"campeones-en-el-bosque","status":"publish","type":"post","link":"http:\/\/labestiadeportiva.com\/lbd\/campeones-en-el-bosque\/","title":{"rendered":"Campeones en el bosque"},"content":{"rendered":"<p><a href=\"http:\/\/labestiadeportiva.com\/lbd\/wp-content\/uploads\/2017\/04\/17884587_1424461937620337_8745407077271972366_n.jpg\"><img loading=\"lazy\" class=\"alignleft size-medium wp-image-23805\" src=\"http:\/\/labestiadeportiva.com\/lbd\/wp-content\/uploads\/2017\/04\/17884587_1424461937620337_8745407077271972366_n-300x164.jpg\" alt=\"17884587_1424461937620337_8745407077271972366_n\" width=\"300\" height=\"164\" srcset=\"http:\/\/labestiadeportiva.com\/lbd\/wp-content\/uploads\/2017\/04\/17884587_1424461937620337_8745407077271972366_n-300x164.jpg 300w, http:\/\/labestiadeportiva.com\/lbd\/wp-content\/uploads\/2017\/04\/17884587_1424461937620337_8745407077271972366_n.jpg 782w\" sizes=\"(max-width: 300px) 100vw, 300px\" \/><\/a>El pasado domingo culmin\u00f3 el campeonato fueguino de bicicletas de descenso temporada 2016\/2017 organizado por ACME. David Correa, Agust\u00edn Tapia y Uriel Puigpinos ganaron sus segmentos. La actividad competitiva se detendr\u00e1 hasta despu\u00e9s del invierno.<!--more--><\/p>\n<p>Con cuatro competencias, dos en el segundo semestre de 2016 y otras dos en el arranque del a\u00f1o en curso, la Asociaci\u00f3n Cicl\u00edstica Mountain Bike Extremo culmin\u00f3 este fin de semana su Copa Fueguina.<\/p>\n<p>En la cita culmine estuvieron presentes 28 corredores quienes recorrieron el circuito del Nelson\u00b4s Place enclavado en el bosquecito del barrio Kaik\u00e9n.<\/p>\n<p>Como de costumbre en cada una de3 las fechas los dirigentes\/corredores trabajaron para mejorar el recorrido en toda su extensi\u00f3n que en esta oportunidad fue de 800 metros.<\/p>\n<p><a href=\"http:\/\/labestiadeportiva.com\/lbd\/wp-content\/uploads\/2017\/04\/17799096_1424461984286999_2943789280018940377_n.jpg\"><img loading=\"lazy\" class=\"aligncenter size-medium wp-image-23806\" src=\"http:\/\/labestiadeportiva.com\/lbd\/wp-content\/uploads\/2017\/04\/17799096_1424461984286999_2943789280018940377_n-300x225.jpg\" alt=\"17799096_1424461984286999_2943789280018940377_n\" width=\"300\" height=\"225\" srcset=\"http:\/\/labestiadeportiva.com\/lbd\/wp-content\/uploads\/2017\/04\/17799096_1424461984286999_2943789280018940377_n-300x225.jpg 300w, http:\/\/labestiadeportiva.com\/lbd\/wp-content\/uploads\/2017\/04\/17799096_1424461984286999_2943789280018940377_n.jpg 960w\" sizes=\"(max-width: 300px) 100vw, 300px\" \/><\/a>En cuanto a las mejores producciones sobre las bicicletas en doble suspensi\u00f3n promocional la victoria fue para \u00c1lvaro Risoglio aunque el segundo puesto de Uriel Puigpinos lo catapult\u00f3 al campeonato.<br \/>\nEn semirr\u00edgidos lo de Agust\u00edn Tapia volvi\u00f3 a ser contundente. Se qued\u00f3 con una fecha m\u00e1s, la tercera, en esta oportunidad escoltado por Esteban Mendiburu.<\/p>\n<p>Finalmente en la Elite de la Doble Suspensi\u00f3n Lucas Carrera se quedaba con la fecha. El buen desempe\u00f1o de David Correa le permit\u00eda conseguir los valiosos puntos para llegar al campeonato aventajando finalmente a Jofre por 16 unidades.<\/p>\n<p>Buena jornada de cierre para los riders del Downhill quienes en un breve contacto con LBD expresaron que a partir de aqu\u00ed solo utilizaran el tradicional lugar de competencia para entrenamientos.<\/p>\n<p>Esto se debe a que lamentablemente en el sector se abri\u00f3 una calle por parte de personas desconocidas cortando por la mitad todos los circuitos.<\/p>\n<p>Es por ello que se dificulta la realizaci\u00f3n de eventos futuros.<br \/>\nEsperemos que luego de la veda invernal todo pueda ser solucionado y los practicantes de esta novel y creciente disciplina tengan por fin un lugar acorde y cuidado para realizar sus campeonatos.<\/p>\n<p><span style=\"color: #0000ff;\"><a href=\"http:\/\/labestiadeportiva.com\/lbd\/wp-content\/uploads\/2017\/04\/17862489_1424462070953657_6120708204814511385_n.jpg\"><img loading=\"lazy\" class=\"aligncenter size-medium wp-image-23807\" src=\"http:\/\/labestiadeportiva.com\/lbd\/wp-content\/uploads\/2017\/04\/17862489_1424462070953657_6120708204814511385_n-300x259.jpg\" alt=\"17862489_1424462070953657_6120708204814511385_n\" width=\"300\" height=\"259\" srcset=\"http:\/\/labestiadeportiva.com\/lbd\/wp-content\/uploads\/2017\/04\/17862489_1424462070953657_6120708204814511385_n-300x259.jpg 300w, http:\/\/labestiadeportiva.com\/lbd\/wp-content\/uploads\/2017\/04\/17862489_1424462070953657_6120708204814511385_n.jpg 505w\" sizes=\"(max-width: 300px) 100vw, 300px\" \/><\/a>Los podios por categor\u00edas<\/span><\/p>\n<p>Semirr\u00edgidos<br \/>\n<span style=\"color: #ff0000;\">1\u00ba Agust\u00edn Tapia 144 Pts.<\/span><br \/>\n2\u00ba Esteban Mendiburu 99<br \/>\n3\u00ba Iv\u00e1n Fosati 88<\/p>\n<p>Doble Suspensi\u00f3n Promocional<br \/>\n<span style=\"color: #ff0000;\">1\u00ba Uriel Puigpinos 130 Pts.<\/span><br \/>\n2\u00ba \u00c1lvaro Risoglio 120<br \/>\n3\u00ba Hugo Sueldo 90<\/p>\n<p>Doble Suspensi\u00f3n Elite<br \/>\n<span style=\"color: #ff0000;\">1\u00ba David Correa 128 Pts.<\/span><br \/>\n2\u00ba Gonzalo Jofre 112<br \/>\n3\u00ba Lucas Jerez 97<\/p>\n<div class='epvc-post-count'><span class='epvc-eye'><\/span>  <span class=\"epvc-count\"> 1.171<\/span><span class='epvc-label'> veces le\u00edda<\/span><\/div>\n<div class=\"jwsharethis\">\nShare this: \n<br \/>\n<a href=\"mailto:?subject=Campeones%20en%20el%20bosque&amp;body=http%3A%2F%2Flabestiadeportiva.com%2Flbd%2Fcampeones-en-el-bosque%2F\">\n<img src=\"http:\/\/labestiadeportiva.com\/lbd\/wp-content\/plugins\/jw-share-this\/email.png\" alt=\"Share this page via Email\" \/>\n<\/a>\n<a target=\"_blank\" href=\"http:\/\/www.stumbleupon.com\/submit?url=http%3A%2F%2Flabestiadeportiva.com%2Flbd%2Fcampeones-en-el-bosque%2F&amp;title=Campeones+en+el+bosque\">\n<img src=\"http:\/\/labestiadeportiva.com\/lbd\/wp-content\/plugins\/jw-share-this\/su.png\" alt=\"Share this page via Stumble Upon\" \/>\n<\/a>\n<a target=\"_blank\" href=\"http:\/\/digg.com\/submit?url=http%3A%2F%2Flabestiadeportiva.com%2Flbd%2Fcampeones-en-el-bosque%2F&amp;title=Campeones+en+el+bosque\">\n<img src=\"http:\/\/labestiadeportiva.com\/lbd\/wp-content\/plugins\/jw-share-this\/digg.png\" alt=\"Share this page via Digg this\" \/>\n<\/a>\n<a target=\"_blank\" href=\"http:\/\/www.facebook.com\/sharer.php?u=http%3A%2F%2Flabestiadeportiva.com%2Flbd%2Fcampeones-en-el-bosque%2F&amp;t=Campeones+en+el+bosque\">\n<img src=\"http:\/\/labestiadeportiva.com\/lbd\/wp-content\/plugins\/jw-share-this\/fb.png\" alt=\"Share this page via Facebook\" \/>\n<\/a>\n<a target=\"_blank\" href=\"http:\/\/twitter.com\/intent\/tweet?text=I+like+http%3A%2F%2Flabestiadeportiva.com%2Flbd%2Fcampeones-en-el-bosque%2F&amp;title=Campeones+en+el+bosque\">\n<img src=\"http:\/\/labestiadeportiva.com\/lbd\/wp-content\/plugins\/jw-share-this\/twitter.png\" alt=\"Share this page via Twitter\" \/>\n<\/a>\n<\/div>\n","protected":false},"excerpt":{"rendered":"<p>El pasado domingo culmin\u00f3 el campeonato fueguino de bicicletas de descenso temporada 2016\/2017 organizado por ACME. David Correa, Agust\u00edn Tapia y Uriel Puigpinos ganaron sus segmentos. La actividad competitiva se detendr\u00e1 hasta despu\u00e9s del invierno. 1.171 veces le\u00edda Share this:<\/p>\n","protected":false},"author":1,"featured_media":23805,"comment_status":"open","ping_status":"open","sticky":false,"template":"","format":"standard","meta":[],"categories":[2154,5,1],"tags":[2494,541,170,3105],"_links":{"self":[{"href":"http:\/\/labestiadeportiva.com\/lbd\/wp-json\/wp\/v2\/posts\/23804"}],"collection":[{"href":"http:\/\/labestiadeportiva.com\/lbd\/wp-json\/wp\/v2\/posts"}],"about":[{"href":"http:\/\/labestiadeportiva.com\/lbd\/wp-json\/wp\/v2\/types\/post"}],"author":[{"embeddable":true,"href":"http:\/\/labestiadeportiva.com\/lbd\/wp-json\/wp\/v2\/users\/1"}],"replies":[{"embeddable":true,"href":"http:\/\/labestiadeportiva.com\/lbd\/wp-json\/wp\/v2\/comments?post=23804"}],"version-history":[{"count":1,"href":"http:\/\/labestiadeportiva.com\/lbd\/wp-json\/wp\/v2\/posts\/23804\/revisions"}],"predecessor-version":[{"id":23808,"href":"http:\/\/labestiadeportiva.com\/lbd\/wp-json\/wp\/v2\/posts\/23804\/revisions\/23808"}],"wp:featuredmedia":[{"embeddable":true,"href":"http:\/\/labestiadeportiva.com\/lbd\/wp-json\/wp\/v2\/media\/23805"}],"wp:attachment":[{"href":"http:\/\/labestiadeportiva.com\/lbd\/wp-json\/wp\/v2\/media?parent=23804"}],"wp:term":[{"taxonomy":"category","embeddable":true,"href":"http:\/\/labestiadeportiva.com\/lbd\/wp-json\/wp\/v2\/categories?post=23804"},{"taxonomy":"post_tag","embeddable":true,"href":"http:\/\/labestiadeportiva.com\/lbd\/wp-json\/wp\/v2\/tags?post=23804"}],"curies":[{"name":"wp","href":"https:\/\/api.w.org\/{rel}","templated":true}]}}