{"id":24172,"date":"2017-05-11T15:55:53","date_gmt":"2017-05-11T18:55:53","guid":{"rendered":"http:\/\/labestiadeportiva.com\/lbd\/?p=24172"},"modified":"2017-05-11T15:55:54","modified_gmt":"2017-05-11T18:55:54","slug":"juventus-y-madrid-se-citan-en-cardiff","status":"publish","type":"post","link":"http:\/\/labestiadeportiva.com\/lbd\/juventus-y-madrid-se-citan-en-cardiff\/","title":{"rendered":"Juventus y Madrid se citan en Cardiff"},"content":{"rendered":"<p>Por Daniel Campos (Corresponsal LBD en Palma de Mallorca, Espa\u00f1a)<\/p>\n<p><a href=\"http:\/\/labestiadeportiva.com\/lbd\/wp-content\/uploads\/2017\/05\/DaniJ.jpg\"><img loading=\"lazy\" class=\"alignleft size-medium wp-image-24173\" src=\"http:\/\/labestiadeportiva.com\/lbd\/wp-content\/uploads\/2017\/05\/DaniJ-300x169.jpg\" alt=\"DaniJ\" width=\"300\" height=\"169\" srcset=\"http:\/\/labestiadeportiva.com\/lbd\/wp-content\/uploads\/2017\/05\/DaniJ-300x169.jpg 300w, http:\/\/labestiadeportiva.com\/lbd\/wp-content\/uploads\/2017\/05\/DaniJ.jpg 480w\" sizes=\"(max-width: 300px) 100vw, 300px\" \/><\/a>La Juventus y el Real Madrid son los finalistas de la Champions 2017, los italianos vencieron al M\u00f3naco y a pesar de caer derrotado en el campo del Atl\u00e9tico, el Real Madrid suma una nueva final europea.<!--more--><\/p>\n<p>Doble jornada de semis, y el primer equipo en sacar boleto para la final de Cardiff del pr\u00f3ximo 3 de junio, fue la Juventus de Tur\u00edn que super\u00f3 al M\u00f3naco por 2 a 1.<\/p>\n<p>En su estadio el equipo de Allegri, dej\u00f3 sin argumentos al l\u00edder del futbol franc\u00e9s y sus estrellas no brillaron en el Juventus Stadium. Esta vez Higua\u00edn no fue desequilibrante como en el partido de ida, pero s\u00ed muy activo su compatriota Dybala.<\/p>\n<p>El argentino fue el hilo conductor del conjunto italiano y estuvo presente en los dos goles. A la media hora de juego, un pase de Buffon lo tom\u00f3 Dybala y lleg\u00f3 hasta el \u00e1rea contraria. Luego con un pase atr\u00e1s, lo aprovech\u00f3 Mandzukic y dispar\u00f3 al arco de Subasic que ataj\u00f3 a la primera, pero no pudo evitar el segundo impacto. Era el 1 a 0 y a\u00fan quedaba m\u00e1s.<\/p>\n<p>El M\u00f3naco no encontraba la manera de acercarse a la porter\u00eda de\u00a0 Buffon, por las bandas no hab\u00eda forma de avanzar y Mbapp\u00e9 no ten\u00eda qui\u00e9n lo acompa\u00f1ase.\u00a0 Justo antes de marcharse a vestuarios, la Juve golpe\u00f3 de nuevo, Dybala sac\u00f3 un zapatazo fort\u00edsimo que el portero monegasco rechaz\u00f3 con los pu\u00f1os y Dani Alves, sin dejarla picar, de volea con derecha anot\u00f3 el 2 a 0.<\/p>\n<p>En la segunda mitad, el M\u00f3naco intent\u00f3 inclinar la cancha y atac\u00f3 con Mbappe como punta de lanza, y fue \u00e9l que marc\u00f3 el descuento, en el minuto 69.<\/p>\n<p>El partido se fue estancando y violento de a ratos, Higua\u00cdn en un bal\u00f3n dividido sufri\u00f3 un pisot\u00f3n de Glik que le dej\u00f3 los tapones marcados en su rodilla derecha. La Juve control\u00f3 el tiempo restante y se hizo con un lugar en la final de la Champions.<\/p>\n<p>Este mi\u00e9rcoles en el Vicente Calder\u00f3n, el Real Madrid visit\u00f3 al Atl\u00e9tico, y cay\u00f3 por 2 a 1, a pesar de la derrota hizo valer el 3 a 0 del match del Bernab\u00e9u.<\/p>\n<p>Ante un lleno total, el conjunto del Cholo Simeone sali\u00f3 decidido a intentar el milagro de remontada, pero la ilusi\u00f3n dur\u00f3 apenas veinte minutos. Siempre con el bal\u00f3n en poder de los colchoneros, la presi\u00f3n sobre el arco de Keylor Navas\u00a0 fue evidente.<\/p>\n<p>Fue Carrasco, quien llevo la voz cantante en el ataque del Atleti, un pase del belga lo aprovech\u00f3 Koke y \u00e9ste tiro al arco, donde Navas evit\u00f3 el primer gol de la noche. Pero el Madrid no se qued\u00f3 de brazos cruzados y ensay\u00f3 un ataque donde un cabezazo de Casemiro puso a pruebas los reflejos de Oblak.<\/p>\n<p>El Atl\u00e9tico volvi\u00f3 \u00a0a la carga y a bal\u00f3n parado lleg\u00f3 el 1 a 0. Tiro de esquina de Koke y Sa\u00fal de cabeza vence la resistencia del portero blanco.\u00a0 El bot\u00edn era escaso y los de Simeone fueron por m\u00e1s y cuatro minutos m\u00e1s tarde lleg\u00f3 el segundo gol.<\/p>\n<p>Nuevo ataque de Carrasco , pase a Torres y Varane, toca al \u201c Ni\u00f1o\u201d que cae en el \u00e1rea grande y el colegiado turco se\u00f1al\u00f3 penal. Griezmann desde los doce pasos, esta vez no fall\u00f3 y puso el 2 a 0. El Madrid acus\u00f3 el golpe y el Atleti no aprovech\u00f3 esa situaci\u00f3n.<\/p>\n<p>Se dedic\u00f3 m\u00e1s a protestar y cuestionar cada fallo arbitral que a centrarse\u00a0 en el juego. Apareci\u00f3 Isco para dar un poco de ox\u00edgeno al ataque madridista y el malague\u00f1o se ali\u00f3 con Benzama. Entonces fue el franc\u00e9s quien fue art\u00edfice del gol del descuento justo antes del intervalo.<\/p>\n<p>Un saque de banda de Cristiano Ronaldo, para que el franc\u00e9s se escapara por el fondo del \u00e1rea y con un pase atr\u00e1s lleg\u00f3 un remate que Oblak pudo rechazar pero no pudo evitar que Isco rematara al arco.<\/p>\n<p>Era el 2 a 1, y para el Atleti la semifinal\u00a0 se pon\u00eda cuesta arriba, dispon\u00eda de 45 minutos para revertir esa situaci\u00f3n. Pero eso no sucedi\u00f3, al regreso de vestuarios el Real Madrid se adelant\u00f3 en el campo y busc\u00f3 el arco de Oblak, el esloveno defendi\u00f3 bien su porter\u00eda, pero sus compa\u00f1eros no lograban inquietar el arco contrario.<\/p>\n<p>Simeone movi\u00f3 el banquillo, sac\u00f3 a Torres y a Gim\u00e9nez y en su lugar ingresaron \u00a0Gameiro y Thomas, pero los cambios no funcionaron como \u00a0quer\u00eda el t\u00e9cnico argentino. El Madrid se adue\u00f1\u00f3 del bal\u00f3n y del nerviosismo de los locales.<\/p>\n<p>El tiempo se fue agotando y el marcador no se movi\u00f3. De esta manera el Real Madrid suma una nueva final en su historial, la Juve espera en Cardiff.<\/p>\n<p><a href=\"http:\/\/labestiadeportiva.com\/lbd\/wp-content\/uploads\/2017\/05\/cabezazo.jpg\"><img loading=\"lazy\" class=\"aligncenter size-full wp-image-24174\" src=\"http:\/\/labestiadeportiva.com\/lbd\/wp-content\/uploads\/2017\/05\/cabezazo.jpg\" alt=\"cabezazo\" width=\"299\" height=\"169\" \/><\/a><\/p>\n<div class='epvc-post-count'><span class='epvc-eye'><\/span>  <span class=\"epvc-count\"> 1.261<\/span><span class='epvc-label'> veces le\u00edda<\/span><\/div>\n<div class=\"jwsharethis\">\nShare this: \n<br \/>\n<a href=\"mailto:?subject=Juventus%20y%20Madrid%20se%20citan%20en%20Cardiff&amp;body=http%3A%2F%2Flabestiadeportiva.com%2Flbd%2Fjuventus-y-madrid-se-citan-en-cardiff%2F\">\n<img src=\"http:\/\/labestiadeportiva.com\/lbd\/wp-content\/plugins\/jw-share-this\/email.png\" alt=\"Share this page via Email\" \/>\n<\/a>\n<a target=\"_blank\" href=\"http:\/\/www.stumbleupon.com\/submit?url=http%3A%2F%2Flabestiadeportiva.com%2Flbd%2Fjuventus-y-madrid-se-citan-en-cardiff%2F&amp;title=Juventus+y+Madrid+se+citan+en+Cardiff\">\n<img src=\"http:\/\/labestiadeportiva.com\/lbd\/wp-content\/plugins\/jw-share-this\/su.png\" alt=\"Share this page via Stumble Upon\" \/>\n<\/a>\n<a target=\"_blank\" href=\"http:\/\/digg.com\/submit?url=http%3A%2F%2Flabestiadeportiva.com%2Flbd%2Fjuventus-y-madrid-se-citan-en-cardiff%2F&amp;title=Juventus+y+Madrid+se+citan+en+Cardiff\">\n<img src=\"http:\/\/labestiadeportiva.com\/lbd\/wp-content\/plugins\/jw-share-this\/digg.png\" alt=\"Share this page via Digg this\" \/>\n<\/a>\n<a target=\"_blank\" href=\"http:\/\/www.facebook.com\/sharer.php?u=http%3A%2F%2Flabestiadeportiva.com%2Flbd%2Fjuventus-y-madrid-se-citan-en-cardiff%2F&amp;t=Juventus+y+Madrid+se+citan+en+Cardiff\">\n<img src=\"http:\/\/labestiadeportiva.com\/lbd\/wp-content\/plugins\/jw-share-this\/fb.png\" alt=\"Share this page via Facebook\" \/>\n<\/a>\n<a target=\"_blank\" href=\"http:\/\/twitter.com\/intent\/tweet?text=I+like+http%3A%2F%2Flabestiadeportiva.com%2Flbd%2Fjuventus-y-madrid-se-citan-en-cardiff%2F&amp;title=Juventus+y+Madrid+se+citan+en+Cardiff\">\n<img src=\"http:\/\/labestiadeportiva.com\/lbd\/wp-content\/plugins\/jw-share-this\/twitter.png\" alt=\"Share this page via Twitter\" \/>\n<\/a>\n<\/div>\n","protected":false},"excerpt":{"rendered":"<p>Por Daniel Campos (Corresponsal LBD en Palma de Mallorca, Espa\u00f1a) La Juventus y el Real Madrid son los finalistas de la Champions 2017, los italianos vencieron al M\u00f3naco y a pesar de caer derrotado en el campo del Atl\u00e9tico, el Real Madrid suma una nueva final europea. 1.261 veces le\u00edda Share this:<\/p>\n","protected":false},"author":1,"featured_media":24173,"comment_status":"open","ping_status":"open","sticky":false,"template":"","format":"standard","meta":[],"categories":[4,14,1],"tags":[104,17,83,3111,566],"_links":{"self":[{"href":"http:\/\/labestiadeportiva.com\/lbd\/wp-json\/wp\/v2\/posts\/24172"}],"collection":[{"href":"http:\/\/labestiadeportiva.com\/lbd\/wp-json\/wp\/v2\/posts"}],"about":[{"href":"http:\/\/labestiadeportiva.com\/lbd\/wp-json\/wp\/v2\/types\/post"}],"author":[{"embeddable":true,"href":"http:\/\/labestiadeportiva.com\/lbd\/wp-json\/wp\/v2\/users\/1"}],"replies":[{"embeddable":true,"href":"http:\/\/labestiadeportiva.com\/lbd\/wp-json\/wp\/v2\/comments?post=24172"}],"version-history":[{"count":1,"href":"http:\/\/labestiadeportiva.com\/lbd\/wp-json\/wp\/v2\/posts\/24172\/revisions"}],"predecessor-version":[{"id":24175,"href":"http:\/\/labestiadeportiva.com\/lbd\/wp-json\/wp\/v2\/posts\/24172\/revisions\/24175"}],"wp:featuredmedia":[{"embeddable":true,"href":"http:\/\/labestiadeportiva.com\/lbd\/wp-json\/wp\/v2\/media\/24173"}],"wp:attachment":[{"href":"http:\/\/labestiadeportiva.com\/lbd\/wp-json\/wp\/v2\/media?parent=24172"}],"wp:term":[{"taxonomy":"category","embeddable":true,"href":"http:\/\/labestiadeportiva.com\/lbd\/wp-json\/wp\/v2\/categories?post=24172"},{"taxonomy":"post_tag","embeddable":true,"href":"http:\/\/labestiadeportiva.com\/lbd\/wp-json\/wp\/v2\/tags?post=24172"}],"curies":[{"name":"wp","href":"https:\/\/api.w.org\/{rel}","templated":true}]}}