{"id":24398,"date":"2017-05-29T12:01:50","date_gmt":"2017-05-29T15:01:50","guid":{"rendered":"http:\/\/labestiadeportiva.com\/lbd\/?p=24398"},"modified":"2017-05-30T18:30:01","modified_gmt":"2017-05-30T21:30:01","slug":"il-capitano-dijo-adios","status":"publish","type":"post","link":"http:\/\/labestiadeportiva.com\/lbd\/il-capitano-dijo-adios\/","title":{"rendered":"Il Capitano dijo adi\u00f3s"},"content":{"rendered":"<p><a href=\"http:\/\/labestiadeportiva.com\/lbd\/wp-content\/uploads\/2017\/05\/57c945c92506aa4fa5000002.jpeg\"><img loading=\"lazy\" class=\"alignleft size-medium wp-image-24400\" src=\"http:\/\/labestiadeportiva.com\/lbd\/wp-content\/uploads\/2017\/05\/57c945c92506aa4fa5000002-300x170.jpeg\" alt=\"57c945c92506aa4fa5000002\" width=\"300\" height=\"170\" srcset=\"http:\/\/labestiadeportiva.com\/lbd\/wp-content\/uploads\/2017\/05\/57c945c92506aa4fa5000002-300x170.jpeg 300w, http:\/\/labestiadeportiva.com\/lbd\/wp-content\/uploads\/2017\/05\/57c945c92506aa4fa5000002.jpeg 912w\" sizes=\"(max-width: 300px) 100vw, 300px\" \/><\/a>El pasado domingo Francesco Totti cerr\u00f3 su enorme carrera de futbolista profesional. Con 40 a\u00f1os y 25 en su \u00fanico club \u201cLa Roma\u201d, dej\u00f3 las canchas transform\u00e1ndose en una leyenda viviente. Campe\u00f3n del mundo con su pa\u00eds, cinco t\u00edtulos en tierra italiana y 22 premios individuales. Pero lo m\u00e1s importante de todo deja un mensaje de amor y pertenencia a su club que lo agiganta como persona. Un fuera de serie.<\/p>\n<p>Todo comenz\u00f3, como siempre en el barrio, el equipo fue el \u201cFortitudo\u201d. En el a\u00f1o 1986 ingres\u00f3 al conjunto amateur A. S. Lodigiani. Sus padres, Enzo y Fiorella, descartaron una propuesta del A. C. Milan para alistarse desde 1989 a las filas de las inferiores de la Roma. A los 16 a\u00f1os debut\u00f3 en la Serie A, el 28 de marzo del 93, ante el Brescia Calcio con victoria romana por 2 a 0.<\/p>\n<p>A partir de all\u00ed a base de trabajo y talento construy\u00f3 una \u00e9pica carrera que podr\u00edamos enumerar en detalle. Il Capitano, Bimbo de Oro, Er Pupone, El Gladiador o El Emperador son todos los motes que se gan\u00f3 por parte de los tifosis romanos quienes lo aman incondicionalmente.<\/p>\n<p>Creemos que la vida se trata de permanentes gestos y convicciones. Francesco las tuvo claramente. Pudo jugar en cualquiera de los grandes de Europa o cerrar su carrera en las incipientes Ligas de menor nivel que entregan contratos millonarios. Pero siempre dijo no.<\/p>\n<p>Este domingo en el \u201cOl\u00edmpico\u201d se despidi\u00f3 como lo que es\u2026un grande. Bes\u00f3 y abraz\u00f3 a sus tres hijos, Cristian, Chanel e Isabel al igual que a su mujer Ilary. Se apoy\u00f3 en los carteles de publicidad y con los ojos llenos de l\u00e1grimas mir\u00f3 a SU estadio colmado que lo aclamaba por \u00faltima vez como jugador.<\/p>\n<p>En el superprofesional f\u00fatbol actual de millones de d\u00f3lares, representantes, triangulaciones y sociedades an\u00f3nimas Totti les deja un s\u00f3lido mensaje a las nuevas generaciones. Amor, pertenencia, compromiso, lealtad, de eso se trata.<\/p>\n<p><a href=\"http:\/\/labestiadeportiva.com\/lbd\/wp-content\/uploads\/2017\/05\/SyLIVsdWZ_930x525.jpg\"><img loading=\"lazy\" class=\"aligncenter size-medium wp-image-24399\" src=\"http:\/\/labestiadeportiva.com\/lbd\/wp-content\/uploads\/2017\/05\/SyLIVsdWZ_930x525-300x169.jpg\" alt=\"SyLIVsdWZ_930x525\" width=\"300\" height=\"169\" srcset=\"http:\/\/labestiadeportiva.com\/lbd\/wp-content\/uploads\/2017\/05\/SyLIVsdWZ_930x525-300x169.jpg 300w, http:\/\/labestiadeportiva.com\/lbd\/wp-content\/uploads\/2017\/05\/SyLIVsdWZ_930x525.jpg 930w\" sizes=\"(max-width: 300px) 100vw, 300px\" \/><\/a><\/p>\n<p><span style=\"color: #ff0000;\">La carta a los hinchas<\/span><\/p>\n<p><span style=\"color: #0000ff;\">\u00abHace 27 a\u00f1os se escuch\u00f3 un golpe en la puerta de nuestro departamento en Roma. Mi madre, Fiorella, fue a responder. Quienes estaban al otro lado definir\u00edan mi carrera en el f\u00fatbol. <\/span><\/p>\n<p><span style=\"color: #0000ff;\">Cuando ella abri\u00f3 la puerta, un grupo de caballeros se present\u00f3 como directores de f\u00fatbol. Pero no eran de Roma. Se vest\u00edan de rojo y negro. Eran del AC Milan y quer\u00edan que jugara para su equipo a cualquier coste.<\/span><\/p>\n<p><span style=\"color: #0000ff;\">Mi madre levant\u00f3 sus manos, \u00bfqu\u00e9 creen que les dijo a esos se\u00f1ores? Bueno, no era mi decisi\u00f3n, por supuesto. Mi madre era la jefa. A\u00fan es la jefa. Y digamos que estaba bien unida a sus hijos, como cualquier madre italiana, un poco sobreprotectora. <\/span><\/p>\n<p><span style=\"color: #0000ff;\">Ella no quer\u00eda que me fuera de casa, por miedo a que algo pasara. \u00abNo, no\u00bb, le dijo a los directores. Es todo lo que ten\u00eda para decir: \u00abLo siento, no, no\u00bb. Eso fue el fin. Mi primera transferencia, impedida por mi &#8216;jefa&#8217;. <\/span><\/p>\n<p><span style=\"color: #0000ff;\">Era duro decir que no al AC Milan. Hubiera significado mucho dinero para nuestra familia. Pero mi madre me ense\u00f1\u00f3 una lecci\u00f3n ese d\u00eda: Tu casa es lo m\u00e1s importante en la vida.<\/span><\/p>\n<p><span style=\"color: #0000ff;\">Cuando eres un ni\u00f1o en Roma, hay solo dos opciones: o eres rojo o azul. AS Roma o Lazio. En nuestra familia, solo hab\u00eda una posibilidad. Desafortunadamente no conoc\u00ed a mi abuelo, porque muri\u00f3 cuando era peque\u00f1o, pero me dej\u00f3 un gran regalo. <\/span><\/p>\n<p><span style=\"color: #0000ff;\">Por suerte, mi abuelo Gianluca era un fan\u00e1tico de la Roma y le pas\u00f3 ese amor a mi padre, quien nos lo entreg\u00f3 a mi hermano y a m\u00ed. Nuestro amor por Roma fue algo que llevamos siempre.<\/span><\/p>\n<p><span style=\"color: #0000ff;\">Roma era m\u00e1s que un club de f\u00fatbol. Era parte de nuestra familia, nuestra sangre, nuestras almas. No conseguimos ver muchos partidos en televisi\u00f3n porque, incluso en Roma, no los daban siempre en los &#8217;80. <\/span><\/p>\n<p><span style=\"color: #0000ff;\">Pero cuando tuve siete a\u00f1os, mi padre consigui\u00f3 boletos y finalmente pude ver a la Loba en el Estadio Ol\u00edmpico. Puedo cerrar mis ojos y recordar la sensaci\u00f3n. Los colores, los cantos, las bombas de humo. Me sent\u00eda un ni\u00f1o tan completo solo por estar en el estadio alrededor de otros hinchas de la Roma que iluminaron algo en m\u00ed. No s\u00e9 c\u00f3mo describir la experiencia. Bell\u00edsimo.<\/span><\/p>\n<p><span style=\"color: #0000ff;\">Unas semanas despu\u00e9s, despu\u00e9s de que acudiera un ojeador a uno de mis partidos, la Roma hizo una oferta. Iba a vestir la giallorrosa. Mamma lo sab\u00eda. Ayud\u00f3 a mi carrera de muchas formas. S\u00edu, era protectora -\u00a1lo sigue siendo!-, pero hac\u00eda muchos sacrificios para asegurarse de que yo estuviera en el campo todos los d\u00edas. <\/span><\/p>\n<p><span style=\"color: #0000ff;\">S\u00e9 que aquellos primeros a\u00f1os fueron muy duros para ella. Era mi madre la que me llevaba a los entrenamientos. Fuera de los campos, esperaba por m\u00ed. Dos, tres, a veces cuatro horas mientras entrenaba. Lloviera, hiciera fr\u00edo\u2026daba igual. Ella esperaba para que yo pudiera cumplir mi sue\u00f1o.<\/span><\/p>\n<p><span style=\"color: #0000ff;\">No supe que realizar\u00eda mi debut en el Estadio Ol\u00edmpico por Roma hasta 90 minutos antes del partido. Me sent\u00e9 en el bus que me llev\u00f3 a la cancha y mi emoci\u00f3n creci\u00f3. Cualquier paz que tuve en la noche previa se hab\u00eda ido. Los hinchas de la Roma son distintos de todos. <\/span><\/p>\n<p><span style=\"color: #0000ff;\">Hay mucha expectaci\u00f3n cuando usas la camiseta de la Roma. Tienes que probar que lo vales, y no hay mucho espacio para que cometas errores. Cuando camin\u00e9 a la cancha para mi primer partido, estaba sobresaturado de orgullo por jugar por mi casa. Por mi abuelo, por mi familia. Por 25 a\u00f1os la presi\u00f3n -el privilegio- nunca ha cambiado.<\/span><\/p>\n<p><span style=\"color: #0000ff;\">Por supuesto he tenido errores. Incluso hubo un momento hace 12 a\u00f1os, cuando pens\u00e9 dejar la Roma para llegar a Real Madrid. Cuando un equipo exitoso, el m\u00e1s fuerte del mundo, te pide que te unas, empiezas a pensar sobre la vida. <\/span><\/p>\n<p><span style=\"color: #0000ff;\">Tuve charlas con el presidente de la Roma y eso marc\u00f3 la diferencia. Pero al final, la charla que tuve con mi familia me record\u00f3 sobre qu\u00e9 se trata la vida.<\/span><\/p>\n<p><span style=\"color: #0000ff;\">El hogar lo es todo. Por 39 a\u00f1os, Roma ha sido mi hogar. Por 25 a\u00f1os como futbolista, Roma ha sido mi hogar. Ya sea ganando el Scudetto o jugando la Champions League, espero que haya representado y alzado los colores de la Roma tan alto como pude. Espero haberlos hecho orgullosos. La gente me pregunta, \u00bfpor qu\u00e9 pasar toda mi vida en la Roma?<\/span><\/p>\n<p><span style=\"color: #0000ff;\">Roma es mi familia, mis amigos, la gente que amo. Roma es el mar, las monta\u00f1as, los monumentos. Roma, por supuesto, son los romanos. Roma es el amarillo y el rojo. Roma, para m\u00ed, es el mundo. Este club, esta ciudad, han sido mi vida. Siempre\u00bb.<\/span><\/p>\n<div class='epvc-post-count'><span class='epvc-eye'><\/span>  <span class=\"epvc-count\"> 1.243<\/span><span class='epvc-label'> veces le\u00edda<\/span><\/div>\n<div class=\"jwsharethis\">\nShare this: \n<br \/>\n<a href=\"mailto:?subject=Il%20Capitano%20dijo%20adi%C3%B3s&amp;body=http%3A%2F%2Flabestiadeportiva.com%2Flbd%2Fil-capitano-dijo-adios%2F\">\n<img src=\"http:\/\/labestiadeportiva.com\/lbd\/wp-content\/plugins\/jw-share-this\/email.png\" alt=\"Share this page via Email\" \/>\n<\/a>\n<a target=\"_blank\" href=\"http:\/\/www.stumbleupon.com\/submit?url=http%3A%2F%2Flabestiadeportiva.com%2Flbd%2Fil-capitano-dijo-adios%2F&amp;title=Il+Capitano+dijo+adi%C3%B3s\">\n<img src=\"http:\/\/labestiadeportiva.com\/lbd\/wp-content\/plugins\/jw-share-this\/su.png\" alt=\"Share this page via Stumble Upon\" \/>\n<\/a>\n<a target=\"_blank\" href=\"http:\/\/digg.com\/submit?url=http%3A%2F%2Flabestiadeportiva.com%2Flbd%2Fil-capitano-dijo-adios%2F&amp;title=Il+Capitano+dijo+adi%C3%B3s\">\n<img src=\"http:\/\/labestiadeportiva.com\/lbd\/wp-content\/plugins\/jw-share-this\/digg.png\" alt=\"Share this page via Digg this\" \/>\n<\/a>\n<a target=\"_blank\" href=\"http:\/\/www.facebook.com\/sharer.php?u=http%3A%2F%2Flabestiadeportiva.com%2Flbd%2Fil-capitano-dijo-adios%2F&amp;t=Il+Capitano+dijo+adi%C3%B3s\">\n<img src=\"http:\/\/labestiadeportiva.com\/lbd\/wp-content\/plugins\/jw-share-this\/fb.png\" alt=\"Share this page via Facebook\" \/>\n<\/a>\n<a target=\"_blank\" href=\"http:\/\/twitter.com\/intent\/tweet?text=I+like+http%3A%2F%2Flabestiadeportiva.com%2Flbd%2Fil-capitano-dijo-adios%2F&amp;title=Il+Capitano+dijo+adi%C3%B3s\">\n<img src=\"http:\/\/labestiadeportiva.com\/lbd\/wp-content\/plugins\/jw-share-this\/twitter.png\" alt=\"Share this page via Twitter\" \/>\n<\/a>\n<\/div>\n","protected":false},"excerpt":{"rendered":"<p>El pasado domingo Francesco Totti cerr\u00f3 su enorme carrera de futbolista profesional. Con 40 a\u00f1os y 25 en su \u00fanico club \u201cLa Roma\u201d, dej\u00f3 las canchas transform\u00e1ndose en una leyenda viviente. Campe\u00f3n del mundo con su pa\u00eds, cinco t\u00edtulos en tierra italiana y 22 premios individuales. Pero lo m\u00e1s importante de todo deja un mensaje &hellip; <a href=\"http:\/\/labestiadeportiva.com\/lbd\/il-capitano-dijo-adios\/\" class=\"more-link\">Seguir leyendo <span class=\"screen-reader-text\">Il Capitano dijo adi\u00f3s<\/span> <span class=\"meta-nav\">&rarr;<\/span><\/a><\/p>\n","protected":false},"author":1,"featured_media":24400,"comment_status":"open","ping_status":"open","sticky":false,"template":"","format":"standard","meta":[],"categories":[4,14,1],"tags":[4829,758,3162,17],"_links":{"self":[{"href":"http:\/\/labestiadeportiva.com\/lbd\/wp-json\/wp\/v2\/posts\/24398"}],"collection":[{"href":"http:\/\/labestiadeportiva.com\/lbd\/wp-json\/wp\/v2\/posts"}],"about":[{"href":"http:\/\/labestiadeportiva.com\/lbd\/wp-json\/wp\/v2\/types\/post"}],"author":[{"embeddable":true,"href":"http:\/\/labestiadeportiva.com\/lbd\/wp-json\/wp\/v2\/users\/1"}],"replies":[{"embeddable":true,"href":"http:\/\/labestiadeportiva.com\/lbd\/wp-json\/wp\/v2\/comments?post=24398"}],"version-history":[{"count":4,"href":"http:\/\/labestiadeportiva.com\/lbd\/wp-json\/wp\/v2\/posts\/24398\/revisions"}],"predecessor-version":[{"id":24433,"href":"http:\/\/labestiadeportiva.com\/lbd\/wp-json\/wp\/v2\/posts\/24398\/revisions\/24433"}],"wp:featuredmedia":[{"embeddable":true,"href":"http:\/\/labestiadeportiva.com\/lbd\/wp-json\/wp\/v2\/media\/24400"}],"wp:attachment":[{"href":"http:\/\/labestiadeportiva.com\/lbd\/wp-json\/wp\/v2\/media?parent=24398"}],"wp:term":[{"taxonomy":"category","embeddable":true,"href":"http:\/\/labestiadeportiva.com\/lbd\/wp-json\/wp\/v2\/categories?post=24398"},{"taxonomy":"post_tag","embeddable":true,"href":"http:\/\/labestiadeportiva.com\/lbd\/wp-json\/wp\/v2\/tags?post=24398"}],"curies":[{"name":"wp","href":"https:\/\/api.w.org\/{rel}","templated":true}]}}