{"id":24665,"date":"2017-06-27T12:08:27","date_gmt":"2017-06-27T15:08:27","guid":{"rendered":"http:\/\/labestiadeportiva.com\/lbd\/?p=24665"},"modified":"2017-06-27T12:08:27","modified_gmt":"2017-06-27T15:08:27","slug":"fueguinos-de-seleccion-2","status":"publish","type":"post","link":"http:\/\/labestiadeportiva.com\/lbd\/fueguinos-de-seleccion-2\/","title":{"rendered":"Fueguinos de selecci\u00f3n"},"content":{"rendered":"<p><a href=\"http:\/\/labestiadeportiva.com\/lbd\/wp-content\/uploads\/2017\/06\/ligafecha2cab2.jpg\"><img loading=\"lazy\" class=\"alignleft size-medium wp-image-24667\" src=\"http:\/\/labestiadeportiva.com\/lbd\/wp-content\/uploads\/2017\/06\/ligafecha2cab2-300x179.jpg\" alt=\"ligafecha2cab2\" width=\"300\" height=\"179\" srcset=\"http:\/\/labestiadeportiva.com\/lbd\/wp-content\/uploads\/2017\/06\/ligafecha2cab2-300x179.jpg 300w, http:\/\/labestiadeportiva.com\/lbd\/wp-content\/uploads\/2017\/06\/ligafecha2cab2.jpg 544w\" sizes=\"(max-width: 300px) 100vw, 300px\" \/><\/a>En las \u00faltimas horas se dio a conocer el listado de jugadores de ambos sexos que estar\u00e1n presentes durante los primeros d\u00edas del mes de julio en San Carlos de Bariloche en la primera concentraci\u00f3n nacional para el hockey pista. Fueron convocados 10 ushuaienses m\u00e1s el entrenador Gabriel Torres quien ser\u00e1 el entrenador de la Selecci\u00f3n masculina. Argentina disputar\u00e1 el Panamericano de la especialidad en Guyana durante el mes de octubre.<!--more--><\/p>\n<p>Momento de recoger los frutos de tantos a\u00f1os de duro trabajo por parte de instituciones y formadores locales. La Confederaci\u00f3n Argentina dio a conocer el listado de jugadores mayores que en poco m\u00e1s de una semana trabajar\u00e1n en la localidad tur\u00edstica por excelencia de la provincia de R\u00edo Negro.<\/p>\n<p>Por el corto tiempo restante hacia la cita internacional la idea de los cuerpos t\u00e9cnicos es conformar planteles experimentados con importante rodaje nacional e internacional.<\/p>\n<p>En cuanto a los valores provinciales varios de ellos se encuentran estudiando y jugando c\u00e9sped en el continente principalmente en C\u00f3rdoba y Buenos Aires.<\/p>\n<p>Cabe aclarar que Emma Yanzi, quien no fue citada en esta oportunidad por estar compitiendo en Alemania, seguramente ser\u00e1 de la partida en la pr\u00f3xima concentraci\u00f3n.<\/p>\n<p>Importante desaf\u00edo para nuestros representantes quienes intentar\u00e1n vestir la camiseta celeste y blanca en el pr\u00f3ximo Panamericano que se disputar\u00e1 en octubre y entregar\u00e1 una sola plaza por rama para la cita mundialista de Berl\u00edn la cual llegar\u00e1 en el verano europeo 2018.<\/p>\n<p><span style=\"color: #0000ff;\">Los fueguinos seleccionados<\/span><br \/>\nCaballeros: Juan Eleicegui (Buenos Aires), Franco Rojas (Buenos Aires), Alejo Lacaze (Buenos Aires) m\u00e1s el profesor Gabriel Torres (TDF).<br \/>\nDamas: Lara Irianni (TDF), Natalia Bocchero (TDF), Joaquina Saucedo (Buenos Aires), Francisca Berola (Buenos Aires), Victoria Amaya (Buenos Aires), Juliana \u201cColo\u201d R\u00edos Ferreira (C\u00f3rdoba) y Josefina Casta\u00f1eda Paz (Bariloche).<\/p>\n<div class='epvc-post-count'><span class='epvc-eye'><\/span>  <span class=\"epvc-count\"> 1.237<\/span><span class='epvc-label'> veces le\u00edda<\/span><\/div>\n<div class=\"jwsharethis\">\nShare this: \n<br \/>\n<a href=\"mailto:?subject=Fueguinos%20de%20selecci%C3%B3n&amp;body=http%3A%2F%2Flabestiadeportiva.com%2Flbd%2Ffueguinos-de-seleccion-2%2F\">\n<img src=\"http:\/\/labestiadeportiva.com\/lbd\/wp-content\/plugins\/jw-share-this\/email.png\" alt=\"Share this page via Email\" \/>\n<\/a>\n<a target=\"_blank\" href=\"http:\/\/www.stumbleupon.com\/submit?url=http%3A%2F%2Flabestiadeportiva.com%2Flbd%2Ffueguinos-de-seleccion-2%2F&amp;title=Fueguinos+de+selecci%C3%B3n\">\n<img src=\"http:\/\/labestiadeportiva.com\/lbd\/wp-content\/plugins\/jw-share-this\/su.png\" alt=\"Share this page via Stumble Upon\" \/>\n<\/a>\n<a target=\"_blank\" href=\"http:\/\/digg.com\/submit?url=http%3A%2F%2Flabestiadeportiva.com%2Flbd%2Ffueguinos-de-seleccion-2%2F&amp;title=Fueguinos+de+selecci%C3%B3n\">\n<img src=\"http:\/\/labestiadeportiva.com\/lbd\/wp-content\/plugins\/jw-share-this\/digg.png\" alt=\"Share this page via Digg this\" \/>\n<\/a>\n<a target=\"_blank\" href=\"http:\/\/www.facebook.com\/sharer.php?u=http%3A%2F%2Flabestiadeportiva.com%2Flbd%2Ffueguinos-de-seleccion-2%2F&amp;t=Fueguinos+de+selecci%C3%B3n\">\n<img src=\"http:\/\/labestiadeportiva.com\/lbd\/wp-content\/plugins\/jw-share-this\/fb.png\" alt=\"Share this page via Facebook\" \/>\n<\/a>\n<a target=\"_blank\" href=\"http:\/\/twitter.com\/intent\/tweet?text=I+like+http%3A%2F%2Flabestiadeportiva.com%2Flbd%2Ffueguinos-de-seleccion-2%2F&amp;title=Fueguinos+de+selecci%C3%B3n\">\n<img src=\"http:\/\/labestiadeportiva.com\/lbd\/wp-content\/plugins\/jw-share-this\/twitter.png\" alt=\"Share this page via Twitter\" \/>\n<\/a>\n<\/div>\n","protected":false},"excerpt":{"rendered":"<p>En las \u00faltimas horas se dio a conocer el listado de jugadores de ambos sexos que estar\u00e1n presentes durante los primeros d\u00edas del mes de julio en San Carlos de Bariloche en la primera concentraci\u00f3n nacional para el hockey pista. Fueron convocados 10 ushuaienses m\u00e1s el entrenador Gabriel Torres quien ser\u00e1 el entrenador de la &hellip; <a href=\"http:\/\/labestiadeportiva.com\/lbd\/fueguinos-de-seleccion-2\/\" class=\"more-link\">Seguir leyendo <span class=\"screen-reader-text\">Fueguinos de selecci\u00f3n<\/span> <span class=\"meta-nav\">&rarr;<\/span><\/a><\/p>\n","protected":false},"author":1,"featured_media":24667,"comment_status":"open","ping_status":"open","sticky":false,"template":"","format":"standard","meta":[],"categories":[5,6,650,2422,1],"tags":[3056,857,32,83,88],"_links":{"self":[{"href":"http:\/\/labestiadeportiva.com\/lbd\/wp-json\/wp\/v2\/posts\/24665"}],"collection":[{"href":"http:\/\/labestiadeportiva.com\/lbd\/wp-json\/wp\/v2\/posts"}],"about":[{"href":"http:\/\/labestiadeportiva.com\/lbd\/wp-json\/wp\/v2\/types\/post"}],"author":[{"embeddable":true,"href":"http:\/\/labestiadeportiva.com\/lbd\/wp-json\/wp\/v2\/users\/1"}],"replies":[{"embeddable":true,"href":"http:\/\/labestiadeportiva.com\/lbd\/wp-json\/wp\/v2\/comments?post=24665"}],"version-history":[{"count":1,"href":"http:\/\/labestiadeportiva.com\/lbd\/wp-json\/wp\/v2\/posts\/24665\/revisions"}],"predecessor-version":[{"id":24668,"href":"http:\/\/labestiadeportiva.com\/lbd\/wp-json\/wp\/v2\/posts\/24665\/revisions\/24668"}],"wp:featuredmedia":[{"embeddable":true,"href":"http:\/\/labestiadeportiva.com\/lbd\/wp-json\/wp\/v2\/media\/24667"}],"wp:attachment":[{"href":"http:\/\/labestiadeportiva.com\/lbd\/wp-json\/wp\/v2\/media?parent=24665"}],"wp:term":[{"taxonomy":"category","embeddable":true,"href":"http:\/\/labestiadeportiva.com\/lbd\/wp-json\/wp\/v2\/categories?post=24665"},{"taxonomy":"post_tag","embeddable":true,"href":"http:\/\/labestiadeportiva.com\/lbd\/wp-json\/wp\/v2\/tags?post=24665"}],"curies":[{"name":"wp","href":"https:\/\/api.w.org\/{rel}","templated":true}]}}