{"id":24862,"date":"2017-07-17T11:08:54","date_gmt":"2017-07-17T14:08:54","guid":{"rendered":"http:\/\/labestiadeportiva.com\/lbd\/?p=24862"},"modified":"2017-07-17T11:08:54","modified_gmt":"2017-07-17T14:08:54","slug":"federer-se-corona-por-octava-vez","status":"publish","type":"post","link":"http:\/\/labestiadeportiva.com\/lbd\/federer-se-corona-por-octava-vez\/","title":{"rendered":"Federer se corona por octava vez"},"content":{"rendered":"<p>Por Mat\u00edas Pouso (Corresponsal LBD en CABA)<\/p>\n<p><a href=\"http:\/\/labestiadeportiva.com\/lbd\/wp-content\/uploads\/2017\/07\/20117005_10155646695508701_809448934321512069_o.jpg\"><img loading=\"lazy\" class=\"alignleft size-medium wp-image-24863\" src=\"http:\/\/labestiadeportiva.com\/lbd\/wp-content\/uploads\/2017\/07\/20117005_10155646695508701_809448934321512069_o-300x141.jpg\" alt=\"20117005_10155646695508701_809448934321512069_o\" width=\"300\" height=\"141\" srcset=\"http:\/\/labestiadeportiva.com\/lbd\/wp-content\/uploads\/2017\/07\/20117005_10155646695508701_809448934321512069_o-300x141.jpg 300w, http:\/\/labestiadeportiva.com\/lbd\/wp-content\/uploads\/2017\/07\/20117005_10155646695508701_809448934321512069_o-1024x480.jpg 1024w, http:\/\/labestiadeportiva.com\/lbd\/wp-content\/uploads\/2017\/07\/20117005_10155646695508701_809448934321512069_o-520x245.jpg 520w, http:\/\/labestiadeportiva.com\/lbd\/wp-content\/uploads\/2017\/07\/20117005_10155646695508701_809448934321512069_o-720x340.jpg 720w, http:\/\/labestiadeportiva.com\/lbd\/wp-content\/uploads\/2017\/07\/20117005_10155646695508701_809448934321512069_o.jpg 1920w\" sizes=\"(max-width: 300px) 100vw, 300px\" \/><\/a>Roger Federer venci\u00f3 este domingo a Marin Cilic por 6-3, 6-1 y 6-4, en 1 hora y 41 minutos y as\u00ed volvi\u00f3 a levantar la copa en la \u00abCatedral\u00bb, Wimbledon, luego de cinco a\u00f1os de su \u00faltimo festejo ah\u00ed. A partir del lunes se ubicar\u00e1 en el tercer puesto del ranking ATP.<!--more--><\/p>\n<p>Las razones por las que Federer es catalogado como el mejor tenista de todos los tiempos van m\u00e1s all\u00e1 de las estad\u00edsticas. El suizo, que en menos de un mes soplar\u00e1 36 velitas, decidi\u00f3 saltearse la temporada de polvo de ladrillo para llegar al 100% a su superficie favorita, el verde c\u00e9sped europeo.<\/p>\n<p>Nadie hubiera osado criticar su decisi\u00f3n, ni podr\u00eda discutir el criterio del m\u00e1ximo ganador en el All England, que lleg\u00f3 a la cita londinense con el t\u00edtulo de Halle bajo el brazo y sin perder ni un set, racha que estir\u00f3 a lo largo de los 15 d\u00edas que dur\u00f3 su Grand Slam favorito.<\/p>\n<p>Como para no creer que lo es, si aqu\u00ed gan\u00f3 el primero de sus 19 Grandes all\u00e1 a lo lejos, en 2003. Para encontrar su \u00faltimo triunfo en la Catedral del tenis hab\u00eda que remontarse a 2012, cuando se impuso a Andy Murray en cuatro parciales.<\/p>\n<p>Este domingo, la v\u00edctima del Expreso Suizo fue el siempre dif\u00edcil Marin Cilic, quien no estuvo a la altura de esta gran cita. Ya desde el sorteo, la suerte estuvo del lado de Federer (como si le hiciera falta), quien gan\u00f3 el lanzamiento de monedas y eligi\u00f3 recibir, tal vez para atacar los nervios iniciales del croata.<\/p>\n<p><a href=\"http:\/\/labestiadeportiva.com\/lbd\/wp-content\/uploads\/2017\/07\/20117103_10155647315723701_854746202046488414_o.jpg\"><img loading=\"lazy\" class=\"aligncenter size-medium wp-image-24864\" src=\"http:\/\/labestiadeportiva.com\/lbd\/wp-content\/uploads\/2017\/07\/20117103_10155647315723701_854746202046488414_o-300x169.jpg\" alt=\"20117103_10155647315723701_854746202046488414_o\" width=\"300\" height=\"169\" srcset=\"http:\/\/labestiadeportiva.com\/lbd\/wp-content\/uploads\/2017\/07\/20117103_10155647315723701_854746202046488414_o-300x169.jpg 300w, http:\/\/labestiadeportiva.com\/lbd\/wp-content\/uploads\/2017\/07\/20117103_10155647315723701_854746202046488414_o-1024x576.jpg 1024w, http:\/\/labestiadeportiva.com\/lbd\/wp-content\/uploads\/2017\/07\/20117103_10155647315723701_854746202046488414_o.jpg 1920w\" sizes=\"(max-width: 300px) 100vw, 300px\" \/><\/a>Pero fue Cilic quien cont\u00f3 con la primera oportunidad de quiebre en el 2-1, pero no pudo capitalizarla. El suizo rompi\u00f3 por primera vez en el encuentro y se puso 4-2. Cilic continu\u00f3 luchando pero en el 3-5 cometi\u00f3 su segunda doble falta para entregar el primer set a Federer en 37 minutos.<\/p>\n<p>En la segunda manga, el ex n\u00famero 1 del mundo sigui\u00f3 con su motor en quinta a fondo y r\u00e1pidamente se adelant\u00f3 3-0, ah\u00ed fue cuando Cilic pidi\u00f3 asistencia m\u00e9dica y mostraba pocas se\u00f1ales de poder dar vuelta el tr\u00e1mite del encuentro.<\/p>\n<p>Tan solo un juego pudo robarle el nacido en Bosnia a un Federer que era alentado por todo el estadio y por todo fan del tenis que estuviese pendiente de este partido. Con su tercer ace del match, el segundo set se quedaba tambi\u00e9n para el oriundo de Basilea.<\/p>\n<p>En el tercero, Federer mostr\u00f3 su repertorio completo, dando c\u00e1tedra con su saque y volea. Cilic sigui\u00f3 dando pelea dentro de sus limitaciones, pero al final, la presi\u00f3n demostr\u00f3 ser demasiado para el croata.<\/p>\n<p>El quiebre clave para Federer vino en el famoso s\u00e9ptimo game, all\u00ed logr\u00f3 adelantarse 4-3 y 10 minutos m\u00e1s tarde, cerr\u00f3 el torneo fiel a su estilo, con un ace, para completar su segundo t\u00edtulo de Grand Slam sin perder un set (2007 Open de Australia). Las l\u00e1grimas ya empezaban a pedir permiso en sus ojos, pero se las reserv\u00f3 para m\u00e1s tarde.<\/p>\n<p>El tenista de Basilea, a pesar de no jugar durante los meses de abril y mayo, salt\u00e1ndose tres Masters 1000 (Montecarlo, Madrid y Roma), y Roland Garros, ascender\u00e1 ma\u00f1ana al tercer puesto del ranking, superando a Stan Wawrinka y Novak Djokovic, y s\u00f3lo por detr\u00e1s de Murray y Nadal.<\/p>\n<p>Este fue su t\u00edtulo n\u00famero 19 de Grand Slam y el 93 de su carrera, quedando a tan solo uno de Ivan Lendl, segundo m\u00e1ximo ganador por detr\u00e1s de Jimmy Connors (109).<\/p>\n<p>Desde 2009 que Roger no ganaba dos Grand Slam en una misma campa\u00f1a, mismo a\u00f1o que nacieron sus gemelas. Hoy en la Catedral, ellas y sus dos hermanos gemelos presenciaron una vez m\u00e1s a su padre hacer historia grande en el deporte.<\/p>\n<p>Al ritmo que lleva el Rey, los cuatro peque\u00f1os Federer ver\u00e1n festejar y llorar a su padre m\u00e1s que cualquier otro ni\u00f1o en el mundo.<\/p>\n<p><a href=\"http:\/\/labestiadeportiva.com\/lbd\/wp-content\/uploads\/2017\/07\/20157223_10155646487833701_5934969562305214221_o.jpg\"><img loading=\"lazy\" class=\"aligncenter size-medium wp-image-24865\" src=\"http:\/\/labestiadeportiva.com\/lbd\/wp-content\/uploads\/2017\/07\/20157223_10155646487833701_5934969562305214221_o-300x169.jpg\" alt=\"20157223_10155646487833701_5934969562305214221_o\" width=\"300\" height=\"169\" srcset=\"http:\/\/labestiadeportiva.com\/lbd\/wp-content\/uploads\/2017\/07\/20157223_10155646487833701_5934969562305214221_o-300x169.jpg 300w, http:\/\/labestiadeportiva.com\/lbd\/wp-content\/uploads\/2017\/07\/20157223_10155646487833701_5934969562305214221_o-1024x576.jpg 1024w, http:\/\/labestiadeportiva.com\/lbd\/wp-content\/uploads\/2017\/07\/20157223_10155646487833701_5934969562305214221_o.jpg 1920w\" sizes=\"(max-width: 300px) 100vw, 300px\" \/><\/a><\/p>\n<div class='epvc-post-count'><span class='epvc-eye'><\/span>  <span class=\"epvc-count\"> 1.143<\/span><span class='epvc-label'> veces le\u00edda<\/span><\/div>\n<div class=\"jwsharethis\">\nShare this: \n<br \/>\n<a href=\"mailto:?subject=Federer%20se%20corona%20por%20octava%20vez&amp;body=http%3A%2F%2Flabestiadeportiva.com%2Flbd%2Ffederer-se-corona-por-octava-vez%2F\">\n<img src=\"http:\/\/labestiadeportiva.com\/lbd\/wp-content\/plugins\/jw-share-this\/email.png\" alt=\"Share this page via Email\" \/>\n<\/a>\n<a target=\"_blank\" href=\"http:\/\/www.stumbleupon.com\/submit?url=http%3A%2F%2Flabestiadeportiva.com%2Flbd%2Ffederer-se-corona-por-octava-vez%2F&amp;title=Federer+se+corona+por+octava+vez\">\n<img src=\"http:\/\/labestiadeportiva.com\/lbd\/wp-content\/plugins\/jw-share-this\/su.png\" alt=\"Share this page via Stumble Upon\" \/>\n<\/a>\n<a target=\"_blank\" href=\"http:\/\/digg.com\/submit?url=http%3A%2F%2Flabestiadeportiva.com%2Flbd%2Ffederer-se-corona-por-octava-vez%2F&amp;title=Federer+se+corona+por+octava+vez\">\n<img src=\"http:\/\/labestiadeportiva.com\/lbd\/wp-content\/plugins\/jw-share-this\/digg.png\" alt=\"Share this page via Digg this\" \/>\n<\/a>\n<a target=\"_blank\" href=\"http:\/\/www.facebook.com\/sharer.php?u=http%3A%2F%2Flabestiadeportiva.com%2Flbd%2Ffederer-se-corona-por-octava-vez%2F&amp;t=Federer+se+corona+por+octava+vez\">\n<img src=\"http:\/\/labestiadeportiva.com\/lbd\/wp-content\/plugins\/jw-share-this\/fb.png\" alt=\"Share this page via Facebook\" \/>\n<\/a>\n<a target=\"_blank\" href=\"http:\/\/twitter.com\/intent\/tweet?text=I+like+http%3A%2F%2Flabestiadeportiva.com%2Flbd%2Ffederer-se-corona-por-octava-vez%2F&amp;title=Federer+se+corona+por+octava+vez\">\n<img src=\"http:\/\/labestiadeportiva.com\/lbd\/wp-content\/plugins\/jw-share-this\/twitter.png\" alt=\"Share this page via Twitter\" \/>\n<\/a>\n<\/div>\n","protected":false},"excerpt":{"rendered":"<p>Por Mat\u00edas Pouso (Corresponsal LBD en CABA) Roger Federer venci\u00f3 este domingo a Marin Cilic por 6-3, 6-1 y 6-4, en 1 hora y 41 minutos y as\u00ed volvi\u00f3 a levantar la copa en la \u00abCatedral\u00bb, Wimbledon, luego de cinco a\u00f1os de su \u00faltimo festejo ah\u00ed. A partir del lunes se ubicar\u00e1 en el tercer &hellip; <a href=\"http:\/\/labestiadeportiva.com\/lbd\/federer-se-corona-por-octava-vez\/\" class=\"more-link\">Seguir leyendo <span class=\"screen-reader-text\">Federer se corona por octava vez<\/span> <span class=\"meta-nav\">&rarr;<\/span><\/a><\/p>\n","protected":false},"author":1,"featured_media":24863,"comment_status":"open","ping_status":"open","sticky":false,"template":"","format":"standard","meta":[],"categories":[4,1,39],"tags":[4829,83,4835,1563],"_links":{"self":[{"href":"http:\/\/labestiadeportiva.com\/lbd\/wp-json\/wp\/v2\/posts\/24862"}],"collection":[{"href":"http:\/\/labestiadeportiva.com\/lbd\/wp-json\/wp\/v2\/posts"}],"about":[{"href":"http:\/\/labestiadeportiva.com\/lbd\/wp-json\/wp\/v2\/types\/post"}],"author":[{"embeddable":true,"href":"http:\/\/labestiadeportiva.com\/lbd\/wp-json\/wp\/v2\/users\/1"}],"replies":[{"embeddable":true,"href":"http:\/\/labestiadeportiva.com\/lbd\/wp-json\/wp\/v2\/comments?post=24862"}],"version-history":[{"count":1,"href":"http:\/\/labestiadeportiva.com\/lbd\/wp-json\/wp\/v2\/posts\/24862\/revisions"}],"predecessor-version":[{"id":24866,"href":"http:\/\/labestiadeportiva.com\/lbd\/wp-json\/wp\/v2\/posts\/24862\/revisions\/24866"}],"wp:featuredmedia":[{"embeddable":true,"href":"http:\/\/labestiadeportiva.com\/lbd\/wp-json\/wp\/v2\/media\/24863"}],"wp:attachment":[{"href":"http:\/\/labestiadeportiva.com\/lbd\/wp-json\/wp\/v2\/media?parent=24862"}],"wp:term":[{"taxonomy":"category","embeddable":true,"href":"http:\/\/labestiadeportiva.com\/lbd\/wp-json\/wp\/v2\/categories?post=24862"},{"taxonomy":"post_tag","embeddable":true,"href":"http:\/\/labestiadeportiva.com\/lbd\/wp-json\/wp\/v2\/tags?post=24862"}],"curies":[{"name":"wp","href":"https:\/\/api.w.org\/{rel}","templated":true}]}}