{"id":25039,"date":"2017-07-28T01:50:56","date_gmt":"2017-07-28T04:50:56","guid":{"rendered":"http:\/\/labestiadeportiva.com\/lbd\/?p=25039"},"modified":"2017-07-28T01:50:56","modified_gmt":"2017-07-28T04:50:56","slug":"se-viene-el-4o-clinic-internacional-de-futsal","status":"publish","type":"post","link":"http:\/\/labestiadeportiva.com\/lbd\/se-viene-el-4o-clinic-internacional-de-futsal\/","title":{"rendered":"Se viene el 4\u00ba Clinic internacional de futsal"},"content":{"rendered":"<p><a href=\"http:\/\/labestiadeportiva.com\/lbd\/wp-content\/uploads\/2017\/07\/20374425_1538571596209370_1075611110727806249_n.jpg\"><img loading=\"lazy\" class=\"alignleft size-medium wp-image-25040\" src=\"http:\/\/labestiadeportiva.com\/lbd\/wp-content\/uploads\/2017\/07\/20374425_1538571596209370_1075611110727806249_n-300x213.jpg\" alt=\"20374425_1538571596209370_1075611110727806249_n\" width=\"300\" height=\"213\" srcset=\"http:\/\/labestiadeportiva.com\/lbd\/wp-content\/uploads\/2017\/07\/20374425_1538571596209370_1075611110727806249_n-300x213.jpg 300w, http:\/\/labestiadeportiva.com\/lbd\/wp-content\/uploads\/2017\/07\/20374425_1538571596209370_1075611110727806249_n.jpg 960w\" sizes=\"(max-width: 300px) 100vw, 300px\" \/><\/a>Ser\u00e1 organizado por la Escuela de futsal MB desde el viernes 11 al domingo 13 de agosto. Contar\u00e1 con la presencia del reconocido entrenador madrile\u00f1o Jes\u00fas Candelas Rodrigo, ex Inter Movistar y la selecci\u00f3n de Ir\u00e1n. Las inscripciones est\u00e1n abiertas y podr\u00e1n realizarse en \u00a0<a href=\"mailto:clinicmasaustraldelmundo@gmail.com\" target=\"_blank\">clinicmasaustraldelmundo@<wbr \/>gmail.com<\/a><!--more--><\/p>\n<p>Con su particular estilo, Candelas vendr\u00e1 a Ushuaia a compartir con los asistentes su mirada sobre la inteligencia con la que debemos nutrir a nuestros deportistas, m\u00e1s all\u00e1 de las edades y contextos propios del futsal.<\/p>\n<p>La ponencia se compondr\u00e1 de 2 sesiones pr\u00e1cticas y 1 te\u00f3rica, con un total aproximado de 9 horas reloj.<\/p>\n<p>El clinic, organizado por la Escuela de Futsal MB, es auspiciado por el Concejal FPV Hugo Romero e Infuetur, y cuenta con el apoyo institucional de la Municipalidad de Ushuaia y la Secretar\u00eda de Deportes de la provincia de Tierra del Fuego.<\/p>\n<p>&nbsp;<\/p>\n<div class='epvc-post-count'><span class='epvc-eye'><\/span>  <span class=\"epvc-count\"> 1.197<\/span><span class='epvc-label'> veces le\u00edda<\/span><\/div>\n<div class=\"jwsharethis\">\nShare this: \n<br \/>\n<a href=\"mailto:?subject=Se%20viene%20el%204%C2%BA%20Clinic%20internacional%20de%20futsal&amp;body=http%3A%2F%2Flabestiadeportiva.com%2Flbd%2Fse-viene-el-4o-clinic-internacional-de-futsal%2F\">\n<img src=\"http:\/\/labestiadeportiva.com\/lbd\/wp-content\/plugins\/jw-share-this\/email.png\" alt=\"Share this page via Email\" \/>\n<\/a>\n<a target=\"_blank\" href=\"http:\/\/www.stumbleupon.com\/submit?url=http%3A%2F%2Flabestiadeportiva.com%2Flbd%2Fse-viene-el-4o-clinic-internacional-de-futsal%2F&amp;title=Se+viene+el+4%C2%BA+Clinic+internacional+de+futsal\">\n<img src=\"http:\/\/labestiadeportiva.com\/lbd\/wp-content\/plugins\/jw-share-this\/su.png\" alt=\"Share this page via Stumble Upon\" \/>\n<\/a>\n<a target=\"_blank\" href=\"http:\/\/digg.com\/submit?url=http%3A%2F%2Flabestiadeportiva.com%2Flbd%2Fse-viene-el-4o-clinic-internacional-de-futsal%2F&amp;title=Se+viene+el+4%C2%BA+Clinic+internacional+de+futsal\">\n<img src=\"http:\/\/labestiadeportiva.com\/lbd\/wp-content\/plugins\/jw-share-this\/digg.png\" alt=\"Share this page via Digg this\" \/>\n<\/a>\n<a target=\"_blank\" href=\"http:\/\/www.facebook.com\/sharer.php?u=http%3A%2F%2Flabestiadeportiva.com%2Flbd%2Fse-viene-el-4o-clinic-internacional-de-futsal%2F&amp;t=Se+viene+el+4%C2%BA+Clinic+internacional+de+futsal\">\n<img src=\"http:\/\/labestiadeportiva.com\/lbd\/wp-content\/plugins\/jw-share-this\/fb.png\" alt=\"Share this page via Facebook\" \/>\n<\/a>\n<a target=\"_blank\" href=\"http:\/\/twitter.com\/intent\/tweet?text=I+like+http%3A%2F%2Flabestiadeportiva.com%2Flbd%2Fse-viene-el-4o-clinic-internacional-de-futsal%2F&amp;title=Se+viene+el+4%C2%BA+Clinic+internacional+de+futsal\">\n<img src=\"http:\/\/labestiadeportiva.com\/lbd\/wp-content\/plugins\/jw-share-this\/twitter.png\" alt=\"Share this page via Twitter\" \/>\n<\/a>\n<\/div>\n","protected":false},"excerpt":{"rendered":"<p>Ser\u00e1 organizado por la Escuela de futsal MB desde el viernes 11 al domingo 13 de agosto. Contar\u00e1 con la presencia del reconocido entrenador madrile\u00f1o Jes\u00fas Candelas Rodrigo, ex Inter Movistar y la selecci\u00f3n de Ir\u00e1n. Las inscripciones est\u00e1n abiertas y podr\u00e1n realizarse en \u00a0clinicmasaustraldelmundo@gmail.com 1.197 veces le\u00edda Share this:<\/p>\n","protected":false},"author":1,"featured_media":25040,"comment_status":"open","ping_status":"open","sticky":false,"template":"","format":"standard","meta":[],"categories":[5,4,6,3177,1],"tags":[3239,1038,117,83],"_links":{"self":[{"href":"http:\/\/labestiadeportiva.com\/lbd\/wp-json\/wp\/v2\/posts\/25039"}],"collection":[{"href":"http:\/\/labestiadeportiva.com\/lbd\/wp-json\/wp\/v2\/posts"}],"about":[{"href":"http:\/\/labestiadeportiva.com\/lbd\/wp-json\/wp\/v2\/types\/post"}],"author":[{"embeddable":true,"href":"http:\/\/labestiadeportiva.com\/lbd\/wp-json\/wp\/v2\/users\/1"}],"replies":[{"embeddable":true,"href":"http:\/\/labestiadeportiva.com\/lbd\/wp-json\/wp\/v2\/comments?post=25039"}],"version-history":[{"count":1,"href":"http:\/\/labestiadeportiva.com\/lbd\/wp-json\/wp\/v2\/posts\/25039\/revisions"}],"predecessor-version":[{"id":25041,"href":"http:\/\/labestiadeportiva.com\/lbd\/wp-json\/wp\/v2\/posts\/25039\/revisions\/25041"}],"wp:featuredmedia":[{"embeddable":true,"href":"http:\/\/labestiadeportiva.com\/lbd\/wp-json\/wp\/v2\/media\/25040"}],"wp:attachment":[{"href":"http:\/\/labestiadeportiva.com\/lbd\/wp-json\/wp\/v2\/media?parent=25039"}],"wp:term":[{"taxonomy":"category","embeddable":true,"href":"http:\/\/labestiadeportiva.com\/lbd\/wp-json\/wp\/v2\/categories?post=25039"},{"taxonomy":"post_tag","embeddable":true,"href":"http:\/\/labestiadeportiva.com\/lbd\/wp-json\/wp\/v2\/tags?post=25039"}],"curies":[{"name":"wp","href":"https:\/\/api.w.org\/{rel}","templated":true}]}}