{"id":25148,"date":"2017-08-08T10:07:20","date_gmt":"2017-08-08T13:07:20","guid":{"rendered":"http:\/\/labestiadeportiva.com\/lbd\/?p=25148"},"modified":"2017-08-08T10:07:20","modified_gmt":"2017-08-08T13:07:20","slug":"se-acomodaron-los-equipos-de-rio-grande","status":"publish","type":"post","link":"http:\/\/labestiadeportiva.com\/lbd\/se-acomodaron-los-equipos-de-rio-grande\/","title":{"rendered":"Se acomodaron los equipos de R\u00edo Grande"},"content":{"rendered":"<p><img loading=\"lazy\" class=\"aligncenter size-medium wp-image-25150\" src=\"http:\/\/labestiadeportiva.com\/lbd\/wp-content\/uploads\/2017\/08\/20708454_1486506258083632_2793595042280166355_n-300x224.jpg\" alt=\"20708454_1486506258083632_2793595042280166355_n\" width=\"300\" height=\"224\" srcset=\"http:\/\/labestiadeportiva.com\/lbd\/wp-content\/uploads\/2017\/08\/20708454_1486506258083632_2793595042280166355_n-300x224.jpg 300w, http:\/\/labestiadeportiva.com\/lbd\/wp-content\/uploads\/2017\/08\/20708454_1486506258083632_2793595042280166355_n.jpg 960w\" sizes=\"(max-width: 300px) 100vw, 300px\" \/>Luego de sus derrotas en R\u00edo Gallegos y Ushuaia Camioneros y Deportivo Victoria sumaron de a tres en el marco de la 4\u00ba fecha del Torneo Federal \u201cB\u201d de f\u00fatbol dentro de la Regi\u00f3n Patag\u00f3nica Zona \u201cA\u201d. Los transportistas lo hicieron el s\u00e1bado por la m\u00ednima ante Los Cuervos FDM mientras que Victoria gole\u00f3 al colista Independiente de San Juli\u00e1n el domingo por 4 a 0. Este jueves 10 desde las 15.30 jugar\u00e1n entre s\u00ed por la postergada 1\u00ba fecha de la competencia nacional. Las fotos son gentileza de El Sure\u00f1o.<!--more--><\/p>\n<p>Fin de semana perfecto para los representantes fueguinos del norte de la isla. En la fr\u00eda y ventosa jornada sabatina el equipo transportista se impuso al ushuaiense Los Cuervos FDM por 1 a 0 con gol de Silva a los 20 minutos de la segunda etapa.<\/p>\n<p>En un partido sumamente equilibrado, donde ambos tuvieron posibilidades de marcar, la impericia en la puntada final fue un factor determinante para que esto no suceda.<\/p>\n<p><a href=\"http:\/\/labestiadeportiva.com\/lbd\/wp-content\/uploads\/2017\/08\/ver-lagarto-368x270.jpg\"><img loading=\"lazy\" class=\"aligncenter size-medium wp-image-25151\" src=\"http:\/\/labestiadeportiva.com\/lbd\/wp-content\/uploads\/2017\/08\/ver-lagarto-368x270-300x220.jpg\" alt=\"ver-lagarto-368x270\" width=\"300\" height=\"220\" srcset=\"http:\/\/labestiadeportiva.com\/lbd\/wp-content\/uploads\/2017\/08\/ver-lagarto-368x270-300x220.jpg 300w, http:\/\/labestiadeportiva.com\/lbd\/wp-content\/uploads\/2017\/08\/ver-lagarto-368x270.jpg 368w\" sizes=\"(max-width: 300px) 100vw, 300px\" \/><\/a>En un juego con permanente roces que dejaron algunos lesionados Camioneros se aferr\u00f3 con u\u00f1as y dientes a la diferencia m\u00ednima para sumar de a tres por primera vez en el torneo y alejar por un rato el trago amargo de la goleada en contra en R\u00edo Gallegos.<\/p>\n<p>Lo de Deportivo Victoria fue contundente. Es cierto que enfrent\u00f3 al equipo m\u00e1s d\u00e9bil del grupo, Independiente de San Juli\u00e1n, quien a\u00fan no ha sumado y claramente ser\u00e1 quien luche por no descender de categor\u00eda.<\/p>\n<p>Dos tantos de Rosa, Mart\u00edn Torrez de penal y C\u00e9sar Escobar fueron los goleadores de una tarde casi perfecta. La nota negativa fue la dura lesi\u00f3n de Julio Mereles quien sufri\u00f3 una fractura del peron\u00e9 a la altura del tobillo qued\u00e1ndose fuera de la competencia nacional en esta temporada.<\/p>\n<p><a href=\"http:\/\/labestiadeportiva.com\/lbd\/wp-content\/uploads\/2017\/08\/ver-veron-327x270.jpg\"><img loading=\"lazy\" class=\"aligncenter size-medium wp-image-25152\" src=\"http:\/\/labestiadeportiva.com\/lbd\/wp-content\/uploads\/2017\/08\/ver-veron-327x270-300x248.jpg\" alt=\"ver-veron-327x270\" width=\"300\" height=\"248\" srcset=\"http:\/\/labestiadeportiva.com\/lbd\/wp-content\/uploads\/2017\/08\/ver-veron-327x270-300x248.jpg 300w, http:\/\/labestiadeportiva.com\/lbd\/wp-content\/uploads\/2017\/08\/ver-veron-327x270.jpg 327w\" sizes=\"(max-width: 300px) 100vw, 300px\" \/><\/a>En tan solo 48 horas los riograndenses reeditar\u00e1n uno de los cl\u00e1sicos de la ciudad cuando el jueves desde las 15.30 Camioneros y Victoria se pongan al d\u00eda jugando el postergado de la 1\u00ba fecha.<\/p>\n<p>Si bien la jornada oficial permiti\u00f3 que dos de los tres representantes fueguinos se metan en la pelea del grupo, el restante, Los Cuervos FDM, no pudo aprovechar la fecha libre para arrebatarle la punta al l\u00edder y candidato Boxing Club.<\/p>\n<p>Torneo Federal \u201cB\u201d<br \/>\nRegi\u00f3n Patag\u00f3nica \/Zona \u201cA\u201d<br \/>\n<span style=\"color: #0000ff;\">Resultados<\/span><br \/>\nC.S.D. Camioneros 1 Los Cuervos FDM 0<br \/>\nDeportivo Victoria 4 Independiente San Juli\u00e1n 0<\/p>\n<p><span style=\"color: #0000ff;\">Posiciones Actualizadas<\/span><br \/>\nEquipos PJ Pts. DG<br \/>\nBoxing Club (RG) 3 7 +10<br \/>\nLos Cuervos FDM (Ush) 3 6 +2<br \/>\nDeportivo Victoria (RG) 3 4 +3<br \/>\nCamioneros (RG) 2 3 -2<br \/>\nIndependiente (SJ) 3 0 -13<\/p>\n<p>Jueves 10 \/ 15.30<br \/>\nSint\u00e9tico AGP<br \/>\nPostergado 1\u00ba Fecha<br \/>\nC.S.D. Camioneros\/Deportivo Victoria<\/p>\n<p><a href=\"http:\/\/labestiadeportiva.com\/lbd\/wp-content\/uploads\/2017\/08\/20664525_1548996065166923_9160663334383368323_n.jpg\"><img loading=\"lazy\" class=\"aligncenter size-medium wp-image-25149\" src=\"http:\/\/labestiadeportiva.com\/lbd\/wp-content\/uploads\/2017\/08\/20664525_1548996065166923_9160663334383368323_n-300x178.jpg\" alt=\"20664525_1548996065166923_9160663334383368323_n\" width=\"300\" height=\"178\" srcset=\"http:\/\/labestiadeportiva.com\/lbd\/wp-content\/uploads\/2017\/08\/20664525_1548996065166923_9160663334383368323_n-300x178.jpg 300w, http:\/\/labestiadeportiva.com\/lbd\/wp-content\/uploads\/2017\/08\/20664525_1548996065166923_9160663334383368323_n.jpg 552w\" sizes=\"(max-width: 300px) 100vw, 300px\" \/><\/a><\/p>\n<div class='epvc-post-count'><span class='epvc-eye'><\/span>  <span class=\"epvc-count\"> 1.657<\/span><span class='epvc-label'> veces le\u00edda<\/span><\/div>\n<div class=\"jwsharethis\">\nShare this: \n<br \/>\n<a href=\"mailto:?subject=Se%20acomodaron%20los%20equipos%20de%20R%C3%ADo%20Grande&amp;body=http%3A%2F%2Flabestiadeportiva.com%2Flbd%2Fse-acomodaron-los-equipos-de-rio-grande%2F\">\n<img src=\"http:\/\/labestiadeportiva.com\/lbd\/wp-content\/plugins\/jw-share-this\/email.png\" alt=\"Share this page via Email\" \/>\n<\/a>\n<a target=\"_blank\" href=\"http:\/\/www.stumbleupon.com\/submit?url=http%3A%2F%2Flabestiadeportiva.com%2Flbd%2Fse-acomodaron-los-equipos-de-rio-grande%2F&amp;title=Se+acomodaron+los+equipos+de+R%C3%ADo+Grande\">\n<img src=\"http:\/\/labestiadeportiva.com\/lbd\/wp-content\/plugins\/jw-share-this\/su.png\" alt=\"Share this page via Stumble Upon\" \/>\n<\/a>\n<a target=\"_blank\" href=\"http:\/\/digg.com\/submit?url=http%3A%2F%2Flabestiadeportiva.com%2Flbd%2Fse-acomodaron-los-equipos-de-rio-grande%2F&amp;title=Se+acomodaron+los+equipos+de+R%C3%ADo+Grande\">\n<img src=\"http:\/\/labestiadeportiva.com\/lbd\/wp-content\/plugins\/jw-share-this\/digg.png\" alt=\"Share this page via Digg this\" \/>\n<\/a>\n<a target=\"_blank\" href=\"http:\/\/www.facebook.com\/sharer.php?u=http%3A%2F%2Flabestiadeportiva.com%2Flbd%2Fse-acomodaron-los-equipos-de-rio-grande%2F&amp;t=Se+acomodaron+los+equipos+de+R%C3%ADo+Grande\">\n<img src=\"http:\/\/labestiadeportiva.com\/lbd\/wp-content\/plugins\/jw-share-this\/fb.png\" alt=\"Share this page via Facebook\" \/>\n<\/a>\n<a target=\"_blank\" href=\"http:\/\/twitter.com\/intent\/tweet?text=I+like+http%3A%2F%2Flabestiadeportiva.com%2Flbd%2Fse-acomodaron-los-equipos-de-rio-grande%2F&amp;title=Se+acomodaron+los+equipos+de+R%C3%ADo+Grande\">\n<img src=\"http:\/\/labestiadeportiva.com\/lbd\/wp-content\/plugins\/jw-share-this\/twitter.png\" alt=\"Share this page via Twitter\" \/>\n<\/a>\n<\/div>\n","protected":false},"excerpt":{"rendered":"<p>Luego de sus derrotas en R\u00edo Gallegos y Ushuaia Camioneros y Deportivo Victoria sumaron de a tres en el marco de la 4\u00ba fecha del Torneo Federal \u201cB\u201d de f\u00fatbol dentro de la Regi\u00f3n Patag\u00f3nica Zona \u201cA\u201d. Los transportistas lo hicieron el s\u00e1bado por la m\u00ednima ante Los Cuervos FDM mientras que Victoria gole\u00f3 al &hellip; <a href=\"http:\/\/labestiadeportiva.com\/lbd\/se-acomodaron-los-equipos-de-rio-grande\/\" class=\"more-link\">Seguir leyendo <span class=\"screen-reader-text\">Se acomodaron los equipos de R\u00edo Grande<\/span> <span class=\"meta-nav\">&rarr;<\/span><\/a><\/p>\n","protected":false},"author":1,"featured_media":25150,"comment_status":"open","ping_status":"open","sticky":false,"template":"","format":"standard","meta":[],"categories":[5,6,3243,1],"tags":[2494,2750,17,83,2931,3245],"_links":{"self":[{"href":"http:\/\/labestiadeportiva.com\/lbd\/wp-json\/wp\/v2\/posts\/25148"}],"collection":[{"href":"http:\/\/labestiadeportiva.com\/lbd\/wp-json\/wp\/v2\/posts"}],"about":[{"href":"http:\/\/labestiadeportiva.com\/lbd\/wp-json\/wp\/v2\/types\/post"}],"author":[{"embeddable":true,"href":"http:\/\/labestiadeportiva.com\/lbd\/wp-json\/wp\/v2\/users\/1"}],"replies":[{"embeddable":true,"href":"http:\/\/labestiadeportiva.com\/lbd\/wp-json\/wp\/v2\/comments?post=25148"}],"version-history":[{"count":1,"href":"http:\/\/labestiadeportiva.com\/lbd\/wp-json\/wp\/v2\/posts\/25148\/revisions"}],"predecessor-version":[{"id":25154,"href":"http:\/\/labestiadeportiva.com\/lbd\/wp-json\/wp\/v2\/posts\/25148\/revisions\/25154"}],"wp:featuredmedia":[{"embeddable":true,"href":"http:\/\/labestiadeportiva.com\/lbd\/wp-json\/wp\/v2\/media\/25150"}],"wp:attachment":[{"href":"http:\/\/labestiadeportiva.com\/lbd\/wp-json\/wp\/v2\/media?parent=25148"}],"wp:term":[{"taxonomy":"category","embeddable":true,"href":"http:\/\/labestiadeportiva.com\/lbd\/wp-json\/wp\/v2\/categories?post=25148"},{"taxonomy":"post_tag","embeddable":true,"href":"http:\/\/labestiadeportiva.com\/lbd\/wp-json\/wp\/v2\/tags?post=25148"}],"curies":[{"name":"wp","href":"https:\/\/api.w.org\/{rel}","templated":true}]}}