{"id":2526,"date":"2013-01-18T21:00:48","date_gmt":"2013-01-18T21:00:48","guid":{"rendered":"http:\/\/labestiadeportiva.com\/lbd\/?p=2526"},"modified":"2013-01-18T21:08:28","modified_gmt":"2013-01-18T21:08:28","slug":"los-chicos-de-asdu-a-corea","status":"publish","type":"post","link":"http:\/\/labestiadeportiva.com\/lbd\/los-chicos-de-asdu-a-corea\/","title":{"rendered":"Los chicos de ASDU a Corea"},"content":{"rendered":"<p><a href=\"http:\/\/labestiadeportiva.com\/lbd\/wp-content\/uploads\/2013\/01\/Imagen-1918.jpg\"><img loading=\"lazy\" class=\"alignleft size-medium wp-image-2527\" title=\"Imagen 1918\" src=\"http:\/\/labestiadeportiva.com\/lbd\/wp-content\/uploads\/2013\/01\/Imagen-1918-300x191.jpg\" alt=\"\" width=\"300\" height=\"191\" srcset=\"http:\/\/labestiadeportiva.com\/lbd\/wp-content\/uploads\/2013\/01\/Imagen-1918-300x191.jpg 300w, http:\/\/labestiadeportiva.com\/lbd\/wp-content\/uploads\/2013\/01\/Imagen-1918.jpg 640w\" sizes=\"(max-width: 300px) 100vw, 300px\" \/><\/a>Este lunes 21 comenzar\u00e1 el viaje de los deportistas fueguinos que estar\u00e1n presentes en los Juegos Mundiales de Invierno organizados por Olimp\u00edadas Especiales. Cesar Sacoff, Andrea C\u00f3rdova, Alejandro Vidal Palma y Ana Kamai Dipilato Lacuadra nuestros representantes en esqu\u00ed de fondo y raquetas de nieve. Ser\u00e1n acompa\u00f1ados por Viviana Borrego y Francisco \u201cMacoco\u201d Silva.<!--morePara leer Click Aqu\u00ed --><\/p>\n<p>La delegaci\u00f3n fueguina viajar\u00e1 a la Ciudad Aut\u00f3noma de Buenos Aires para all\u00ed acoplarse a sus pares de San Carlos de Bariloche quienes competir\u00e1n en snowboard, esqu\u00ed alpino y hockey sobre piso (adaptado), conformando la delegaci\u00f3n argentina que tendr\u00e1 40 participantes, 30 de los cuales ser\u00e1n deportistas.<\/p>\n<p>La competencia que albergar\u00e1 alrededor de 3.000 atletas de todo el mundo se desarrollar\u00e1 en Pyeong Chang, Rep\u00fablica de Corea del 29 de enero al 5 de febrero.<\/p>\n<p>En cuanto a los mayores que acompa\u00f1ar\u00e1n a los fueguinos ser\u00e1 la Directora de Eventos de ASDU Viviana Borrego, quien cumplir\u00e1 las funciones de entrenadora de esqu\u00ed de fondo, y el profesor del CAAD Francisco \u201cMacoco\u201d Silva que har\u00e1 lo propio en la disciplina raquetas de nieve.<\/p>\n<p>De esta forma deportistas especiales de Tierra del Fuego regresan a una competencia mundial de invierno luego de 12 a\u00f1os, cabe recordar que en aquella oportunidad la cita fue en Alaska siendo el profesor responsable Pablo Valcheff.<\/p>\n<div class='epvc-post-count'><span class='epvc-eye'><\/span>  <span class=\"epvc-count\"> 1.164<\/span><span class='epvc-label'> veces le\u00edda<\/span><\/div>\n<div class=\"jwsharethis\">\nShare this: \n<br \/>\n<a href=\"mailto:?subject=Los%20chicos%20de%20ASDU%20a%20Corea&amp;body=http%3A%2F%2Flabestiadeportiva.com%2Flbd%2Flos-chicos-de-asdu-a-corea%2F\">\n<img src=\"http:\/\/labestiadeportiva.com\/lbd\/wp-content\/plugins\/jw-share-this\/email.png\" alt=\"Share this page via Email\" \/>\n<\/a>\n<a target=\"_blank\" href=\"http:\/\/www.stumbleupon.com\/submit?url=http%3A%2F%2Flabestiadeportiva.com%2Flbd%2Flos-chicos-de-asdu-a-corea%2F&amp;title=Los+chicos+de+ASDU+a+Corea\">\n<img src=\"http:\/\/labestiadeportiva.com\/lbd\/wp-content\/plugins\/jw-share-this\/su.png\" alt=\"Share this page via Stumble Upon\" \/>\n<\/a>\n<a target=\"_blank\" href=\"http:\/\/digg.com\/submit?url=http%3A%2F%2Flabestiadeportiva.com%2Flbd%2Flos-chicos-de-asdu-a-corea%2F&amp;title=Los+chicos+de+ASDU+a+Corea\">\n<img src=\"http:\/\/labestiadeportiva.com\/lbd\/wp-content\/plugins\/jw-share-this\/digg.png\" alt=\"Share this page via Digg this\" \/>\n<\/a>\n<a target=\"_blank\" href=\"http:\/\/www.facebook.com\/sharer.php?u=http%3A%2F%2Flabestiadeportiva.com%2Flbd%2Flos-chicos-de-asdu-a-corea%2F&amp;t=Los+chicos+de+ASDU+a+Corea\">\n<img src=\"http:\/\/labestiadeportiva.com\/lbd\/wp-content\/plugins\/jw-share-this\/fb.png\" alt=\"Share this page via Facebook\" \/>\n<\/a>\n<a target=\"_blank\" href=\"http:\/\/twitter.com\/intent\/tweet?text=I+like+http%3A%2F%2Flabestiadeportiva.com%2Flbd%2Flos-chicos-de-asdu-a-corea%2F&amp;title=Los+chicos+de+ASDU+a+Corea\">\n<img src=\"http:\/\/labestiadeportiva.com\/lbd\/wp-content\/plugins\/jw-share-this\/twitter.png\" alt=\"Share this page via Twitter\" \/>\n<\/a>\n<\/div>\n","protected":false},"excerpt":{"rendered":"<p>Este lunes 21 comenzar\u00e1 el viaje de los deportistas fueguinos que estar\u00e1n presentes en los Juegos Mundiales de Invierno organizados por Olimp\u00edadas Especiales. Cesar Sacoff, Andrea C\u00f3rdova, Alejandro Vidal Palma y Ana Kamai Dipilato Lacuadra nuestros representantes en esqu\u00ed de fondo y raquetas de nieve. Ser\u00e1n acompa\u00f1ados por Viviana Borrego y Francisco \u201cMacoco\u201d Silva. 1.164 &hellip; <a href=\"http:\/\/labestiadeportiva.com\/lbd\/los-chicos-de-asdu-a-corea\/\" class=\"more-link\">Seguir leyendo <span class=\"screen-reader-text\">Los chicos de ASDU a Corea<\/span> <span class=\"meta-nav\">&rarr;<\/span><\/a><\/p>\n","protected":false},"author":1,"featured_media":2527,"comment_status":"open","ping_status":"open","sticky":false,"template":"","format":"standard","meta":[],"categories":[4,41,29,1],"tags":[368,366,367],"_links":{"self":[{"href":"http:\/\/labestiadeportiva.com\/lbd\/wp-json\/wp\/v2\/posts\/2526"}],"collection":[{"href":"http:\/\/labestiadeportiva.com\/lbd\/wp-json\/wp\/v2\/posts"}],"about":[{"href":"http:\/\/labestiadeportiva.com\/lbd\/wp-json\/wp\/v2\/types\/post"}],"author":[{"embeddable":true,"href":"http:\/\/labestiadeportiva.com\/lbd\/wp-json\/wp\/v2\/users\/1"}],"replies":[{"embeddable":true,"href":"http:\/\/labestiadeportiva.com\/lbd\/wp-json\/wp\/v2\/comments?post=2526"}],"version-history":[{"count":4,"href":"http:\/\/labestiadeportiva.com\/lbd\/wp-json\/wp\/v2\/posts\/2526\/revisions"}],"predecessor-version":[{"id":2531,"href":"http:\/\/labestiadeportiva.com\/lbd\/wp-json\/wp\/v2\/posts\/2526\/revisions\/2531"}],"wp:featuredmedia":[{"embeddable":true,"href":"http:\/\/labestiadeportiva.com\/lbd\/wp-json\/wp\/v2\/media\/2527"}],"wp:attachment":[{"href":"http:\/\/labestiadeportiva.com\/lbd\/wp-json\/wp\/v2\/media?parent=2526"}],"wp:term":[{"taxonomy":"category","embeddable":true,"href":"http:\/\/labestiadeportiva.com\/lbd\/wp-json\/wp\/v2\/categories?post=2526"},{"taxonomy":"post_tag","embeddable":true,"href":"http:\/\/labestiadeportiva.com\/lbd\/wp-json\/wp\/v2\/tags?post=2526"}],"curies":[{"name":"wp","href":"https:\/\/api.w.org\/{rel}","templated":true}]}}