{"id":25294,"date":"2017-08-18T19:11:25","date_gmt":"2017-08-18T22:11:25","guid":{"rendered":"http:\/\/labestiadeportiva.com\/lbd\/?p=25294"},"modified":"2017-08-18T19:11:25","modified_gmt":"2017-08-18T22:11:25","slug":"camioneros-rumbo-a-san-julian","status":"publish","type":"post","link":"http:\/\/labestiadeportiva.com\/lbd\/camioneros-rumbo-a-san-julian\/","title":{"rendered":"Camioneros rumbo a San Juli\u00e1n"},"content":{"rendered":"<p><a href=\"http:\/\/labestiadeportiva.com\/lbd\/wp-content\/uploads\/2017\/08\/20953355_1558955987504264_1837612968342111232_n.jpg\"><img loading=\"lazy\" class=\"alignleft size-medium wp-image-25295\" src=\"http:\/\/labestiadeportiva.com\/lbd\/wp-content\/uploads\/2017\/08\/20953355_1558955987504264_1837612968342111232_n-300x178.jpg\" alt=\"20953355_1558955987504264_1837612968342111232_n\" width=\"300\" height=\"178\" srcset=\"http:\/\/labestiadeportiva.com\/lbd\/wp-content\/uploads\/2017\/08\/20953355_1558955987504264_1837612968342111232_n-300x178.jpg 300w, http:\/\/labestiadeportiva.com\/lbd\/wp-content\/uploads\/2017\/08\/20953355_1558955987504264_1837612968342111232_n.jpg 497w\" sizes=\"(max-width: 300px) 100vw, 300px\" \/><\/a>El \u201cVerde\u201d riograndense comenz\u00f3 su viaje hacia la localidad santacruce\u00f1a. El domingo desde las 15 en el marco de la 5\u00ba fecha del Torneo Federal \u201cB\u201d Regi\u00f3n Patag\u00f3nica Zona \u201cA\u201d enfrentar\u00e1 al colista Independiente.<!--more--><\/p>\n<p>El equipo conducido por en DT Pedro Abel Vel\u00e1zquez parti\u00f3 a media ma\u00f1ana de este viernes v\u00eda terrestre hacia la localidad del centro de Santa Cruz donde el domingo por la tarde enfrentar\u00e1 al rival m\u00e1s d\u00e9bil del grupo.<\/p>\n<p>Hasta el momento el conjunto trasportista marcha en el cuarto lugar del grupo con cuatro puntos en tres presentaciones.<\/p>\n<p>En cuanto al plantel, \u00a0el cuerpo t\u00e9cnico convoc\u00f3 a 20 jugadores, muchos de los cuales son juveniles con el principal objetivo de preservar a los m\u00e1s experimentados de cara a los choques ante Deportivo Victoria y Boxing Club.<\/p>\n<p>Sobre el partido podemos adelantar que la terna arbitral ser\u00e1 de la ciudad del Petr\u00f3leo, Comodoro Rivadavia,\u00a0 siendo el principal Juan Manuel Linares, secundado por Nicol\u00e1s Ibarnegaray y Diego Schoff.<\/p>\n<p>En las \u00faltimas horas fue suspendido el otro partido de la fecha. Los Cuervos FDM y Boxing Club postergaron su encuentro por el actual estado del campo de juego del \u201cHugo Lumbreras\u201d el cual se encuentra cubierto por un manto blanco de nieve.<\/p>\n<p>Si bien no fue confirmado oficialmente existir\u00eda la posibilidad, tenemos el dato que es intenci\u00f3n de la instituci\u00f3n galleguense, solicitar cumplir con este encuentro en Ushuaia cuando vuelva a visitar a los equipos fueguinos del norte de la isla.<\/p>\n<p><span style=\"color: #0000ff;\">El plantel fueguino<\/span><\/p>\n<p>Camioneros RG: Alejandro Godoy, Leandro Bord\u00f3n, Juan Carlos Rosales, Maximiliano Espinoza, V\u00edctor Ver\u00f3n, Sergio Hechos, Cristian Canteros, Jonathan Bustos, Jonatan Salazar, Luca Stessens, Adri\u00e1n Nieto, Luciano Avalos, Gonzalo Cuesta, Mart\u00edn Oviedo, V\u00edctor Hugo Valdez, Ezequiel Barrientos, Facundo Curruhuinca y Axel Abreg\u00fa.<\/p>\n<div class='epvc-post-count'><span class='epvc-eye'><\/span>  <span class=\"epvc-count\"> 1.161<\/span><span class='epvc-label'> veces le\u00edda<\/span><\/div>\n<div class=\"jwsharethis\">\nShare this: \n<br \/>\n<a href=\"mailto:?subject=Camioneros%20rumbo%20a%20San%20Juli%C3%A1n&amp;body=http%3A%2F%2Flabestiadeportiva.com%2Flbd%2Fcamioneros-rumbo-a-san-julian%2F\">\n<img src=\"http:\/\/labestiadeportiva.com\/lbd\/wp-content\/plugins\/jw-share-this\/email.png\" alt=\"Share this page via Email\" \/>\n<\/a>\n<a target=\"_blank\" href=\"http:\/\/www.stumbleupon.com\/submit?url=http%3A%2F%2Flabestiadeportiva.com%2Flbd%2Fcamioneros-rumbo-a-san-julian%2F&amp;title=Camioneros+rumbo+a+San+Juli%C3%A1n\">\n<img src=\"http:\/\/labestiadeportiva.com\/lbd\/wp-content\/plugins\/jw-share-this\/su.png\" alt=\"Share this page via Stumble Upon\" \/>\n<\/a>\n<a target=\"_blank\" href=\"http:\/\/digg.com\/submit?url=http%3A%2F%2Flabestiadeportiva.com%2Flbd%2Fcamioneros-rumbo-a-san-julian%2F&amp;title=Camioneros+rumbo+a+San+Juli%C3%A1n\">\n<img src=\"http:\/\/labestiadeportiva.com\/lbd\/wp-content\/plugins\/jw-share-this\/digg.png\" alt=\"Share this page via Digg this\" \/>\n<\/a>\n<a target=\"_blank\" href=\"http:\/\/www.facebook.com\/sharer.php?u=http%3A%2F%2Flabestiadeportiva.com%2Flbd%2Fcamioneros-rumbo-a-san-julian%2F&amp;t=Camioneros+rumbo+a+San+Juli%C3%A1n\">\n<img src=\"http:\/\/labestiadeportiva.com\/lbd\/wp-content\/plugins\/jw-share-this\/fb.png\" alt=\"Share this page via Facebook\" \/>\n<\/a>\n<a target=\"_blank\" href=\"http:\/\/twitter.com\/intent\/tweet?text=I+like+http%3A%2F%2Flabestiadeportiva.com%2Flbd%2Fcamioneros-rumbo-a-san-julian%2F&amp;title=Camioneros+rumbo+a+San+Juli%C3%A1n\">\n<img src=\"http:\/\/labestiadeportiva.com\/lbd\/wp-content\/plugins\/jw-share-this\/twitter.png\" alt=\"Share this page via Twitter\" \/>\n<\/a>\n<\/div>\n","protected":false},"excerpt":{"rendered":"<p>El \u201cVerde\u201d riograndense comenz\u00f3 su viaje hacia la localidad santacruce\u00f1a. El domingo desde las 15 en el marco de la 5\u00ba fecha del Torneo Federal \u201cB\u201d Regi\u00f3n Patag\u00f3nica Zona \u201cA\u201d enfrentar\u00e1 al colista Independiente. 1.161 veces le\u00edda Share this:<\/p>\n","protected":false},"author":1,"featured_media":25295,"comment_status":"open","ping_status":"open","sticky":false,"template":"","format":"standard","meta":[],"categories":[5,6,3243,1],"tags":[2357,2750,17,83,3255,3245],"_links":{"self":[{"href":"http:\/\/labestiadeportiva.com\/lbd\/wp-json\/wp\/v2\/posts\/25294"}],"collection":[{"href":"http:\/\/labestiadeportiva.com\/lbd\/wp-json\/wp\/v2\/posts"}],"about":[{"href":"http:\/\/labestiadeportiva.com\/lbd\/wp-json\/wp\/v2\/types\/post"}],"author":[{"embeddable":true,"href":"http:\/\/labestiadeportiva.com\/lbd\/wp-json\/wp\/v2\/users\/1"}],"replies":[{"embeddable":true,"href":"http:\/\/labestiadeportiva.com\/lbd\/wp-json\/wp\/v2\/comments?post=25294"}],"version-history":[{"count":1,"href":"http:\/\/labestiadeportiva.com\/lbd\/wp-json\/wp\/v2\/posts\/25294\/revisions"}],"predecessor-version":[{"id":25296,"href":"http:\/\/labestiadeportiva.com\/lbd\/wp-json\/wp\/v2\/posts\/25294\/revisions\/25296"}],"wp:featuredmedia":[{"embeddable":true,"href":"http:\/\/labestiadeportiva.com\/lbd\/wp-json\/wp\/v2\/media\/25295"}],"wp:attachment":[{"href":"http:\/\/labestiadeportiva.com\/lbd\/wp-json\/wp\/v2\/media?parent=25294"}],"wp:term":[{"taxonomy":"category","embeddable":true,"href":"http:\/\/labestiadeportiva.com\/lbd\/wp-json\/wp\/v2\/categories?post=25294"},{"taxonomy":"post_tag","embeddable":true,"href":"http:\/\/labestiadeportiva.com\/lbd\/wp-json\/wp\/v2\/tags?post=25294"}],"curies":[{"name":"wp","href":"https:\/\/api.w.org\/{rel}","templated":true}]}}