{"id":25394,"date":"2017-08-25T12:12:57","date_gmt":"2017-08-25T15:12:57","guid":{"rendered":"http:\/\/labestiadeportiva.com\/lbd\/?p=25394"},"modified":"2017-08-25T13:40:13","modified_gmt":"2017-08-25T16:40:13","slug":"lo-dio-vuelta-2","status":"publish","type":"post","link":"http:\/\/labestiadeportiva.com\/lbd\/lo-dio-vuelta-2\/","title":{"rendered":"Lo dio vuelta"},"content":{"rendered":"<p><a href=\"http:\/\/labestiadeportiva.com\/lbd\/wp-content\/uploads\/2017\/08\/20993035_1565092620223934_8115353328656272089_n-1.jpg\"><img loading=\"lazy\" class=\"alignleft size-medium wp-image-25390\" src=\"http:\/\/labestiadeportiva.com\/lbd\/wp-content\/uploads\/2017\/08\/20993035_1565092620223934_8115353328656272089_n-1-300x200.jpg\" alt=\"20993035_1565092620223934_8115353328656272089_n (1)\" width=\"300\" height=\"200\" srcset=\"http:\/\/labestiadeportiva.com\/lbd\/wp-content\/uploads\/2017\/08\/20993035_1565092620223934_8115353328656272089_n-1-300x200.jpg 300w, http:\/\/labestiadeportiva.com\/lbd\/wp-content\/uploads\/2017\/08\/20993035_1565092620223934_8115353328656272089_n-1.jpg 960w\" sizes=\"(max-width: 300px) 100vw, 300px\" \/><\/a>Se disput\u00f3 la 2\u00ba fecha del Torneo Patag\u00f3nico de Selecciones de Futsal AFA \u201cCopa Pablo Vidal\u201d. En el cl\u00e1sico provincial que cerr\u00f3 la jornada R\u00edo Grande super\u00f3 a Ushuaia por 3 a 2. Este viernes los fueguinos enfrentar\u00e1n a R\u00edo Turbio y Punta Arenas. Las fotos son gentileza del colega y amigo Hugo Varas.<!--more--><\/p>\n<p>La segunda jornada de la competencia salonera que se disputa en el norte de la isla entreg\u00f3 el trascendental choque entre los primeros equipos de R\u00edo Grande y Ushuaia, cabe aclarar que ambos cuentan con elencos alternativos en competencia el local un Sub 21 y los capitalinos un plantel juvenil reforzado por varios jugadores de experiencia.<\/p>\n<p>A decir verdad los ushuaienses salieron concentrados y dispuestos a dar batalla ante un rival que en la previa era el favorito y candidato al t\u00edtulo. Con mucha personalidad los conducidos por Montiel abrieron el marcador y antes del cierre de la primera etapa aumentaron las cifras.<\/p>\n<p>Sorpresa en el gimnasio de San Mart\u00edn por el resultado parcial, totalmente justo para los capitalinos. En el complemente llegar\u00eda la reacci\u00f3n local, antes del primer minuto dos r\u00e1pidos tantos para alcanzar la igualdad.<\/p>\n<p>Cuando los ushuaienses jugaban con un hombre menos el experimentado jugador riograndense, Facundo \u201cManteca\u201d Perpetto, pondr\u00eda cifras definitivas al partido. 3 a 2 para R\u00edo Grande que puso las cosas en su lugar aunque tambi\u00e9n se llev\u00f3 un buen susto ante un equipo que por momentos juega muy bien.<\/p>\n<p>Este viernes Ushuaia volver\u00e1 a presentarse desde las 20, esta vez ante el duro Punta Arenas mientras que el local lo har\u00e1 en horario central frente a R\u00edo Turbio.<\/p>\n<p>Promedia la competencia en el norte de la isla. Todos luchan por acceder a la siguiente fase, despu\u00e9s del cl\u00e1sico nos animamos a decir que Ushuaia y R\u00edo Grande aparecen como los equipos de mejores propuestas en cancha.<\/p>\n<p><span style=\"color: #0000ff;\"><a href=\"http:\/\/labestiadeportiva.com\/lbd\/wp-content\/uploads\/2017\/08\/20170825_102117.jpg\"><img loading=\"lazy\" class=\"aligncenter size-medium wp-image-25397\" src=\"http:\/\/labestiadeportiva.com\/lbd\/wp-content\/uploads\/2017\/08\/20170825_102117-300x248.jpg\" alt=\"20170825_102117\" width=\"300\" height=\"248\" srcset=\"http:\/\/labestiadeportiva.com\/lbd\/wp-content\/uploads\/2017\/08\/20170825_102117-300x248.jpg 300w, http:\/\/labestiadeportiva.com\/lbd\/wp-content\/uploads\/2017\/08\/20170825_102117-1024x847.jpg 1024w, http:\/\/labestiadeportiva.com\/lbd\/wp-content\/uploads\/2017\/08\/20170825_102117.jpg 1030w\" sizes=\"(max-width: 300px) 100vw, 300px\" \/><\/a>Resultados (2\u00ba Fecha)<\/span><br \/>\nLas Heras 2 Magallanes 3<br \/>\nR\u00edo Turbio 5 Punta Arenas 9<br \/>\nEl Calafate 9 Ushuaia B 5<br \/>\nBariloche 8 Bah\u00eda Blanca 8<br \/>\nR\u00edo Grande 3 Ushuaia A 2<\/p>\n<p><span style=\"color: #0000ff;\">Fixture 3\u00ba fecha (Viernes)<\/span><br \/>\n14.00 Magallanes\/Bariloche<br \/>\n16.00 Las Heras\/Bah\u00eda Blanca<br \/>\n18.00 R\u00edo Grande Sub 21\/El Calafate<br \/>\n20.00 Ushuaia\/Punta Arenas<br \/>\n22.00 R\u00edo Grande\/R\u00edo Turbio<\/p>\n<div class='epvc-post-count'><span class='epvc-eye'><\/span>  <span class=\"epvc-count\"> 1.191<\/span><span class='epvc-label'> veces le\u00edda<\/span><\/div>\n<div class=\"jwsharethis\">\nShare this: \n<br \/>\n<a href=\"mailto:?subject=Lo%20dio%20vuelta&amp;body=http%3A%2F%2Flabestiadeportiva.com%2Flbd%2Flo-dio-vuelta-2%2F\">\n<img src=\"http:\/\/labestiadeportiva.com\/lbd\/wp-content\/plugins\/jw-share-this\/email.png\" alt=\"Share this page via Email\" \/>\n<\/a>\n<a target=\"_blank\" href=\"http:\/\/www.stumbleupon.com\/submit?url=http%3A%2F%2Flabestiadeportiva.com%2Flbd%2Flo-dio-vuelta-2%2F&amp;title=Lo+dio+vuelta\">\n<img src=\"http:\/\/labestiadeportiva.com\/lbd\/wp-content\/plugins\/jw-share-this\/su.png\" alt=\"Share this page via Stumble Upon\" \/>\n<\/a>\n<a target=\"_blank\" href=\"http:\/\/digg.com\/submit?url=http%3A%2F%2Flabestiadeportiva.com%2Flbd%2Flo-dio-vuelta-2%2F&amp;title=Lo+dio+vuelta\">\n<img src=\"http:\/\/labestiadeportiva.com\/lbd\/wp-content\/plugins\/jw-share-this\/digg.png\" alt=\"Share this page via Digg this\" \/>\n<\/a>\n<a target=\"_blank\" href=\"http:\/\/www.facebook.com\/sharer.php?u=http%3A%2F%2Flabestiadeportiva.com%2Flbd%2Flo-dio-vuelta-2%2F&amp;t=Lo+dio+vuelta\">\n<img src=\"http:\/\/labestiadeportiva.com\/lbd\/wp-content\/plugins\/jw-share-this\/fb.png\" alt=\"Share this page via Facebook\" \/>\n<\/a>\n<a target=\"_blank\" href=\"http:\/\/twitter.com\/intent\/tweet?text=I+like+http%3A%2F%2Flabestiadeportiva.com%2Flbd%2Flo-dio-vuelta-2%2F&amp;title=Lo+dio+vuelta\">\n<img src=\"http:\/\/labestiadeportiva.com\/lbd\/wp-content\/plugins\/jw-share-this\/twitter.png\" alt=\"Share this page via Twitter\" \/>\n<\/a>\n<\/div>\n","protected":false},"excerpt":{"rendered":"<p>Se disput\u00f3 la 2\u00ba fecha del Torneo Patag\u00f3nico de Selecciones de Futsal AFA \u201cCopa Pablo Vidal\u201d. En el cl\u00e1sico provincial que cerr\u00f3 la jornada R\u00edo Grande super\u00f3 a Ushuaia por 3 a 2. Este viernes los fueguinos enfrentar\u00e1n a R\u00edo Turbio y Punta Arenas. Las fotos son gentileza del colega y amigo Hugo Varas. 1.191 &hellip; <a href=\"http:\/\/labestiadeportiva.com\/lbd\/lo-dio-vuelta-2\/\" class=\"more-link\">Seguir leyendo <span class=\"screen-reader-text\">Lo dio vuelta<\/span> <span class=\"meta-nav\">&rarr;<\/span><\/a><\/p>\n","protected":false},"author":1,"featured_media":25397,"comment_status":"open","ping_status":"open","sticky":false,"template":"","format":"standard","meta":[],"categories":[5,4,6,2343,1],"tags":[3276,2446,30,83,2643],"_links":{"self":[{"href":"http:\/\/labestiadeportiva.com\/lbd\/wp-json\/wp\/v2\/posts\/25394"}],"collection":[{"href":"http:\/\/labestiadeportiva.com\/lbd\/wp-json\/wp\/v2\/posts"}],"about":[{"href":"http:\/\/labestiadeportiva.com\/lbd\/wp-json\/wp\/v2\/types\/post"}],"author":[{"embeddable":true,"href":"http:\/\/labestiadeportiva.com\/lbd\/wp-json\/wp\/v2\/users\/1"}],"replies":[{"embeddable":true,"href":"http:\/\/labestiadeportiva.com\/lbd\/wp-json\/wp\/v2\/comments?post=25394"}],"version-history":[{"count":5,"href":"http:\/\/labestiadeportiva.com\/lbd\/wp-json\/wp\/v2\/posts\/25394\/revisions"}],"predecessor-version":[{"id":25402,"href":"http:\/\/labestiadeportiva.com\/lbd\/wp-json\/wp\/v2\/posts\/25394\/revisions\/25402"}],"wp:featuredmedia":[{"embeddable":true,"href":"http:\/\/labestiadeportiva.com\/lbd\/wp-json\/wp\/v2\/media\/25397"}],"wp:attachment":[{"href":"http:\/\/labestiadeportiva.com\/lbd\/wp-json\/wp\/v2\/media?parent=25394"}],"wp:term":[{"taxonomy":"category","embeddable":true,"href":"http:\/\/labestiadeportiva.com\/lbd\/wp-json\/wp\/v2\/categories?post=25394"},{"taxonomy":"post_tag","embeddable":true,"href":"http:\/\/labestiadeportiva.com\/lbd\/wp-json\/wp\/v2\/tags?post=25394"}],"curies":[{"name":"wp","href":"https:\/\/api.w.org\/{rel}","templated":true}]}}