{"id":25657,"date":"2017-09-14T18:58:19","date_gmt":"2017-09-14T21:58:19","guid":{"rendered":"http:\/\/labestiadeportiva.com\/lbd\/?p=25657"},"modified":"2017-09-14T18:59:14","modified_gmt":"2017-09-14T21:59:14","slug":"solo-el-douglas-philips","status":"publish","type":"post","link":"http:\/\/labestiadeportiva.com\/lbd\/solo-el-douglas-philips\/","title":{"rendered":"Solo el \u00abDouglas Philip\u00bb"},"content":{"rendered":"<p><a href=\"http:\/\/labestiadeportiva.com\/lbd\/wp-content\/uploads\/2017\/09\/21731088_1583136481752881_824180173779373628_n.jpg\"><img loading=\"lazy\" class=\"aligncenter size-medium wp-image-25658\" src=\"http:\/\/labestiadeportiva.com\/lbd\/wp-content\/uploads\/2017\/09\/21731088_1583136481752881_824180173779373628_n-269x300.jpg\" alt=\"21731088_1583136481752881_824180173779373628_n\" width=\"269\" height=\"300\" srcset=\"http:\/\/labestiadeportiva.com\/lbd\/wp-content\/uploads\/2017\/09\/21731088_1583136481752881_824180173779373628_n-269x300.jpg 269w, http:\/\/labestiadeportiva.com\/lbd\/wp-content\/uploads\/2017\/09\/21731088_1583136481752881_824180173779373628_n.jpg 436w\" sizes=\"(max-width: 269px) 100vw, 269px\" \/><\/a>La URTF confirm\u00f3 la postergaci\u00f3n del comienzo oficial de temporada para las categor\u00edas M15, M17 y Planteles Superiores por cuestiones de \u00edndole clim\u00e1tica. Lo hizo a trav\u00e9s de un comunicado dejando en claro que el evento infantil a cargo del R\u00edo Grande RHC se mantendr\u00e1 en pie. Compartimos el comunicado oficial de la Uni\u00f3n Fueguina.<!--more--><\/p>\n<p>La Uni\u00f3n de Rugby de Tierra del Fuego informa que, a ra\u00edz de las condiciones clim\u00e1ticas que estiman fuertes nevadas del d\u00eda de hoy hasta el fin de semana para la ciudad de Ushuaia, las cuales dificultan no s\u00f3lo los propios encuentros sino los traslados de los equipos de una ciudad a otra, se ha decidido la suspensi\u00f3n, en su totalidad, de la Fecha #1 para todas las categor\u00edas competitivas (Menores de 15, Menores de 17 y Primera Divisi\u00f3n).<\/p>\n<p>La Fecha #1 ha sido reprogramada y se jugar\u00e1 al finalizar la etapa inicial del torneo, el pr\u00f3ximo 4 de noviembre, previo al inicio de los playoff.<\/p>\n<p>De todas formas, es necesario aclarar que la 8va Edici\u00f3n del Encuentro Douglas Philip s\u00ed se llevar\u00e1 a cabo c\u00f3mo estaba planeado por el R\u00edo Grande Rugby &amp; Hockey Club, en sus instalaciones, desde las 11:00hrs de \u00e9ste s\u00e1bado 16 de septiembre.<\/p>\n<p>Atentamente,<br \/>\nUni\u00f3n de Rugby de Tierra del Fuego<\/p>\n<div class='epvc-post-count'><span class='epvc-eye'><\/span>  <span class=\"epvc-count\"> 1.190<\/span><span class='epvc-label'> veces le\u00edda<\/span><\/div>\n<div class=\"jwsharethis\">\nShare this: \n<br \/>\n<a href=\"mailto:?subject=Solo%20el%20%C2%ABDouglas%20Philip%C2%BB&amp;body=http%3A%2F%2Flabestiadeportiva.com%2Flbd%2Fsolo-el-douglas-philips%2F\">\n<img src=\"http:\/\/labestiadeportiva.com\/lbd\/wp-content\/plugins\/jw-share-this\/email.png\" alt=\"Share this page via Email\" \/>\n<\/a>\n<a target=\"_blank\" href=\"http:\/\/www.stumbleupon.com\/submit?url=http%3A%2F%2Flabestiadeportiva.com%2Flbd%2Fsolo-el-douglas-philips%2F&amp;title=Solo+el+%C2%ABDouglas+Philip%C2%BB\">\n<img src=\"http:\/\/labestiadeportiva.com\/lbd\/wp-content\/plugins\/jw-share-this\/su.png\" alt=\"Share this page via Stumble Upon\" \/>\n<\/a>\n<a target=\"_blank\" href=\"http:\/\/digg.com\/submit?url=http%3A%2F%2Flabestiadeportiva.com%2Flbd%2Fsolo-el-douglas-philips%2F&amp;title=Solo+el+%C2%ABDouglas+Philip%C2%BB\">\n<img src=\"http:\/\/labestiadeportiva.com\/lbd\/wp-content\/plugins\/jw-share-this\/digg.png\" alt=\"Share this page via Digg this\" \/>\n<\/a>\n<a target=\"_blank\" href=\"http:\/\/www.facebook.com\/sharer.php?u=http%3A%2F%2Flabestiadeportiva.com%2Flbd%2Fsolo-el-douglas-philips%2F&amp;t=Solo+el+%C2%ABDouglas+Philip%C2%BB\">\n<img src=\"http:\/\/labestiadeportiva.com\/lbd\/wp-content\/plugins\/jw-share-this\/fb.png\" alt=\"Share this page via Facebook\" \/>\n<\/a>\n<a target=\"_blank\" href=\"http:\/\/twitter.com\/intent\/tweet?text=I+like+http%3A%2F%2Flabestiadeportiva.com%2Flbd%2Fsolo-el-douglas-philips%2F&amp;title=Solo+el+%C2%ABDouglas+Philip%C2%BB\">\n<img src=\"http:\/\/labestiadeportiva.com\/lbd\/wp-content\/plugins\/jw-share-this\/twitter.png\" alt=\"Share this page via Twitter\" \/>\n<\/a>\n<\/div>\n","protected":false},"excerpt":{"rendered":"<p>La URTF confirm\u00f3 la postergaci\u00f3n del comienzo oficial de temporada para las categor\u00edas M15, M17 y Planteles Superiores por cuestiones de \u00edndole clim\u00e1tica. Lo hizo a trav\u00e9s de un comunicado dejando en claro que el evento infantil a cargo del R\u00edo Grande RHC se mantendr\u00e1 en pie. Compartimos el comunicado oficial de la Uni\u00f3n Fueguina. &hellip; <a href=\"http:\/\/labestiadeportiva.com\/lbd\/solo-el-douglas-philips\/\" class=\"more-link\">Seguir leyendo <span class=\"screen-reader-text\">Solo el \u00abDouglas Philip\u00bb<\/span> <span class=\"meta-nav\">&rarr;<\/span><\/a><\/p>\n","protected":false},"author":1,"featured_media":25658,"comment_status":"open","ping_status":"open","sticky":false,"template":"","format":"standard","meta":[],"categories":[5,1,2461],"tags":[3323,83,107],"_links":{"self":[{"href":"http:\/\/labestiadeportiva.com\/lbd\/wp-json\/wp\/v2\/posts\/25657"}],"collection":[{"href":"http:\/\/labestiadeportiva.com\/lbd\/wp-json\/wp\/v2\/posts"}],"about":[{"href":"http:\/\/labestiadeportiva.com\/lbd\/wp-json\/wp\/v2\/types\/post"}],"author":[{"embeddable":true,"href":"http:\/\/labestiadeportiva.com\/lbd\/wp-json\/wp\/v2\/users\/1"}],"replies":[{"embeddable":true,"href":"http:\/\/labestiadeportiva.com\/lbd\/wp-json\/wp\/v2\/comments?post=25657"}],"version-history":[{"count":2,"href":"http:\/\/labestiadeportiva.com\/lbd\/wp-json\/wp\/v2\/posts\/25657\/revisions"}],"predecessor-version":[{"id":25660,"href":"http:\/\/labestiadeportiva.com\/lbd\/wp-json\/wp\/v2\/posts\/25657\/revisions\/25660"}],"wp:featuredmedia":[{"embeddable":true,"href":"http:\/\/labestiadeportiva.com\/lbd\/wp-json\/wp\/v2\/media\/25658"}],"wp:attachment":[{"href":"http:\/\/labestiadeportiva.com\/lbd\/wp-json\/wp\/v2\/media?parent=25657"}],"wp:term":[{"taxonomy":"category","embeddable":true,"href":"http:\/\/labestiadeportiva.com\/lbd\/wp-json\/wp\/v2\/categories?post=25657"},{"taxonomy":"post_tag","embeddable":true,"href":"http:\/\/labestiadeportiva.com\/lbd\/wp-json\/wp\/v2\/tags?post=25657"}],"curies":[{"name":"wp","href":"https:\/\/api.w.org\/{rel}","templated":true}]}}