{"id":25787,"date":"2017-09-26T14:01:34","date_gmt":"2017-09-26T17:01:34","guid":{"rendered":"http:\/\/labestiadeportiva.com\/lbd\/?p=25787"},"modified":"2017-09-26T17:27:38","modified_gmt":"2017-09-26T20:27:38","slug":"gran-velada-en-el-microestadio","status":"publish","type":"post","link":"http:\/\/labestiadeportiva.com\/lbd\/gran-velada-en-el-microestadio\/","title":{"rendered":"Gran velada en el microestadio"},"content":{"rendered":"<p><a href=\"http:\/\/labestiadeportiva.com\/lbd\/wp-content\/uploads\/2017\/09\/21768247_1593657484034114_1247912222827010576_n.jpg\"><img loading=\"lazy\" class=\"alignleft size-medium wp-image-25790\" src=\"http:\/\/labestiadeportiva.com\/lbd\/wp-content\/uploads\/2017\/09\/21768247_1593657484034114_1247912222827010576_n-300x200.jpg\" alt=\"21768247_1593657484034114_1247912222827010576_n\" width=\"300\" height=\"200\" srcset=\"http:\/\/labestiadeportiva.com\/lbd\/wp-content\/uploads\/2017\/09\/21768247_1593657484034114_1247912222827010576_n-300x200.jpg 300w, http:\/\/labestiadeportiva.com\/lbd\/wp-content\/uploads\/2017\/09\/21768247_1593657484034114_1247912222827010576_n.jpg 720w\" sizes=\"(max-width: 300px) 100vw, 300px\" \/><\/a>El s\u00e1bado por la tarde noche se disput\u00f3 la 2\u00ba versi\u00f3n del \u201cTorneo del Fin del Mundo\u201d. Se disputaron 16 combates con peleadores locales, de Buenos Aires y Punta Arenas. El evento fue organizado por Kbox Fin del Mundo. Tres copas y cuatro cinturones en juego, entre ellos un t\u00edtulo argentino. Gran marco de p\u00fablico en el \u201cCochocho\u201d Vargas. Las fotos son gentileza de Mart\u00edn Vallejos.<!--more--><\/p>\n<p><a href=\"http:\/\/labestiadeportiva.com\/lbd\/wp-content\/uploads\/2017\/09\/22007675_1593657630700766_2512730556305921466_n.jpg\"><img loading=\"lazy\" class=\"aligncenter size-medium wp-image-25793\" src=\"http:\/\/labestiadeportiva.com\/lbd\/wp-content\/uploads\/2017\/09\/22007675_1593657630700766_2512730556305921466_n-300x200.jpg\" alt=\"22007675_1593657630700766_2512730556305921466_n\" width=\"300\" height=\"200\" srcset=\"http:\/\/labestiadeportiva.com\/lbd\/wp-content\/uploads\/2017\/09\/22007675_1593657630700766_2512730556305921466_n-300x200.jpg 300w, http:\/\/labestiadeportiva.com\/lbd\/wp-content\/uploads\/2017\/09\/22007675_1593657630700766_2512730556305921466_n.jpg 720w\" sizes=\"(max-width: 300px) 100vw, 300px\" \/><\/a>En realidad las acciones previas comenzaron el viernes por la noche en el SUM del shopping \u201cPaseo del Fuego\u201d con el pesaje de los deportistas. All\u00ed pudieron conocerse en detalle a quienes ser\u00edan protagonistas horas despu\u00e9s en el ring y los t\u00edtulos en juego.<\/p>\n<p>El evento fue organizado por Kbox Fin del Mundo auspiciado por la Municipalidad local. En cuanto a las peleas la jornada comenz\u00f3 con la exhibici\u00f3n de las \u201cchicas\u201d, la ushuaiense Brisa Gonz\u00e1lez ante la bonaerense Yael Osea.<\/p>\n<p><a href=\"http:\/\/labestiadeportiva.com\/lbd\/wp-content\/uploads\/2017\/09\/21766810_1593657320700797_8029641126024764222_n.jpg\"><img loading=\"lazy\" class=\"aligncenter size-medium wp-image-25789\" src=\"http:\/\/labestiadeportiva.com\/lbd\/wp-content\/uploads\/2017\/09\/21766810_1593657320700797_8029641126024764222_n-300x180.jpg\" alt=\"21766810_1593657320700797_8029641126024764222_n\" width=\"300\" height=\"180\" srcset=\"http:\/\/labestiadeportiva.com\/lbd\/wp-content\/uploads\/2017\/09\/21766810_1593657320700797_8029641126024764222_n-300x180.jpg 300w, http:\/\/labestiadeportiva.com\/lbd\/wp-content\/uploads\/2017\/09\/21766810_1593657320700797_8029641126024764222_n.jpg 720w\" sizes=\"(max-width: 300px) 100vw, 300px\" \/><\/a>Luego dieron paso los combates amateurs. Por el cinto del Fin del Mundo Juvenil se midieron Emiliano Fantoni, representante de Kbox Findel Mundo, quien en un interesante espect\u00e1culo se impuso sobre Agust\u00edn Lares de TFT Fin del Mundo.<\/p>\n<p>En cuanto a los vencedores de la noche podemos contar que fueron Ariel \u201cEl Traidor\u201d Zabala (Kbox Calaveras), quien se qued\u00f3 con la \u201cCopa Bomberos 2 de Abril\u201d al vencer al bonaerense Jonathan Lucero en 85 kilogramos.<\/p>\n<p><a href=\"http:\/\/labestiadeportiva.com\/lbd\/wp-content\/uploads\/2017\/09\/21766675_1593657437367452_5670677875459185581_n.jpg\"><img loading=\"lazy\" class=\"aligncenter size-medium wp-image-25797\" src=\"http:\/\/labestiadeportiva.com\/lbd\/wp-content\/uploads\/2017\/09\/21766675_1593657437367452_5670677875459185581_n-300x200.jpg\" alt=\"21766675_1593657437367452_5670677875459185581_n\" width=\"300\" height=\"200\" srcset=\"http:\/\/labestiadeportiva.com\/lbd\/wp-content\/uploads\/2017\/09\/21766675_1593657437367452_5670677875459185581_n-300x200.jpg 300w, http:\/\/labestiadeportiva.com\/lbd\/wp-content\/uploads\/2017\/09\/21766675_1593657437367452_5670677875459185581_n.jpg 720w\" sizes=\"(max-width: 300px) 100vw, 300px\" \/><\/a>El hombre de Buenos Aires Lucas Okosky \u00a0ante R\u00edmer \u201cEl Ladrillo\u201d Alcocer de Kbox Fin del Mundo quienes protagonizaron una pelea para el recuerdo con el \u201cCinto del Fin del Mundo\u201d en juego dentro del segmento 66,500 kilos donde el bonaerense se qued\u00f3 con la victoria por decisi\u00f3n dividida.<\/p>\n<p><a href=\"http:\/\/labestiadeportiva.com\/lbd\/wp-content\/uploads\/2017\/09\/21766356_1593657667367429_6499864268366505596_n.jpg\"><img loading=\"lazy\" class=\"aligncenter size-medium wp-image-25799\" src=\"http:\/\/labestiadeportiva.com\/lbd\/wp-content\/uploads\/2017\/09\/21766356_1593657667367429_6499864268366505596_n-300x188.jpg\" alt=\"21766356_1593657667367429_6499864268366505596_n\" width=\"300\" height=\"188\" srcset=\"http:\/\/labestiadeportiva.com\/lbd\/wp-content\/uploads\/2017\/09\/21766356_1593657667367429_6499864268366505596_n-300x188.jpg 300w, http:\/\/labestiadeportiva.com\/lbd\/wp-content\/uploads\/2017\/09\/21766356_1593657667367429_6499864268366505596_n.jpg 720w\" sizes=\"(max-width: 300px) 100vw, 300px\" \/><\/a>Asimismo Alan \u201cLa P\u00faa\u201d Sosa, tambi\u00e9n bonaerense, se consagr\u00f3 campe\u00f3n de la \u201cCopa Transmar\u201d tras vencer a su coterr\u00e1neo Javier \u201cEl Molesto\u201d Quinteros. El local Nicol\u00e1s Gortan (Kbox Fin del Mundo) se qued\u00f3 con el segundo \u201cCinto de Fin del Mundo\u201d derrotando a Carlos Miranda peleador de Buenos Aires.<\/p>\n<p><a href=\"http:\/\/labestiadeportiva.com\/lbd\/wp-content\/uploads\/2017\/09\/22049865_1593657457367450_4321124522429692681_n.jpg\"><img loading=\"lazy\" class=\"aligncenter size-medium wp-image-25795\" src=\"http:\/\/labestiadeportiva.com\/lbd\/wp-content\/uploads\/2017\/09\/22049865_1593657457367450_4321124522429692681_n-300x200.jpg\" alt=\"22049865_1593657457367450_4321124522429692681_n\" width=\"300\" height=\"200\" srcset=\"http:\/\/labestiadeportiva.com\/lbd\/wp-content\/uploads\/2017\/09\/22049865_1593657457367450_4321124522429692681_n-300x200.jpg 300w, http:\/\/labestiadeportiva.com\/lbd\/wp-content\/uploads\/2017\/09\/22049865_1593657457367450_4321124522429692681_n.jpg 720w\" sizes=\"(max-width: 300px) 100vw, 300px\" \/><\/a>La \u201cCopa Instituto Municipal de Deportes\u201d qued\u00f3 en manos del Bicampe\u00f3n Mundial \u201cEl Correcto\u201d Blanco (Bs. As.), luego lleg\u00f3 el plato fuerte de la velada el choque por el t\u00edtulo argentino que enfrent\u00f3 a la local Judit Bernier ante Xiomara \u201cLa Antorcha\u201d Bugallo perteneciente al Calaveras Fight Team de la localidad de Lan\u00fas.<\/p>\n<p><a href=\"http:\/\/labestiadeportiva.com\/lbd\/wp-content\/uploads\/2017\/09\/22007734_1593657374034125_2557171205878327199_n.jpg\"><img loading=\"lazy\" class=\"aligncenter size-medium wp-image-25794\" src=\"http:\/\/labestiadeportiva.com\/lbd\/wp-content\/uploads\/2017\/09\/22007734_1593657374034125_2557171205878327199_n-300x241.jpg\" alt=\"22007734_1593657374034125_2557171205878327199_n\" width=\"300\" height=\"241\" srcset=\"http:\/\/labestiadeportiva.com\/lbd\/wp-content\/uploads\/2017\/09\/22007734_1593657374034125_2557171205878327199_n-300x241.jpg 300w, http:\/\/labestiadeportiva.com\/lbd\/wp-content\/uploads\/2017\/09\/22007734_1593657374034125_2557171205878327199_n.jpg 464w\" sizes=\"(max-width: 300px) 100vw, 300px\" \/><\/a>La pelea pactada a 5 rounds conform\u00f3 con creces al p\u00fablico presente dejando en claro el gran potencial de las \u201cchicas\u201d, en cuanto al resultado final favoreci\u00f3 a la representante bonaerense.<\/p>\n<p>Excelente espect\u00e1culo brindado por los organizadores tanto dentro como fuera del ring para un p\u00fablico \u00e1vido y en franco crecimiento, el de los deportes de contacto. Felicitaciones para todos.<\/p>\n<p><a href=\"http:\/\/labestiadeportiva.com\/lbd\/wp-content\/uploads\/2017\/09\/21768438_1593657537367442_4590083341376884159_n.jpg\"><img loading=\"lazy\" class=\"aligncenter size-medium wp-image-25791\" src=\"http:\/\/labestiadeportiva.com\/lbd\/wp-content\/uploads\/2017\/09\/21768438_1593657537367442_4590083341376884159_n-300x200.jpg\" alt=\"21768438_1593657537367442_4590083341376884159_n\" width=\"300\" height=\"200\" srcset=\"http:\/\/labestiadeportiva.com\/lbd\/wp-content\/uploads\/2017\/09\/21768438_1593657537367442_4590083341376884159_n-300x200.jpg 300w, http:\/\/labestiadeportiva.com\/lbd\/wp-content\/uploads\/2017\/09\/21768438_1593657537367442_4590083341376884159_n.jpg 720w\" sizes=\"(max-width: 300px) 100vw, 300px\" \/><\/a><\/p>\n<div class='epvc-post-count'><span class='epvc-eye'><\/span>  <span class=\"epvc-count\"> 1.294<\/span><span class='epvc-label'> veces le\u00edda<\/span><\/div>\n<div class=\"jwsharethis\">\nShare this: \n<br \/>\n<a href=\"mailto:?subject=Gran%20velada%20en%20el%20microestadio&amp;body=http%3A%2F%2Flabestiadeportiva.com%2Flbd%2Fgran-velada-en-el-microestadio%2F\">\n<img src=\"http:\/\/labestiadeportiva.com\/lbd\/wp-content\/plugins\/jw-share-this\/email.png\" alt=\"Share this page via Email\" \/>\n<\/a>\n<a target=\"_blank\" href=\"http:\/\/www.stumbleupon.com\/submit?url=http%3A%2F%2Flabestiadeportiva.com%2Flbd%2Fgran-velada-en-el-microestadio%2F&amp;title=Gran+velada+en+el+microestadio\">\n<img src=\"http:\/\/labestiadeportiva.com\/lbd\/wp-content\/plugins\/jw-share-this\/su.png\" alt=\"Share this page via Stumble Upon\" \/>\n<\/a>\n<a target=\"_blank\" href=\"http:\/\/digg.com\/submit?url=http%3A%2F%2Flabestiadeportiva.com%2Flbd%2Fgran-velada-en-el-microestadio%2F&amp;title=Gran+velada+en+el+microestadio\">\n<img src=\"http:\/\/labestiadeportiva.com\/lbd\/wp-content\/plugins\/jw-share-this\/digg.png\" alt=\"Share this page via Digg this\" \/>\n<\/a>\n<a target=\"_blank\" href=\"http:\/\/www.facebook.com\/sharer.php?u=http%3A%2F%2Flabestiadeportiva.com%2Flbd%2Fgran-velada-en-el-microestadio%2F&amp;t=Gran+velada+en+el+microestadio\">\n<img src=\"http:\/\/labestiadeportiva.com\/lbd\/wp-content\/plugins\/jw-share-this\/fb.png\" alt=\"Share this page via Facebook\" \/>\n<\/a>\n<a target=\"_blank\" href=\"http:\/\/twitter.com\/intent\/tweet?text=I+like+http%3A%2F%2Flabestiadeportiva.com%2Flbd%2Fgran-velada-en-el-microestadio%2F&amp;title=Gran+velada+en+el+microestadio\">\n<img src=\"http:\/\/labestiadeportiva.com\/lbd\/wp-content\/plugins\/jw-share-this\/twitter.png\" alt=\"Share this page via Twitter\" \/>\n<\/a>\n<\/div>\n","protected":false},"excerpt":{"rendered":"<p>El s\u00e1bado por la tarde noche se disput\u00f3 la 2\u00ba versi\u00f3n del \u201cTorneo del Fin del Mundo\u201d. Se disputaron 16 combates con peleadores locales, de Buenos Aires y Punta Arenas. El evento fue organizado por Kbox Fin del Mundo. Tres copas y cuatro cinturones en juego, entre ellos un t\u00edtulo argentino. Gran marco de p\u00fablico &hellip; <a href=\"http:\/\/labestiadeportiva.com\/lbd\/gran-velada-en-el-microestadio\/\" class=\"more-link\">Seguir leyendo <span class=\"screen-reader-text\">Gran velada en el microestadio<\/span> <span class=\"meta-nav\">&rarr;<\/span><\/a><\/p>\n","protected":false},"author":1,"featured_media":25790,"comment_status":"open","ping_status":"open","sticky":false,"template":"","format":"standard","meta":[],"categories":[2237,5,6,1],"tags":[3340,1443,83,1170],"_links":{"self":[{"href":"http:\/\/labestiadeportiva.com\/lbd\/wp-json\/wp\/v2\/posts\/25787"}],"collection":[{"href":"http:\/\/labestiadeportiva.com\/lbd\/wp-json\/wp\/v2\/posts"}],"about":[{"href":"http:\/\/labestiadeportiva.com\/lbd\/wp-json\/wp\/v2\/types\/post"}],"author":[{"embeddable":true,"href":"http:\/\/labestiadeportiva.com\/lbd\/wp-json\/wp\/v2\/users\/1"}],"replies":[{"embeddable":true,"href":"http:\/\/labestiadeportiva.com\/lbd\/wp-json\/wp\/v2\/comments?post=25787"}],"version-history":[{"count":2,"href":"http:\/\/labestiadeportiva.com\/lbd\/wp-json\/wp\/v2\/posts\/25787\/revisions"}],"predecessor-version":[{"id":25801,"href":"http:\/\/labestiadeportiva.com\/lbd\/wp-json\/wp\/v2\/posts\/25787\/revisions\/25801"}],"wp:featuredmedia":[{"embeddable":true,"href":"http:\/\/labestiadeportiva.com\/lbd\/wp-json\/wp\/v2\/media\/25790"}],"wp:attachment":[{"href":"http:\/\/labestiadeportiva.com\/lbd\/wp-json\/wp\/v2\/media?parent=25787"}],"wp:term":[{"taxonomy":"category","embeddable":true,"href":"http:\/\/labestiadeportiva.com\/lbd\/wp-json\/wp\/v2\/categories?post=25787"},{"taxonomy":"post_tag","embeddable":true,"href":"http:\/\/labestiadeportiva.com\/lbd\/wp-json\/wp\/v2\/tags?post=25787"}],"curies":[{"name":"wp","href":"https:\/\/api.w.org\/{rel}","templated":true}]}}