{"id":25909,"date":"2017-10-06T12:15:28","date_gmt":"2017-10-06T15:15:28","guid":{"rendered":"http:\/\/labestiadeportiva.com\/lbd\/?p=25909"},"modified":"2017-10-06T13:06:28","modified_gmt":"2017-10-06T16:06:28","slug":"tincho-de-oro","status":"publish","type":"post","link":"http:\/\/labestiadeportiva.com\/lbd\/tincho-de-oro\/","title":{"rendered":"\u00abTincho\u00bb de Oro"},"content":{"rendered":"<p><a href=\"http:\/\/labestiadeportiva.com\/lbd\/wp-content\/uploads\/2017\/10\/22279701_1602506609815868_8330801411983460835_n.jpg\"><img loading=\"lazy\" class=\"alignleft size-medium wp-image-25912\" src=\"http:\/\/labestiadeportiva.com\/lbd\/wp-content\/uploads\/2017\/10\/22279701_1602506609815868_8330801411983460835_n-300x260.jpg\" alt=\"22279701_1602506609815868_8330801411983460835_n\" width=\"300\" height=\"260\" srcset=\"http:\/\/labestiadeportiva.com\/lbd\/wp-content\/uploads\/2017\/10\/22279701_1602506609815868_8330801411983460835_n-300x260.jpg 300w, http:\/\/labestiadeportiva.com\/lbd\/wp-content\/uploads\/2017\/10\/22279701_1602506609815868_8330801411983460835_n.jpg 773w\" sizes=\"(max-width: 300px) 100vw, 300px\" \/><\/a>El mi\u00e9rcoles por la noche y luego de 14 a\u00f1os de ausencia el Gobierno Provincial a trav\u00e9s de su cartera deportiva reedit\u00f3 la Fiesta del Deporte, Premios Albatros. La ceremonia se realiz\u00f3 en el Sal\u00f3n Millenium del Hotel Las Hayas. Se entregaron 46 ternas y 16 menciones especiales. Momentos sumamente emotivos con los homenajes a Jos\u00e9 \u201cCocol\u201d G\u00f3mez y Roberto Mario Sielas. Mart\u00edn \u201cTincho\u201d Bronzovich, el tres veces ganador de la VTDF en quads, se qued\u00f3 con el premio mayor. El evento fue televisado en directo por el Canal 11 de Ushuaia.<!--more--><\/p>\n<p>Mi\u00e9rcoles de fiesta y regreso. Poco m\u00e1s de 400 personas se dieron cita en el Hotel Las Hayas para volver a destacar a los deportistas de Tierra del Fuego. La primera parte fue formal donde tomaron la palabra el Secretario de Deportes Profesor Ramiro Bravo, el Ministro de Obras y Servicios P\u00fablicos Profesor Luis V\u00e1zquez cerrando con las alocuciones el Vicegobernador Juan Carlos Arcando.<\/p>\n<p>A partir de all\u00ed comenzaron a destacarse cada una de las ternas previamente seleccionadas por las Asociaciones, Federaciones, Uniones, Clubes como as\u00ed tambi\u00e9n por referentes y profesores en el caso que los deportes en cuesti\u00f3n no estuvieran nucleados en las instituciones antes mencionadas. Estas ternas fueron analizadas por un grupo de periodistas (ver listado) de las ciudades de Ushuaia y R\u00edo Grande eligiendo los ganadores de cada una de ellas.<a href=\"http:\/\/labestiadeportiva.com\/lbd\/wp-content\/uploads\/2017\/10\/22195344_1602506586482537_6799085788828592150_n.jpg\"><img loading=\"lazy\" class=\"aligncenter size-medium wp-image-25910\" src=\"http:\/\/labestiadeportiva.com\/lbd\/wp-content\/uploads\/2017\/10\/22195344_1602506586482537_6799085788828592150_n-300x178.jpg\" alt=\"22195344_1602506586482537_6799085788828592150_n\" width=\"300\" height=\"178\" srcset=\"http:\/\/labestiadeportiva.com\/lbd\/wp-content\/uploads\/2017\/10\/22195344_1602506586482537_6799085788828592150_n-300x178.jpg 300w, http:\/\/labestiadeportiva.com\/lbd\/wp-content\/uploads\/2017\/10\/22195344_1602506586482537_6799085788828592150_n.jpg 659w\" sizes=\"(max-width: 300px) 100vw, 300px\" \/><\/a><\/p>\n<p>Durante la noche tambi\u00e9n se fueron intercalando menciones especiales para disciplinas, deportistas, clubes y periodistas. Con mucho criterio los organizadores dispusieron dos homenajes que se iniciaron a trav\u00e9s de videos.<\/p>\n<p>El primero conmemorando a la figura de Jos\u00e9 Oscar \u201cCocol\u201d G\u00f3mez Espinoza, el m\u00e1ximo referente del f\u00fatbol de nuestra ciudad quien adem\u00e1s de ocupar diferentes cargos p\u00fablicos (fue Concejal mandato cumplido y Subdirector de Deportes) tambi\u00e9n ocup\u00f3 la presidencia de la Federaci\u00f3n de F\u00fatbol de Sal\u00f3n local y fue el entrenador de la selecci\u00f3n local.<\/p>\n<p>En este caso es un\u00e1nime que m\u00e1s all\u00e1 de todo lo expuesto anteriormente la familia futbolera lo quiere, extra\u00f1a y recuerda por su rol de iniciador de los m\u00e1s peque\u00f1os donde cont\u00f3 con un \u201cim\u00e1n\u201d \u00fanico e irrepetible.<\/p>\n<p><a href=\"http:\/\/labestiadeportiva.com\/lbd\/wp-content\/uploads\/2017\/10\/22195965_1602506666482529_65537345145844790_n.jpg\"><img loading=\"lazy\" class=\"aligncenter size-medium wp-image-25911\" src=\"http:\/\/labestiadeportiva.com\/lbd\/wp-content\/uploads\/2017\/10\/22195965_1602506666482529_65537345145844790_n-300x225.jpg\" alt=\"22195965_1602506666482529_65537345145844790_n\" width=\"300\" height=\"225\" srcset=\"http:\/\/labestiadeportiva.com\/lbd\/wp-content\/uploads\/2017\/10\/22195965_1602506666482529_65537345145844790_n-300x225.jpg 300w, http:\/\/labestiadeportiva.com\/lbd\/wp-content\/uploads\/2017\/10\/22195965_1602506666482529_65537345145844790_n.jpg 960w\" sizes=\"(max-width: 300px) 100vw, 300px\" \/><\/a>Asimismo tambi\u00e9n fue recordado el joven dirigente del Club Social y Deportivo Victoria, Roberto Mario Sielas, quien perdiera la vida hace algunos meses en un absurdo e impensado accidente automovil\u00edstico en el norte de la isla cuando su auto fue embestido por un conductor alcoholizado.<\/p>\n<p>Fundador de la instituci\u00f3n, fan\u00e1tico hincha de San Lorenzo, dirigente de futsal y f\u00fatbol 11, mano derecha del presidente del club Pablo Mansilla, un duro golpe para el ambiente deportivo riograndense.<\/p>\n<p>Luego de concluir con todas las ternas y menciones, lleg\u00f3 el momento de conocer quien se llevar\u00eda el premio mayor. Todos los ganadores de los Albatros de Plata fueron citados al escenario y una vez all\u00ed en el momento culmine de la ya madrugada los conductores develaron el nombre de ganador: el piloto de quad Mart\u00edn Bronzovich.<\/p>\n<p>El ushuaiense se suma entonces a la lista que ya tiene a Mariela Jurado (ajedrez 2001), Mauricio N\u00fa\u00f1ez (Ciclismo Ruta 2002) y V\u00f3ley Masculino (TDF Araucania 2003).<\/p>\n<p>Volvieron los premios y es una buena noticia. A partir de aqu\u00ed el compromiso de mantenerlos y mejorarlos en todo aspecto. Los premios Albatros est\u00e1n nuevamente entre nosotros.<\/p>\n<p><span style=\"color: #0000ff;\"><a href=\"http:\/\/labestiadeportiva.com\/lbd\/wp-content\/uploads\/2017\/10\/201710051029484b26d637d0d1c813191c297a1f227595_med.jpg\"><img loading=\"lazy\" class=\"aligncenter size-medium wp-image-25915\" src=\"http:\/\/labestiadeportiva.com\/lbd\/wp-content\/uploads\/2017\/10\/201710051029484b26d637d0d1c813191c297a1f227595_med-215x300.jpg\" alt=\"201710051029484b26d637d0d1c813191c297a1f227595_med\" width=\"215\" height=\"300\" srcset=\"http:\/\/labestiadeportiva.com\/lbd\/wp-content\/uploads\/2017\/10\/201710051029484b26d637d0d1c813191c297a1f227595_med-215x300.jpg 215w, http:\/\/labestiadeportiva.com\/lbd\/wp-content\/uploads\/2017\/10\/201710051029484b26d637d0d1c813191c297a1f227595_med.jpg 502w\" sizes=\"(max-width: 215px) 100vw, 215px\" \/><\/a>Los periodistas fueguinos participantes<\/span><br \/>\n<span style=\"color: #ff0000;\">Ushuaia<\/span><br \/>\nVicente Molina (TDF Sports)<br \/>\nWalter Maciel (Radio Fundaci\u00f3n)<br \/>\nJulio Alday (Aire Libre USH)<br \/>\nMauricio Zentner (MZL Deportes)<br \/>\nGabriel Heredia (El Fuego Deportivo)<br \/>\n<span style=\"color: #ff0000;\">R\u00edo Grande<\/span><br \/>\nHugo Varas (El Sure\u00f1o\/Aire Libre)<br \/>\nN\u00e9stor \u201cAcho\u201d Ort\u00edz (El Sure\u00f1o)<br \/>\nWalter Uribe y Gustavo Ghiglione (ADN Extremo)<br \/>\nLul\u00fa Loaces (Tiempo Fueguino)<br \/>\nDaniel Men\u00e9ndez (El Sure\u00f1o)<br \/>\n*Aclaramos que el periodista Marcelo Miranda (Impulso Deportivo) se sum\u00f3 a la elecci\u00f3n del Albatros de Oro.<\/p>\n<div class='epvc-post-count'><span class='epvc-eye'><\/span>  <span class=\"epvc-count\"> 1.294<\/span><span class='epvc-label'> veces le\u00edda<\/span><\/div>\n<div class=\"jwsharethis\">\nShare this: \n<br \/>\n<a href=\"mailto:?subject=%C2%ABTincho%C2%BB%20de%20Oro&amp;body=http%3A%2F%2Flabestiadeportiva.com%2Flbd%2Ftincho-de-oro%2F\">\n<img src=\"http:\/\/labestiadeportiva.com\/lbd\/wp-content\/plugins\/jw-share-this\/email.png\" alt=\"Share this page via Email\" \/>\n<\/a>\n<a target=\"_blank\" href=\"http:\/\/www.stumbleupon.com\/submit?url=http%3A%2F%2Flabestiadeportiva.com%2Flbd%2Ftincho-de-oro%2F&amp;title=%C2%ABTincho%C2%BB+de+Oro\">\n<img src=\"http:\/\/labestiadeportiva.com\/lbd\/wp-content\/plugins\/jw-share-this\/su.png\" alt=\"Share this page via Stumble Upon\" \/>\n<\/a>\n<a target=\"_blank\" href=\"http:\/\/digg.com\/submit?url=http%3A%2F%2Flabestiadeportiva.com%2Flbd%2Ftincho-de-oro%2F&amp;title=%C2%ABTincho%C2%BB+de+Oro\">\n<img src=\"http:\/\/labestiadeportiva.com\/lbd\/wp-content\/plugins\/jw-share-this\/digg.png\" alt=\"Share this page via Digg this\" \/>\n<\/a>\n<a target=\"_blank\" href=\"http:\/\/www.facebook.com\/sharer.php?u=http%3A%2F%2Flabestiadeportiva.com%2Flbd%2Ftincho-de-oro%2F&amp;t=%C2%ABTincho%C2%BB+de+Oro\">\n<img src=\"http:\/\/labestiadeportiva.com\/lbd\/wp-content\/plugins\/jw-share-this\/fb.png\" alt=\"Share this page via Facebook\" \/>\n<\/a>\n<a target=\"_blank\" href=\"http:\/\/twitter.com\/intent\/tweet?text=I+like+http%3A%2F%2Flabestiadeportiva.com%2Flbd%2Ftincho-de-oro%2F&amp;title=%C2%ABTincho%C2%BB+de+Oro\">\n<img src=\"http:\/\/labestiadeportiva.com\/lbd\/wp-content\/plugins\/jw-share-this\/twitter.png\" alt=\"Share this page via Twitter\" \/>\n<\/a>\n<\/div>\n","protected":false},"excerpt":{"rendered":"<p>El mi\u00e9rcoles por la noche y luego de 14 a\u00f1os de ausencia el Gobierno Provincial a trav\u00e9s de su cartera deportiva reedit\u00f3 la Fiesta del Deporte, Premios Albatros. La ceremonia se realiz\u00f3 en el Sal\u00f3n Millenium del Hotel Las Hayas. Se entregaron 46 ternas y 16 menciones especiales. Momentos sumamente emotivos con los homenajes a &hellip; <a href=\"http:\/\/labestiadeportiva.com\/lbd\/tincho-de-oro\/\" class=\"more-link\">Seguir leyendo <span class=\"screen-reader-text\">\u00abTincho\u00bb de Oro<\/span> <span class=\"meta-nav\">&rarr;<\/span><\/a><\/p>\n","protected":false},"author":1,"featured_media":25914,"comment_status":"open","ping_status":"open","sticky":false,"template":"","format":"standard","meta":[],"categories":[5,4,6,3347,1],"tags":[3348,83,3349],"_links":{"self":[{"href":"http:\/\/labestiadeportiva.com\/lbd\/wp-json\/wp\/v2\/posts\/25909"}],"collection":[{"href":"http:\/\/labestiadeportiva.com\/lbd\/wp-json\/wp\/v2\/posts"}],"about":[{"href":"http:\/\/labestiadeportiva.com\/lbd\/wp-json\/wp\/v2\/types\/post"}],"author":[{"embeddable":true,"href":"http:\/\/labestiadeportiva.com\/lbd\/wp-json\/wp\/v2\/users\/1"}],"replies":[{"embeddable":true,"href":"http:\/\/labestiadeportiva.com\/lbd\/wp-json\/wp\/v2\/comments?post=25909"}],"version-history":[{"count":5,"href":"http:\/\/labestiadeportiva.com\/lbd\/wp-json\/wp\/v2\/posts\/25909\/revisions"}],"predecessor-version":[{"id":25920,"href":"http:\/\/labestiadeportiva.com\/lbd\/wp-json\/wp\/v2\/posts\/25909\/revisions\/25920"}],"wp:featuredmedia":[{"embeddable":true,"href":"http:\/\/labestiadeportiva.com\/lbd\/wp-json\/wp\/v2\/media\/25914"}],"wp:attachment":[{"href":"http:\/\/labestiadeportiva.com\/lbd\/wp-json\/wp\/v2\/media?parent=25909"}],"wp:term":[{"taxonomy":"category","embeddable":true,"href":"http:\/\/labestiadeportiva.com\/lbd\/wp-json\/wp\/v2\/categories?post=25909"},{"taxonomy":"post_tag","embeddable":true,"href":"http:\/\/labestiadeportiva.com\/lbd\/wp-json\/wp\/v2\/tags?post=25909"}],"curies":[{"name":"wp","href":"https:\/\/api.w.org\/{rel}","templated":true}]}}