{"id":26175,"date":"2017-10-30T10:16:03","date_gmt":"2017-10-30T13:16:03","guid":{"rendered":"http:\/\/labestiadeportiva.com\/lbd\/?p=26175"},"modified":"2017-10-30T10:16:03","modified_gmt":"2017-10-30T13:16:03","slug":"del-potro-no-pudo-con-federer-en-basilea","status":"publish","type":"post","link":"http:\/\/labestiadeportiva.com\/lbd\/del-potro-no-pudo-con-federer-en-basilea\/","title":{"rendered":"Del Potro no pudo con Federer en Basilea"},"content":{"rendered":"<p>Por Mat\u00edas Pouso (Corresponsal LBD en CABA)<\/p>\n<p><a href=\"http:\/\/labestiadeportiva.com\/lbd\/wp-content\/uploads\/2017\/10\/descarga.jpg\"><img loading=\"lazy\" class=\"aligncenter size-medium wp-image-26178\" src=\"http:\/\/labestiadeportiva.com\/lbd\/wp-content\/uploads\/2017\/10\/descarga-300x226.jpg\" alt=\"descarga\" width=\"300\" height=\"226\" srcset=\"http:\/\/labestiadeportiva.com\/lbd\/wp-content\/uploads\/2017\/10\/descarga-300x226.jpg 300w, http:\/\/labestiadeportiva.com\/lbd\/wp-content\/uploads\/2017\/10\/descarga-1024x771.jpg 1024w, http:\/\/labestiadeportiva.com\/lbd\/wp-content\/uploads\/2017\/10\/descarga.jpg 1280w\" sizes=\"(max-width: 300px) 100vw, 300px\" \/><\/a>El tandilense cay\u00f3 ante el local por 6-7, 6-4 y 6-3, y complic\u00f3 sus chances de clasificar de manera directa al Masters de Londres. El n\u00famero 2 del mundo alz\u00f3 su s\u00e9ptimo trofeo de la temporada y ya le apunta al torneo de cierre de a\u00f1o.<!--more--><\/p>\n<p>En la final del ATP 500 de Basilea, Juan Mart\u00edn Del Potro perdi\u00f3 ante Roger Federer y no pudo celebrar dos t\u00edtulos consecutivos tras haberse coronado en Estocolmo la semana anterior.<\/p>\n<p>La Torre de Tandil, que hab\u00eda ganado el primer set en el tie-break, no pudo mantener su nivel y fue derrotado por el suizo, que alcanz\u00f3 su t\u00edtulo n\u00famero 95 superando la l\u00ednea de Ivan Lendl y quedando a 14 del r\u00e9cord de Jimmy Connors.<\/p>\n<p>El mejor jugador de todos los tiempos se qued\u00f3 con el t\u00edtulo gracias al 6-7, 6-4 y 6-3 en dos horas y media de juego y lleg\u00f3 a ocho consagraciones en su tierra natal.<\/p>\n<p><a href=\"http:\/\/labestiadeportiva.com\/lbd\/wp-content\/uploads\/2017\/10\/roger-federer.jpg\"><img loading=\"lazy\" class=\"aligncenter size-medium wp-image-26176\" src=\"http:\/\/labestiadeportiva.com\/lbd\/wp-content\/uploads\/2017\/10\/roger-federer-300x169.jpg\" alt=\"roger-federer\" width=\"300\" height=\"169\" srcset=\"http:\/\/labestiadeportiva.com\/lbd\/wp-content\/uploads\/2017\/10\/roger-federer-300x169.jpg 300w, http:\/\/labestiadeportiva.com\/lbd\/wp-content\/uploads\/2017\/10\/roger-federer-1024x576.jpg 1024w\" sizes=\"(max-width: 300px) 100vw, 300px\" \/><\/a>El argentino tuvo un buen desempe\u00f1o en el primer set, recuper\u00e1ndose de un quiebre inicial y comandando el tr\u00e1mite con su caracter\u00edstica potencia, esa que sabe incomodar a su amigo Roger dentro del court.<\/p>\n<p>De todos modos, el europeo no dio por perdido el parcial y llev\u00f3 la definici\u00f3n al tie-break, donde Delpo sac\u00f3 la luz de ventaja necesaria para ponerse arriba en el marcador.<\/p>\n<p>Pero el gigante europeo se repuso y mostr\u00f3 toda su jerarqu\u00eda y vigencia a los 36 a\u00f1os. Con un concierto de toques y movimientos exquisitos, Federer hizo vibrar a sus coterr\u00e1neos convirtiendo a los fr\u00edos helv\u00e9ticos en latinos fervorosos.<\/p>\n<p><a href=\"http:\/\/labestiadeportiva.com\/lbd\/wp-content\/uploads\/2017\/10\/59f231d5c4f06.image_.jpg\"><img loading=\"lazy\" class=\"aligncenter size-medium wp-image-26177\" src=\"http:\/\/labestiadeportiva.com\/lbd\/wp-content\/uploads\/2017\/10\/59f231d5c4f06.image_-300x169.jpg\" alt=\"59f231d5c4f06.image\" width=\"300\" height=\"169\" srcset=\"http:\/\/labestiadeportiva.com\/lbd\/wp-content\/uploads\/2017\/10\/59f231d5c4f06.image_-300x169.jpg 300w, http:\/\/labestiadeportiva.com\/lbd\/wp-content\/uploads\/2017\/10\/59f231d5c4f06.image_-1024x576.jpg 1024w, http:\/\/labestiadeportiva.com\/lbd\/wp-content\/uploads\/2017\/10\/59f231d5c4f06.image_.jpg 1200w\" sizes=\"(max-width: 300px) 100vw, 300px\" \/><\/a>Una vez finalizado el encuentro, Del Potro felicit\u00f3 al campe\u00f3n y agradeci\u00f3 a los fan\u00e1ticos por el apoyo y el respeto demostrado durante toda la semana, incluida la final.<\/p>\n<p>Este fue el cuarto enfrentamiento entre La Torre de Tandil y el Expreso Suizo en 2017. Su Majestad se impuso en 3 oportunidades: en el Masters 1000 de Miami, en el Masters 1000 de Shangh\u00e1i y el choque de este domingo.<\/p>\n<p>Mientras que Delpo obtuvo el triunfo en los cuartos de final del US Open. Roger tambi\u00e9n se veng\u00f3 de las \u00faltimas dos finales disputadas en Basilea, donde los t\u00edtulos quedaron en manos del argentino.<\/p>\n<p>Despu\u00e9s de esta derrota, el tandilense qued\u00f3 un poco m\u00e1s complicado de cara a la clasificaci\u00f3n para el Masters de Londres. En el torneo de Par\u00eds, que se disputa esta semana y reparte 1000 puntos, deber\u00e1 acceder como m\u00ednimo a las semifinales para superar a rivales como Pablo Carre\u00f1o Busta y David Goffin para conseguir el boleto al torneo de fin de temporada.<\/p>\n<p>Por su parte, Federer anunci\u00f3 su baja del torneo parisino, por lo que le entreg\u00f3 el n\u00famero 1 a Rafael Nadal cuando finalice el calendario ten\u00edstico.<\/p>\n<p>El espa\u00f1ol debe ganar tan solo un partido en los \u00faltimos dos torneos para asegurarse terminar el a\u00f1o al tope del ranking por cuarta vez en su carrera.<\/p>\n<p><a href=\"http:\/\/labestiadeportiva.com\/lbd\/wp-content\/uploads\/2017\/10\/promo333567976.jpg\"><img loading=\"lazy\" class=\"aligncenter size-medium wp-image-26179\" src=\"http:\/\/labestiadeportiva.com\/lbd\/wp-content\/uploads\/2017\/10\/promo333567976-300x169.jpg\" alt=\"promo333567976\" width=\"300\" height=\"169\" srcset=\"http:\/\/labestiadeportiva.com\/lbd\/wp-content\/uploads\/2017\/10\/promo333567976-300x169.jpg 300w, http:\/\/labestiadeportiva.com\/lbd\/wp-content\/uploads\/2017\/10\/promo333567976-1024x576.jpg 1024w, http:\/\/labestiadeportiva.com\/lbd\/wp-content\/uploads\/2017\/10\/promo333567976.jpg 1920w\" sizes=\"(max-width: 300px) 100vw, 300px\" \/><\/a><\/p>\n<div class='epvc-post-count'><span class='epvc-eye'><\/span>  <span class=\"epvc-count\"> 1.082<\/span><span class='epvc-label'> veces le\u00edda<\/span><\/div>\n<div class=\"jwsharethis\">\nShare this: \n<br \/>\n<a href=\"mailto:?subject=Del%20Potro%20no%20pudo%20con%20Federer%20en%20Basilea&amp;body=http%3A%2F%2Flabestiadeportiva.com%2Flbd%2Fdel-potro-no-pudo-con-federer-en-basilea%2F\">\n<img src=\"http:\/\/labestiadeportiva.com\/lbd\/wp-content\/plugins\/jw-share-this\/email.png\" alt=\"Share this page via Email\" \/>\n<\/a>\n<a target=\"_blank\" href=\"http:\/\/www.stumbleupon.com\/submit?url=http%3A%2F%2Flabestiadeportiva.com%2Flbd%2Fdel-potro-no-pudo-con-federer-en-basilea%2F&amp;title=Del+Potro+no+pudo+con+Federer+en+Basilea\">\n<img src=\"http:\/\/labestiadeportiva.com\/lbd\/wp-content\/plugins\/jw-share-this\/su.png\" alt=\"Share this page via Stumble Upon\" \/>\n<\/a>\n<a target=\"_blank\" href=\"http:\/\/digg.com\/submit?url=http%3A%2F%2Flabestiadeportiva.com%2Flbd%2Fdel-potro-no-pudo-con-federer-en-basilea%2F&amp;title=Del+Potro+no+pudo+con+Federer+en+Basilea\">\n<img src=\"http:\/\/labestiadeportiva.com\/lbd\/wp-content\/plugins\/jw-share-this\/digg.png\" alt=\"Share this page via Digg this\" \/>\n<\/a>\n<a target=\"_blank\" href=\"http:\/\/www.facebook.com\/sharer.php?u=http%3A%2F%2Flabestiadeportiva.com%2Flbd%2Fdel-potro-no-pudo-con-federer-en-basilea%2F&amp;t=Del+Potro+no+pudo+con+Federer+en+Basilea\">\n<img src=\"http:\/\/labestiadeportiva.com\/lbd\/wp-content\/plugins\/jw-share-this\/fb.png\" alt=\"Share this page via Facebook\" \/>\n<\/a>\n<a target=\"_blank\" href=\"http:\/\/twitter.com\/intent\/tweet?text=I+like+http%3A%2F%2Flabestiadeportiva.com%2Flbd%2Fdel-potro-no-pudo-con-federer-en-basilea%2F&amp;title=Del+Potro+no+pudo+con+Federer+en+Basilea\">\n<img src=\"http:\/\/labestiadeportiva.com\/lbd\/wp-content\/plugins\/jw-share-this\/twitter.png\" alt=\"Share this page via Twitter\" \/>\n<\/a>\n<\/div>\n","protected":false},"excerpt":{"rendered":"<p>Por Mat\u00edas Pouso (Corresponsal LBD en CABA) El tandilense cay\u00f3 ante el local por 6-7, 6-4 y 6-3, y complic\u00f3 sus chances de clasificar de manera directa al Masters de Londres. El n\u00famero 2 del mundo alz\u00f3 su s\u00e9ptimo trofeo de la temporada y ya le apunta al torneo de cierre de a\u00f1o. 1.082 veces &hellip; <a href=\"http:\/\/labestiadeportiva.com\/lbd\/del-potro-no-pudo-con-federer-en-basilea\/\" class=\"more-link\">Seguir leyendo <span class=\"screen-reader-text\">Del Potro no pudo con Federer en Basilea<\/span> <span class=\"meta-nav\">&rarr;<\/span><\/a><\/p>\n","protected":false},"author":1,"featured_media":26178,"comment_status":"open","ping_status":"open","sticky":false,"template":"","format":"standard","meta":[],"categories":[4,1,39],"tags":[1825,83,4835],"_links":{"self":[{"href":"http:\/\/labestiadeportiva.com\/lbd\/wp-json\/wp\/v2\/posts\/26175"}],"collection":[{"href":"http:\/\/labestiadeportiva.com\/lbd\/wp-json\/wp\/v2\/posts"}],"about":[{"href":"http:\/\/labestiadeportiva.com\/lbd\/wp-json\/wp\/v2\/types\/post"}],"author":[{"embeddable":true,"href":"http:\/\/labestiadeportiva.com\/lbd\/wp-json\/wp\/v2\/users\/1"}],"replies":[{"embeddable":true,"href":"http:\/\/labestiadeportiva.com\/lbd\/wp-json\/wp\/v2\/comments?post=26175"}],"version-history":[{"count":1,"href":"http:\/\/labestiadeportiva.com\/lbd\/wp-json\/wp\/v2\/posts\/26175\/revisions"}],"predecessor-version":[{"id":26180,"href":"http:\/\/labestiadeportiva.com\/lbd\/wp-json\/wp\/v2\/posts\/26175\/revisions\/26180"}],"wp:featuredmedia":[{"embeddable":true,"href":"http:\/\/labestiadeportiva.com\/lbd\/wp-json\/wp\/v2\/media\/26178"}],"wp:attachment":[{"href":"http:\/\/labestiadeportiva.com\/lbd\/wp-json\/wp\/v2\/media?parent=26175"}],"wp:term":[{"taxonomy":"category","embeddable":true,"href":"http:\/\/labestiadeportiva.com\/lbd\/wp-json\/wp\/v2\/categories?post=26175"},{"taxonomy":"post_tag","embeddable":true,"href":"http:\/\/labestiadeportiva.com\/lbd\/wp-json\/wp\/v2\/tags?post=26175"}],"curies":[{"name":"wp","href":"https:\/\/api.w.org\/{rel}","templated":true}]}}