{"id":26218,"date":"2017-11-01T21:03:34","date_gmt":"2017-11-02T00:03:34","guid":{"rendered":"http:\/\/labestiadeportiva.com\/lbd\/?p=26218"},"modified":"2017-11-02T00:28:22","modified_gmt":"2017-11-02T03:28:22","slug":"historica-primera-edicion","status":"publish","type":"post","link":"http:\/\/labestiadeportiva.com\/lbd\/historica-primera-edicion\/","title":{"rendered":"Hist\u00f3rica primera edici\u00f3n"},"content":{"rendered":"<p><a href=\"http:\/\/labestiadeportiva.com\/lbd\/wp-content\/uploads\/2017\/11\/22886240_1629140307152498_6898641510390499585_n.jpg\"><img loading=\"lazy\" class=\"aligncenter size-medium wp-image-26219\" src=\"http:\/\/labestiadeportiva.com\/lbd\/wp-content\/uploads\/2017\/11\/22886240_1629140307152498_6898641510390499585_n-300x225.jpg\" alt=\"22886240_1629140307152498_6898641510390499585_n\" width=\"300\" height=\"225\" srcset=\"http:\/\/labestiadeportiva.com\/lbd\/wp-content\/uploads\/2017\/11\/22886240_1629140307152498_6898641510390499585_n-300x225.jpg 300w, http:\/\/labestiadeportiva.com\/lbd\/wp-content\/uploads\/2017\/11\/22886240_1629140307152498_6898641510390499585_n.jpg 960w\" sizes=\"(max-width: 300px) 100vw, 300px\" \/><\/a>El pasado domingo se realiz\u00f3 la versi\u00f3n inicial de la VTDF \u201cHist\u00f3rica\u201d. 67 participantes recorrieron los poco m\u00e1s de 200 kil\u00f3metros desde el taller de \u201cTit\u00edn\u201d Aguilar en la ciudad de R\u00edo Grande hasta el ingreso a la capital provincial. La ruta nacional N\u00ba 3 y complementarias los caminos transitados. El Moto Club R\u00edo Grande mostr\u00f3 su satisfacci\u00f3n confirmando que a partir de aqu\u00ed el evento ser\u00e1 incluido en su calendario de actividades.<!--more--><\/p>\n<p><a href=\"http:\/\/labestiadeportiva.com\/lbd\/wp-content\/uploads\/2017\/11\/22894015_1629139973819198_5157745238803625695_n.jpg\"><img loading=\"lazy\" class=\"aligncenter size-medium wp-image-26220\" src=\"http:\/\/labestiadeportiva.com\/lbd\/wp-content\/uploads\/2017\/11\/22894015_1629139973819198_5157745238803625695_n-300x289.jpg\" alt=\"22894015_1629139973819198_5157745238803625695_n\" width=\"300\" height=\"289\" srcset=\"http:\/\/labestiadeportiva.com\/lbd\/wp-content\/uploads\/2017\/11\/22894015_1629139973819198_5157745238803625695_n-300x289.jpg 300w, http:\/\/labestiadeportiva.com\/lbd\/wp-content\/uploads\/2017\/11\/22894015_1629139973819198_5157745238803625695_n.jpg 960w\" sizes=\"(max-width: 300px) 100vw, 300px\" \/><\/a>El taller de \u201cTit\u00edn\u201d, el monumento a la \u201cTrucha\u201d, la ruta complementaria \u201cF\u201d, Yehuin, Tolhuin, Petrel, subida del Paso Garibaldi \u201cViejo\u201d y bajada final hacia Ushuaia fueron los lugares recorridos por el grupo inicial de pilotos de motos y cuatriciclos.<\/p>\n<p>Una interesante caravana de auxilios, familiares y amigos acompa\u00f1\u00f3 durante todo el trayecto. Amistad, camarader\u00eda, recuerdos, viejos modelos de m\u00e1quinas en el evento que tuvo como modalidad la \u201cTraves\u00eda Guiada\u201d.<\/p>\n<p>Desde LBD acompa\u00f1amos el recorrido a partir del Paso Garibaldi. Una vez arribado a nuestra ciudad nos contactamos con Germ\u00e1n N\u00fa\u00f1ez, presidente del Moto Club, quien expres\u00f3:<span style=\"color: #0000ff;\"> \u201cFue una juntada de amigos, viejos pioneros. La VTDF Hist\u00f3rica lleg\u00f3 para quedarse. Homenajear a la historia es nuestro deber como ciudadanos. El pr\u00f3ximo a\u00f1o veremos c\u00f3mo nos ordenamos, estamos muy felices con lo sucedido. Sabemos que tenemos casi 70 pilotos y seguramente se sumar\u00e1n muchos m\u00e1s\u201d.<\/span><\/p>\n<p><span style=\"color: #333333;\"><a href=\"http:\/\/labestiadeportiva.com\/lbd\/wp-content\/uploads\/2017\/11\/23032374_1629140033819192_2161361244620162225_n.jpg\"><img loading=\"lazy\" class=\"aligncenter size-medium wp-image-26224\" src=\"http:\/\/labestiadeportiva.com\/lbd\/wp-content\/uploads\/2017\/11\/23032374_1629140033819192_2161361244620162225_n-300x225.jpg\" alt=\"23032374_1629140033819192_2161361244620162225_n\" width=\"300\" height=\"225\" srcset=\"http:\/\/labestiadeportiva.com\/lbd\/wp-content\/uploads\/2017\/11\/23032374_1629140033819192_2161361244620162225_n-300x225.jpg 300w, http:\/\/labestiadeportiva.com\/lbd\/wp-content\/uploads\/2017\/11\/23032374_1629140033819192_2161361244620162225_n.jpg 960w\" sizes=\"(max-width: 300px) 100vw, 300px\" \/><\/a>Puntapi\u00e9 inicial para el reconocimiento en vida a lo<\/span>s primeros \u201cLocos\u201d quienes hace muchos a\u00f1os atr\u00e1s pensaron e hicieron realidad nuestra querida Vuelta a la Tierra del Fuego.<\/p>\n<p><span style=\"color: #0000ff;\">Los participantes (67)<\/span><br \/>\n03 Roberto De Amuch\u00e1tegui Honda 125 XRL 2011<br \/>\n06 Luis Gallardo Honda 400 Falcon 2006<br \/>\n07 Carlos Escudero Honda 420 2008<br \/>\n09 Oscar Castilla Honda 400 Falcon 2013<br \/>\n16 Sergio Ag\u00fcero CR 250 2002<br \/>\n02 Diego Maldonado Suzuki 125 2007<br \/>\n10 Ricardo Castro Kawasaki 600 1992<br \/>\n13 Alfredo Berti Honda Falcon 400<br \/>\n30 Carlos Gariboglio Beta 150 2014<br \/>\n11 Jorge Ayaquintuy Honda 300 4&#215;4 1994<\/p>\n<p><a href=\"http:\/\/labestiadeportiva.com\/lbd\/wp-content\/uploads\/2017\/11\/23132004_1629140250485837_3412008475200581850_n.jpg\"><img loading=\"lazy\" class=\"aligncenter size-medium wp-image-26225\" src=\"http:\/\/labestiadeportiva.com\/lbd\/wp-content\/uploads\/2017\/11\/23132004_1629140250485837_3412008475200581850_n-300x225.jpg\" alt=\"23132004_1629140250485837_3412008475200581850_n\" width=\"300\" height=\"225\" srcset=\"http:\/\/labestiadeportiva.com\/lbd\/wp-content\/uploads\/2017\/11\/23132004_1629140250485837_3412008475200581850_n-300x225.jpg 300w, http:\/\/labestiadeportiva.com\/lbd\/wp-content\/uploads\/2017\/11\/23132004_1629140250485837_3412008475200581850_n.jpg 960w\" sizes=\"(max-width: 300px) 100vw, 300px\" \/><\/a>15 Maira Vidal Yamaha TTR 230<br \/>\n14 Enrique Pacheco Honda 125 1980<br \/>\n17 Nuria Trejo Yamaha TTR 125 2009<br \/>\n22 Alfio Carcamo Honda 500 2006<br \/>\n18 Sebasti\u00e1n Blanco Honda 350 1985<br \/>\n19 Jorge Casallas Suzuki DR 400 2011<br \/>\n23 Mauro Bozac Honda XR 250 1989<br \/>\n24 Ian Eugenin Honda XR 100 1991<br \/>\n25 Amanda Bozac Kimco 300 2003<\/p>\n<p><a href=\"http:\/\/labestiadeportiva.com\/lbd\/wp-content\/uploads\/2017\/11\/23031678_1629140080485854_3837728765493269457_n.jpg\"><img loading=\"lazy\" class=\"aligncenter size-medium wp-image-26223\" src=\"http:\/\/labestiadeportiva.com\/lbd\/wp-content\/uploads\/2017\/11\/23031678_1629140080485854_3837728765493269457_n-300x225.jpg\" alt=\"23031678_1629140080485854_3837728765493269457_n\" width=\"300\" height=\"225\" srcset=\"http:\/\/labestiadeportiva.com\/lbd\/wp-content\/uploads\/2017\/11\/23031678_1629140080485854_3837728765493269457_n-300x225.jpg 300w, http:\/\/labestiadeportiva.com\/lbd\/wp-content\/uploads\/2017\/11\/23031678_1629140080485854_3837728765493269457_n.jpg 960w\" sizes=\"(max-width: 300px) 100vw, 300px\" \/><\/a>05 Jos\u00e9 Aguilar Honda MB 100 1980<br \/>\n26 Diego Bozac Honda TRX 400 2013<br \/>\n27 Juan Mart\u00edn Bozac Honda XR 600 1992<br \/>\n21 Lucas Delgado Honda XR 250 1991<br \/>\n28 Alexis Feruglio Suzuki DR 650 1993<br \/>\n29 Jorge Arriagada Honda XR 250 1992<br \/>\n31 Enrique Miranda Honda TRX 250 1994<br \/>\n32 Marcelo Delfino Honda XR 250 1993<br \/>\n33 Ariel Cardoso Honda XR 250 1993<br \/>\n38 Luis Hernandez Honda XR 1991<\/p>\n<p><a href=\"http:\/\/labestiadeportiva.com\/lbd\/wp-content\/uploads\/2017\/11\/23231249_1629140217152507_440220120515120694_n.jpg\"><img loading=\"lazy\" class=\"aligncenter size-medium wp-image-26226\" src=\"http:\/\/labestiadeportiva.com\/lbd\/wp-content\/uploads\/2017\/11\/23231249_1629140217152507_440220120515120694_n-300x225.jpg\" alt=\"23231249_1629140217152507_440220120515120694_n\" width=\"300\" height=\"225\" srcset=\"http:\/\/labestiadeportiva.com\/lbd\/wp-content\/uploads\/2017\/11\/23231249_1629140217152507_440220120515120694_n-300x225.jpg 300w, http:\/\/labestiadeportiva.com\/lbd\/wp-content\/uploads\/2017\/11\/23231249_1629140217152507_440220120515120694_n.jpg 960w\" sizes=\"(max-width: 300px) 100vw, 300px\" \/><\/a>34 Daniel Stefanizzi Honda MB 100 1981<br \/>\n35 Brian Guerrero Yamaha 125 2014<br \/>\n36 Diego Gonzalez Corven 250 2017<br \/>\n12 Rub\u00e9n Fregosini Husqvarna 360 1998<br \/>\n42 Raul Gonzalez TTR 230 2016<br \/>\n46 Luciano Morandi Suzuki DRZ 400 2014<br \/>\n37 Lautaro Gonzalez Keller 250 2012<br \/>\n39 Federico Obermeller Suzuki X100 2016<br \/>\n50 Jos\u00e9 Vazquez<br \/>\n40 Sergio Arias Honda 300 1998<\/p>\n<p><a href=\"http:\/\/labestiadeportiva.com\/lbd\/wp-content\/uploads\/2017\/11\/20171102_0019161.jpg\"><br \/>\n<\/a><a href=\"http:\/\/labestiadeportiva.com\/lbd\/wp-content\/uploads\/2017\/11\/20171102_002345.jpg\"><img loading=\"lazy\" class=\"aligncenter size-medium wp-image-26236\" src=\"http:\/\/labestiadeportiva.com\/lbd\/wp-content\/uploads\/2017\/11\/20171102_002345-300x225.jpg\" alt=\"20171102_002345\" width=\"300\" height=\"225\" srcset=\"http:\/\/labestiadeportiva.com\/lbd\/wp-content\/uploads\/2017\/11\/20171102_002345-300x225.jpg 300w, http:\/\/labestiadeportiva.com\/lbd\/wp-content\/uploads\/2017\/11\/20171102_002345-1024x768.jpg 1024w\" sizes=\"(max-width: 300px) 100vw, 300px\" \/><\/a>41 Mauro Arias Artic Kat 300 2010<br \/>\n20 Alberto Aguilar Yamaha XX 125 1980<br \/>\n01 Gabriel Santana Honda Tornada 250<br \/>\n08 Luis Barria Yamaha XT 225 2003<br \/>\n04 Gabriel Perez Honda XR 250 1992<br \/>\n49 Pablo Imboden Honda 420 2009<br \/>\n43 Pablo Rodriguez Beta 100 2014<br \/>\n44 Ricardo Acosta XR 250 1994<br \/>\n45 Marianela Garrido Suzuki DR 200<br \/>\n47 Miguel Rodriguez Honda Tornado 250 2013<\/p>\n<p><a href=\"http:\/\/labestiadeportiva.com\/lbd\/wp-content\/uploads\/2017\/11\/22894335_1629140000485862_7488858333397883351_n.jpg\"><img loading=\"lazy\" class=\"aligncenter size-medium wp-image-26221\" src=\"http:\/\/labestiadeportiva.com\/lbd\/wp-content\/uploads\/2017\/11\/22894335_1629140000485862_7488858333397883351_n-300x225.jpg\" alt=\"22894335_1629140000485862_7488858333397883351_n\" width=\"300\" height=\"225\" srcset=\"http:\/\/labestiadeportiva.com\/lbd\/wp-content\/uploads\/2017\/11\/22894335_1629140000485862_7488858333397883351_n-300x225.jpg 300w, http:\/\/labestiadeportiva.com\/lbd\/wp-content\/uploads\/2017\/11\/22894335_1629140000485862_7488858333397883351_n.jpg 960w\" sizes=\"(max-width: 300px) 100vw, 300px\" \/><\/a>48 Hugo Hern\u00e1ndez<br \/>\n51 Jos\u00e9 Mar\u00eda Maldonado Honda MB100 1980<br \/>\n52 N\u00e9stor Osores Honda CR 125 1997<br \/>\n53 Leandro Aguilar Suzuki 100 2008<br \/>\n54 Edgardo Sena Keller 260MX<br \/>\n55 Pablo Sena Yamaha XTZ 125<br \/>\n56 Diego Maldonado (padre) Yamaha XTZ 125 2008<br \/>\n57 Javier Alvarez Kawasaki 750 4&#215;4<br \/>\n58 Manuel Rodriguez Vulcan 500 1995<br \/>\n59 Oscar Rodriguez Gilera 400 2012<\/p>\n<p><a href=\"http:\/\/labestiadeportiva.com\/lbd\/wp-content\/uploads\/2017\/11\/23031392_1629140167152512_382013399997068701_n.jpg\"><img loading=\"lazy\" class=\"aligncenter size-medium wp-image-26222\" src=\"http:\/\/labestiadeportiva.com\/lbd\/wp-content\/uploads\/2017\/11\/23031392_1629140167152512_382013399997068701_n-300x225.jpg\" alt=\"23031392_1629140167152512_382013399997068701_n\" width=\"300\" height=\"225\" srcset=\"http:\/\/labestiadeportiva.com\/lbd\/wp-content\/uploads\/2017\/11\/23031392_1629140167152512_382013399997068701_n-300x225.jpg 300w, http:\/\/labestiadeportiva.com\/lbd\/wp-content\/uploads\/2017\/11\/23031392_1629140167152512_382013399997068701_n.jpg 960w\" sizes=\"(max-width: 300px) 100vw, 300px\" \/><\/a>60 Walter Uribe Honda 680 4&#215;4 2012<br \/>\n61 Alberto \u201cCachito\u201d Gomez Honda Falcon 400 2013<br \/>\n62 Armin Baeza Honda 400<br \/>\n63 Diego Jerez Zanella 180<br \/>\n64 Guillermina Ituarte Corven 150 2015<br \/>\n65 Rafael Hernandez Honda Tornado 250 2013<br \/>\n66 Mois\u00e9s Barr\u00eda<br \/>\n67 Iv\u00e1n Osores Jianshe 125<\/p>\n<div class='epvc-post-count'><span class='epvc-eye'><\/span>  <span class=\"epvc-count\"> 1.337<\/span><span class='epvc-label'> veces le\u00edda<\/span><\/div>\n<div class=\"jwsharethis\">\nShare this: \n<br \/>\n<a href=\"mailto:?subject=Hist%C3%B3rica%20primera%20edici%C3%B3n&amp;body=http%3A%2F%2Flabestiadeportiva.com%2Flbd%2Fhistorica-primera-edicion%2F\">\n<img src=\"http:\/\/labestiadeportiva.com\/lbd\/wp-content\/plugins\/jw-share-this\/email.png\" alt=\"Share this page via Email\" \/>\n<\/a>\n<a target=\"_blank\" href=\"http:\/\/www.stumbleupon.com\/submit?url=http%3A%2F%2Flabestiadeportiva.com%2Flbd%2Fhistorica-primera-edicion%2F&amp;title=Hist%C3%B3rica+primera+edici%C3%B3n\">\n<img src=\"http:\/\/labestiadeportiva.com\/lbd\/wp-content\/plugins\/jw-share-this\/su.png\" alt=\"Share this page via Stumble Upon\" \/>\n<\/a>\n<a target=\"_blank\" href=\"http:\/\/digg.com\/submit?url=http%3A%2F%2Flabestiadeportiva.com%2Flbd%2Fhistorica-primera-edicion%2F&amp;title=Hist%C3%B3rica+primera+edici%C3%B3n\">\n<img src=\"http:\/\/labestiadeportiva.com\/lbd\/wp-content\/plugins\/jw-share-this\/digg.png\" alt=\"Share this page via Digg this\" \/>\n<\/a>\n<a target=\"_blank\" href=\"http:\/\/www.facebook.com\/sharer.php?u=http%3A%2F%2Flabestiadeportiva.com%2Flbd%2Fhistorica-primera-edicion%2F&amp;t=Hist%C3%B3rica+primera+edici%C3%B3n\">\n<img src=\"http:\/\/labestiadeportiva.com\/lbd\/wp-content\/plugins\/jw-share-this\/fb.png\" alt=\"Share this page via Facebook\" \/>\n<\/a>\n<a target=\"_blank\" href=\"http:\/\/twitter.com\/intent\/tweet?text=I+like+http%3A%2F%2Flabestiadeportiva.com%2Flbd%2Fhistorica-primera-edicion%2F&amp;title=Hist%C3%B3rica+primera+edici%C3%B3n\">\n<img src=\"http:\/\/labestiadeportiva.com\/lbd\/wp-content\/plugins\/jw-share-this\/twitter.png\" alt=\"Share this page via Twitter\" \/>\n<\/a>\n<\/div>\n","protected":false},"excerpt":{"rendered":"<p>El pasado domingo se realiz\u00f3 la versi\u00f3n inicial de la VTDF \u201cHist\u00f3rica\u201d. 67 participantes recorrieron los poco m\u00e1s de 200 kil\u00f3metros desde el taller de \u201cTit\u00edn\u201d Aguilar en la ciudad de R\u00edo Grande hasta el ingreso a la capital provincial. La ruta nacional N\u00ba 3 y complementarias los caminos transitados. El Moto Club R\u00edo Grande &hellip; <a href=\"http:\/\/labestiadeportiva.com\/lbd\/historica-primera-edicion\/\" class=\"more-link\">Seguir leyendo <span class=\"screen-reader-text\">Hist\u00f3rica primera edici\u00f3n<\/span> <span class=\"meta-nav\">&rarr;<\/span><\/a><\/p>\n","protected":false},"author":1,"featured_media":26219,"comment_status":"open","ping_status":"open","sticky":false,"template":"","format":"standard","meta":[],"categories":[5,2159,1],"tags":[2696,2038,71,83,3373],"_links":{"self":[{"href":"http:\/\/labestiadeportiva.com\/lbd\/wp-json\/wp\/v2\/posts\/26218"}],"collection":[{"href":"http:\/\/labestiadeportiva.com\/lbd\/wp-json\/wp\/v2\/posts"}],"about":[{"href":"http:\/\/labestiadeportiva.com\/lbd\/wp-json\/wp\/v2\/types\/post"}],"author":[{"embeddable":true,"href":"http:\/\/labestiadeportiva.com\/lbd\/wp-json\/wp\/v2\/users\/1"}],"replies":[{"embeddable":true,"href":"http:\/\/labestiadeportiva.com\/lbd\/wp-json\/wp\/v2\/comments?post=26218"}],"version-history":[{"count":3,"href":"http:\/\/labestiadeportiva.com\/lbd\/wp-json\/wp\/v2\/posts\/26218\/revisions"}],"predecessor-version":[{"id":26237,"href":"http:\/\/labestiadeportiva.com\/lbd\/wp-json\/wp\/v2\/posts\/26218\/revisions\/26237"}],"wp:featuredmedia":[{"embeddable":true,"href":"http:\/\/labestiadeportiva.com\/lbd\/wp-json\/wp\/v2\/media\/26219"}],"wp:attachment":[{"href":"http:\/\/labestiadeportiva.com\/lbd\/wp-json\/wp\/v2\/media?parent=26218"}],"wp:term":[{"taxonomy":"category","embeddable":true,"href":"http:\/\/labestiadeportiva.com\/lbd\/wp-json\/wp\/v2\/categories?post=26218"},{"taxonomy":"post_tag","embeddable":true,"href":"http:\/\/labestiadeportiva.com\/lbd\/wp-json\/wp\/v2\/tags?post=26218"}],"curies":[{"name":"wp","href":"https:\/\/api.w.org\/{rel}","templated":true}]}}