{"id":26377,"date":"2017-11-15T10:56:48","date_gmt":"2017-11-15T13:56:48","guid":{"rendered":"http:\/\/labestiadeportiva.com\/lbd\/?p=26377"},"modified":"2017-11-15T10:56:48","modified_gmt":"2017-11-15T13:56:48","slug":"la-segunda-del-fueguino-para-lucas-jerez","status":"publish","type":"post","link":"http:\/\/labestiadeportiva.com\/lbd\/la-segunda-del-fueguino-para-lucas-jerez\/","title":{"rendered":"La segunda del fueguino para Lucas Jerez"},"content":{"rendered":"<p><a href=\"http:\/\/labestiadeportiva.com\/lbd\/wp-content\/uploads\/2017\/11\/23517485_1642786302454565_7205474579543631753_n.jpg\"><img loading=\"lazy\" class=\"aligncenter size-medium wp-image-26378\" src=\"http:\/\/labestiadeportiva.com\/lbd\/wp-content\/uploads\/2017\/11\/23517485_1642786302454565_7205474579543631753_n-278x300.jpg\" alt=\"23517485_1642786302454565_7205474579543631753_n\" width=\"278\" height=\"300\" srcset=\"http:\/\/labestiadeportiva.com\/lbd\/wp-content\/uploads\/2017\/11\/23517485_1642786302454565_7205474579543631753_n-278x300.jpg 278w, http:\/\/labestiadeportiva.com\/lbd\/wp-content\/uploads\/2017\/11\/23517485_1642786302454565_7205474579543631753_n.jpg 616w\" sizes=\"(max-width: 278px) 100vw, 278px\" \/><\/a>El domingo se disput\u00f3 una nueva fecha oficial de la competencia de bicicletas de descenso temporada 2017\/2018 organizada por la Asociaci\u00f3n Cicl\u00edstica de Mountain Bike Extremo. El nuevo trazado del \u201cNelson Place\u201d, de poco m\u00e1s de 900 metros, fue recorrido por 23 riders. El joven Lucas Jerez, enrolado en el segmento Elite, fue el m\u00e1s r\u00e1pido empleando en su mejor bajada un tiempo de 1\u00b459\u00b4\u00b452. \u00c1lvaro Risoglio (juvenil), Braian Gar\u00edn (semirr\u00edgido) y Rodrigo Ponce (master) se impusieron en sus segmentos.<!--more--><\/p>\n<p>El tradicional circuito enclavado en el barrio Kaik\u00e9n present\u00f3 un nuevo trazado para el \u00abNelson Place\u00bb. En esta oportunidad la largada fue desde el sector de las banderas del barrio Las Ra\u00edces.<\/p>\n<p>La lluvia previa le dio un condimento m\u00e1s al ya veloz trazado de 920 metros que present\u00f3 diferentes inconvenientes por sortear, el barro complic\u00f3 las cosas y ya desde el s\u00e1bado las lesiones y roturas estuvieron a la orden del d\u00eda.<\/p>\n<p><a href=\"http:\/\/labestiadeportiva.com\/lbd\/wp-content\/uploads\/2017\/11\/23473048_1642786175787911_8735152325740071437_n.jpg\"><img loading=\"lazy\" class=\"aligncenter size-medium wp-image-26379\" src=\"http:\/\/labestiadeportiva.com\/lbd\/wp-content\/uploads\/2017\/11\/23473048_1642786175787911_8735152325740071437_n-300x189.jpg\" alt=\"23473048_1642786175787911_8735152325740071437_n\" width=\"300\" height=\"189\" srcset=\"http:\/\/labestiadeportiva.com\/lbd\/wp-content\/uploads\/2017\/11\/23473048_1642786175787911_8735152325740071437_n-300x189.jpg 300w, http:\/\/labestiadeportiva.com\/lbd\/wp-content\/uploads\/2017\/11\/23473048_1642786175787911_8735152325740071437_n.jpg 713w\" sizes=\"(max-width: 300px) 100vw, 300px\" \/><\/a>De los 29 inscriptos originalmente 23 fueron de la partida a la hora de largar. El talentoso joven Lucas Jerez (1\u00b459\u00b4\u00b452) domin\u00f3 el segmento elite siendo el \u00fanico que registr\u00f3 un tiempo por debajo de los dos minutos siendo secundado por Emiliano Aceto y Gonzalo Jofre.<\/p>\n<p>Dentro de los Masters Rodrigo Ponce (2\u00b428\u00b4\u00b428) fue el vencedor donde David Correa no le dio respiro, Javier Chiguay complet\u00f3 el podio de este segmento.<\/p>\n<p>Entre los juveniles \u00c1lvaro Risoglio (2\u00b409\u00b4\u00b425) fue el mejor con Ulises Celis y Agust\u00edn Tapia en ese orden casi sin diferencias en los relojes.<\/p>\n<p><a href=\"http:\/\/labestiadeportiva.com\/lbd\/wp-content\/uploads\/2017\/11\/23517995_1642786402454555_8461464808826451209_n.jpg\"><img loading=\"lazy\" class=\"aligncenter size-medium wp-image-26380\" src=\"http:\/\/labestiadeportiva.com\/lbd\/wp-content\/uploads\/2017\/11\/23517995_1642786402454555_8461464808826451209_n-298x300.jpg\" alt=\"23517995_1642786402454555_8461464808826451209_n\" width=\"298\" height=\"300\" srcset=\"http:\/\/labestiadeportiva.com\/lbd\/wp-content\/uploads\/2017\/11\/23517995_1642786402454555_8461464808826451209_n-298x300.jpg 298w, http:\/\/labestiadeportiva.com\/lbd\/wp-content\/uploads\/2017\/11\/23517995_1642786402454555_8461464808826451209_n-150x150.jpg 150w, http:\/\/labestiadeportiva.com\/lbd\/wp-content\/uploads\/2017\/11\/23517995_1642786402454555_8461464808826451209_n-160x160.jpg 160w, http:\/\/labestiadeportiva.com\/lbd\/wp-content\/uploads\/2017\/11\/23517995_1642786402454555_8461464808826451209_n-60x60.jpg 60w, http:\/\/labestiadeportiva.com\/lbd\/wp-content\/uploads\/2017\/11\/23517995_1642786402454555_8461464808826451209_n.jpg 635w\" sizes=\"(max-width: 298px) 100vw, 298px\" \/><\/a>Finalmente en la categor\u00eda Semirr\u00edgido Brian Gar\u00edn se impuso con un tiempo de (2\u00b440\u00b4\u00b484) con Agust\u00edn Gallardo y Julio R\u00edos como escoltas.<\/p>\n<p>Desde ACME nos adelantaron que la pr\u00f3xima cita del Fueguino ser\u00e1 el domingo 17 de diciembre con lugar a definir en las pr\u00f3ximas semanas.<\/p>\n<p><span style=\"color: #0000ff;\">Los podios por categor\u00edas<\/span><br \/>\nElite<br \/>\n<span style=\"color: #ff0000;\">1\u00ba Lucas Jerez 1\u00b459\u00b452<\/span><br \/>\n2\u00ba Emiliano Aceto 2\u00b424\u00b4\u00b429<br \/>\n3\u00ba Gonzalo Jofre 2\u00b436\u00b4\u00b423<\/p>\n<p>Semirr\u00edgido<br \/>\n<span style=\"color: #ff0000;\">1\u00ba Brian Gar\u00edn 2\u00b440\u00b4\u00b484<\/span><br \/>\n2\u00ba Agust\u00edn Gallardo 2\u00b452\u00b4\u00b403<br \/>\n3\u00ba Julio R\u00edos 3\u00b428\u00b4\u00b434<\/p>\n<p><img loading=\"lazy\" class=\"aligncenter size-medium wp-image-26382\" src=\"http:\/\/labestiadeportiva.com\/lbd\/wp-content\/uploads\/2017\/11\/23561822_1642786222454573_8415881090969346024_n-290x300.jpg\" alt=\"23561822_1642786222454573_8415881090969346024_n\" width=\"290\" height=\"300\" srcset=\"http:\/\/labestiadeportiva.com\/lbd\/wp-content\/uploads\/2017\/11\/23561822_1642786222454573_8415881090969346024_n-290x300.jpg 290w, http:\/\/labestiadeportiva.com\/lbd\/wp-content\/uploads\/2017\/11\/23561822_1642786222454573_8415881090969346024_n.jpg 805w\" sizes=\"(max-width: 290px) 100vw, 290px\" \/>Juvenil<br \/>\n<span style=\"color: #ff0000;\">1\u00ba \u00c1lvaro Risoglio 2\u00b409\u00b4\u00b425<\/span><br \/>\n2\u00ba Ulices Celis 2\u00b419\u00b4\u00b415<br \/>\n3\u00ba Agust\u00edn Tapia 2\u00b419\u00b4\u00b418<\/p>\n<p>Master<br \/>\n<span style=\"color: #ff0000;\">1\u00ba Rodrigo Ponce 2\u00b428\u00b4\u00b428<\/span><br \/>\n2\u00ba David Correa 2\u00b428\u00b4\u00b452<br \/>\n3\u00ba Javier Chiguay 2\u00b436\u00b4\u00b498<\/p>\n<div class='epvc-post-count'><span class='epvc-eye'><\/span>  <span class=\"epvc-count\"> 1.346<\/span><span class='epvc-label'> veces le\u00edda<\/span><\/div>\n<div class=\"jwsharethis\">\nShare this: \n<br \/>\n<a href=\"mailto:?subject=La%20segunda%20del%20fueguino%20para%20Lucas%20Jerez&amp;body=http%3A%2F%2Flabestiadeportiva.com%2Flbd%2Fla-segunda-del-fueguino-para-lucas-jerez%2F\">\n<img src=\"http:\/\/labestiadeportiva.com\/lbd\/wp-content\/plugins\/jw-share-this\/email.png\" alt=\"Share this page via Email\" \/>\n<\/a>\n<a target=\"_blank\" href=\"http:\/\/www.stumbleupon.com\/submit?url=http%3A%2F%2Flabestiadeportiva.com%2Flbd%2Fla-segunda-del-fueguino-para-lucas-jerez%2F&amp;title=La+segunda+del+fueguino+para+Lucas+Jerez\">\n<img src=\"http:\/\/labestiadeportiva.com\/lbd\/wp-content\/plugins\/jw-share-this\/su.png\" alt=\"Share this page via Stumble Upon\" \/>\n<\/a>\n<a target=\"_blank\" href=\"http:\/\/digg.com\/submit?url=http%3A%2F%2Flabestiadeportiva.com%2Flbd%2Fla-segunda-del-fueguino-para-lucas-jerez%2F&amp;title=La+segunda+del+fueguino+para+Lucas+Jerez\">\n<img src=\"http:\/\/labestiadeportiva.com\/lbd\/wp-content\/plugins\/jw-share-this\/digg.png\" alt=\"Share this page via Digg this\" \/>\n<\/a>\n<a target=\"_blank\" href=\"http:\/\/www.facebook.com\/sharer.php?u=http%3A%2F%2Flabestiadeportiva.com%2Flbd%2Fla-segunda-del-fueguino-para-lucas-jerez%2F&amp;t=La+segunda+del+fueguino+para+Lucas+Jerez\">\n<img src=\"http:\/\/labestiadeportiva.com\/lbd\/wp-content\/plugins\/jw-share-this\/fb.png\" alt=\"Share this page via Facebook\" \/>\n<\/a>\n<a target=\"_blank\" href=\"http:\/\/twitter.com\/intent\/tweet?text=I+like+http%3A%2F%2Flabestiadeportiva.com%2Flbd%2Fla-segunda-del-fueguino-para-lucas-jerez%2F&amp;title=La+segunda+del+fueguino+para+Lucas+Jerez\">\n<img src=\"http:\/\/labestiadeportiva.com\/lbd\/wp-content\/plugins\/jw-share-this\/twitter.png\" alt=\"Share this page via Twitter\" \/>\n<\/a>\n<\/div>\n","protected":false},"excerpt":{"rendered":"<p>El domingo se disput\u00f3 una nueva fecha oficial de la competencia de bicicletas de descenso temporada 2017\/2018 organizada por la Asociaci\u00f3n Cicl\u00edstica de Mountain Bike Extremo. El nuevo trazado del \u201cNelson Place\u201d, de poco m\u00e1s de 900 metros, fue recorrido por 23 riders. El joven Lucas Jerez, enrolado en el segmento Elite, fue el m\u00e1s &hellip; <a href=\"http:\/\/labestiadeportiva.com\/lbd\/la-segunda-del-fueguino-para-lucas-jerez\/\" class=\"more-link\">Seguir leyendo <span class=\"screen-reader-text\">La segunda del fueguino para Lucas Jerez<\/span> <span class=\"meta-nav\">&rarr;<\/span><\/a><\/p>\n","protected":false},"author":1,"featured_media":26378,"comment_status":"open","ping_status":"open","sticky":false,"template":"","format":"standard","meta":[],"categories":[2154,5,1],"tags":[3384,2446,541,170,292,83],"_links":{"self":[{"href":"http:\/\/labestiadeportiva.com\/lbd\/wp-json\/wp\/v2\/posts\/26377"}],"collection":[{"href":"http:\/\/labestiadeportiva.com\/lbd\/wp-json\/wp\/v2\/posts"}],"about":[{"href":"http:\/\/labestiadeportiva.com\/lbd\/wp-json\/wp\/v2\/types\/post"}],"author":[{"embeddable":true,"href":"http:\/\/labestiadeportiva.com\/lbd\/wp-json\/wp\/v2\/users\/1"}],"replies":[{"embeddable":true,"href":"http:\/\/labestiadeportiva.com\/lbd\/wp-json\/wp\/v2\/comments?post=26377"}],"version-history":[{"count":1,"href":"http:\/\/labestiadeportiva.com\/lbd\/wp-json\/wp\/v2\/posts\/26377\/revisions"}],"predecessor-version":[{"id":26383,"href":"http:\/\/labestiadeportiva.com\/lbd\/wp-json\/wp\/v2\/posts\/26377\/revisions\/26383"}],"wp:featuredmedia":[{"embeddable":true,"href":"http:\/\/labestiadeportiva.com\/lbd\/wp-json\/wp\/v2\/media\/26378"}],"wp:attachment":[{"href":"http:\/\/labestiadeportiva.com\/lbd\/wp-json\/wp\/v2\/media?parent=26377"}],"wp:term":[{"taxonomy":"category","embeddable":true,"href":"http:\/\/labestiadeportiva.com\/lbd\/wp-json\/wp\/v2\/categories?post=26377"},{"taxonomy":"post_tag","embeddable":true,"href":"http:\/\/labestiadeportiva.com\/lbd\/wp-json\/wp\/v2\/tags?post=26377"}],"curies":[{"name":"wp","href":"https:\/\/api.w.org\/{rel}","templated":true}]}}