{"id":26475,"date":"2017-11-22T18:43:21","date_gmt":"2017-11-22T21:43:21","guid":{"rendered":"http:\/\/labestiadeportiva.com\/lbd\/?p=26475"},"modified":"2017-11-22T18:56:11","modified_gmt":"2017-11-22T21:56:11","slug":"campeones-bajo-la-nieve","status":"publish","type":"post","link":"http:\/\/labestiadeportiva.com\/lbd\/campeones-bajo-la-nieve\/","title":{"rendered":"Campeones bajo la nieve"},"content":{"rendered":"<p><a href=\"http:\/\/labestiadeportiva.com\/lbd\/wp-content\/uploads\/2017\/11\/23722765_1650492801683915_6523642437242885092_n.jpg\"><img loading=\"lazy\" class=\"aligncenter size-medium wp-image-26476\" src=\"http:\/\/labestiadeportiva.com\/lbd\/wp-content\/uploads\/2017\/11\/23722765_1650492801683915_6523642437242885092_n-300x225.jpg\" alt=\"23722765_1650492801683915_6523642437242885092_n\" width=\"300\" height=\"225\" srcset=\"http:\/\/labestiadeportiva.com\/lbd\/wp-content\/uploads\/2017\/11\/23722765_1650492801683915_6523642437242885092_n-300x225.jpg 300w, http:\/\/labestiadeportiva.com\/lbd\/wp-content\/uploads\/2017\/11\/23722765_1650492801683915_6523642437242885092_n.jpg 960w\" sizes=\"(max-width: 300px) 100vw, 300px\" \/><\/a>El domingo se disput\u00f3 la fecha coronaci\u00f3n para el Karting Provincial. El kart\u00f3dromo capitalino fue el escenario de la fecha culmine donde se definieron las cuatro categor\u00edas en disputa. Valentino Berti (Stihl 60 c.c.), Mat\u00edas Rodr\u00edguez (Cajeros 4 Tiempos), Franco Gim\u00e9nez (Zanella Master) y Joaqu\u00edn Pereira (Zanella Junior) los due\u00f1os del 2017. Intensas nevadas acompa\u00f1aron gran parte de la jornada. Presencia en Ushuaia del rosarino Edgardo Sacavino, propietario de Suky Kart, quien dio una charla a pilotos y preparadores.<!--more--><\/p>\n<p>Con diferentes escenarios en cada una de las categor\u00edas se definieron los campeones 2017. El segmento escuela, dominado por el campe\u00f3n Valentino Berti hace varias temporadas, era el de m\u00e1s f\u00e1cil resoluci\u00f3n pues solo se necesitaban una pocas unidades a favor de Berti para definirlo y as\u00ed sucedi\u00f3.<\/p>\n<p>Pole y serie para \u00e9l aunque en la final una falla mec\u00e1nica lo priv\u00f3 de la victoria, solo se dedic\u00f3 a terminar, lograr el t\u00edtulo y despedirse de la divisional.<\/p>\n<p><a href=\"http:\/\/labestiadeportiva.com\/lbd\/wp-content\/uploads\/2017\/11\/23795383_1650492921683903_6442241365917807906_n.jpg\"><img loading=\"lazy\" class=\"aligncenter size-medium wp-image-26477\" src=\"http:\/\/labestiadeportiva.com\/lbd\/wp-content\/uploads\/2017\/11\/23795383_1650492921683903_6442241365917807906_n-300x225.jpg\" alt=\"23795383_1650492921683903_6442241365917807906_n\" width=\"300\" height=\"225\" srcset=\"http:\/\/labestiadeportiva.com\/lbd\/wp-content\/uploads\/2017\/11\/23795383_1650492921683903_6442241365917807906_n-300x225.jpg 300w, http:\/\/labestiadeportiva.com\/lbd\/wp-content\/uploads\/2017\/11\/23795383_1650492921683903_6442241365917807906_n.jpg 960w\" sizes=\"(max-width: 300px) 100vw, 300px\" \/><\/a>Varios candidatos en la Zanella Junior, con Pereira, Buet y G\u00f3mez como los principales. Luego de las series la cosa quedaba m\u00e1s clara, Pereira o Buet quien llegara adelante ser\u00eda el campe\u00f3n.<\/p>\n<p>En la final Di Gennaro fue el vencedor, Pereira tercero, quinto Buet y el campeonato en manos de Joaqu\u00edn.<\/p>\n<p>En la Master la cosa era entre dos, Gim\u00e9nez o Mendoza. Este \u00faltimo ganaba la primera manga, Gim\u00e9nez la segunda mientras que en la final el ahora campe\u00f3n uso la calculadora termin\u00f3 por detr\u00e1s de Pavlov y Mendoza manej\u00f3 la diferencia de puntos y se qued\u00f3 con el t\u00edtulo.<\/p>\n<p><a href=\"http:\/\/labestiadeportiva.com\/lbd\/wp-content\/uploads\/2017\/11\/23843483_1650492965017232_5058285673743313232_n.jpg\"><img loading=\"lazy\" class=\"aligncenter size-medium wp-image-26478\" src=\"http:\/\/labestiadeportiva.com\/lbd\/wp-content\/uploads\/2017\/11\/23843483_1650492965017232_5058285673743313232_n-300x225.jpg\" alt=\"23843483_1650492965017232_5058285673743313232_n\" width=\"300\" height=\"225\" srcset=\"http:\/\/labestiadeportiva.com\/lbd\/wp-content\/uploads\/2017\/11\/23843483_1650492965017232_5058285673743313232_n-300x225.jpg 300w, http:\/\/labestiadeportiva.com\/lbd\/wp-content\/uploads\/2017\/11\/23843483_1650492965017232_5058285673743313232_n.jpg 960w\" sizes=\"(max-width: 300px) 100vw, 300px\" \/><\/a>Finalmente se complet\u00f3 el primer campeonato oficial de los Cajeros 4 Tiempos. D\u2019angelo, Rodr\u00edguez y C\u00e1rdenas los candidatos. Rodr\u00edguez se impuso en la primera serie, C\u00e1rdenas ganaba la segunda seguido del propio Rodr\u00edguez que empezaba a hacer diferencia de puntos a favor.<\/p>\n<p>La final fue un palo a palo entre \u201cMati\u201d y el \u201cChancho\u201d quienes cruzaron la meta casi juntos. Campeonato para Rodr\u00edguez y tel\u00f3n para una gran temporada de la APKU 2000 quen trabaj\u00f3 duro y prolijo tanto en pista como en lo administrativo. Felicitaciones para toda la Comisi\u00f3n Directiva.<\/p>\n<p><span style=\"color: #0000ff;\">Los podios finales por categor\u00edas<\/span><\/p>\n<p>Stihl 60 c.c.<\/p>\n<p><span style=\"color: #ff0000;\">1\u00b0 Valentino Berti 164.5 Pts.<\/span><\/p>\n<p>2\u00b0 Tom\u00e1s Russo 132.5<\/p>\n<p>3\u00b0 Santino Rossi 99<\/p>\n<p><a href=\"http:\/\/labestiadeportiva.com\/lbd\/wp-content\/uploads\/2017\/11\/23843491_1650492895017239_8617880246943593798_n.jpg\"><img loading=\"lazy\" class=\"aligncenter size-medium wp-image-26479\" src=\"http:\/\/labestiadeportiva.com\/lbd\/wp-content\/uploads\/2017\/11\/23843491_1650492895017239_8617880246943593798_n-300x225.jpg\" alt=\"23843491_1650492895017239_8617880246943593798_n\" width=\"300\" height=\"225\" srcset=\"http:\/\/labestiadeportiva.com\/lbd\/wp-content\/uploads\/2017\/11\/23843491_1650492895017239_8617880246943593798_n-300x225.jpg 300w, http:\/\/labestiadeportiva.com\/lbd\/wp-content\/uploads\/2017\/11\/23843491_1650492895017239_8617880246943593798_n.jpg 960w\" sizes=\"(max-width: 300px) 100vw, 300px\" \/><\/a><\/p>\n<p>Zanella 125 c.c. Junior<\/p>\n<p><span style=\"color: #ff0000;\">1\u00b0 Joaqu\u00edn Pereira 149<br \/>\n<\/span><\/p>\n<p>2\u00b0 Rafael Buet 142<\/p>\n<p>3\u00b0 Mart\u00edn G\u00f3mez 132<\/p>\n<p>&nbsp;<\/p>\n<p>Zanella 125 c.c.c Master<\/p>\n<p><span style=\"color: #ff0000;\">1\u00b0 Franco Gim\u00e9nez 170 Pts.<\/span><\/p>\n<p>2\u00b0 Alexis Mendoza 160<\/p>\n<p>3\u00b0 Pe\u00f1a Yerobi Racing 129<\/p>\n<p><a href=\"http:\/\/labestiadeportiva.com\/lbd\/wp-content\/uploads\/2017\/11\/23794942_1650492728350589_1161300994375717777_n.jpg\"><img loading=\"lazy\" class=\"aligncenter size-medium wp-image-26480\" src=\"http:\/\/labestiadeportiva.com\/lbd\/wp-content\/uploads\/2017\/11\/23794942_1650492728350589_1161300994375717777_n-300x225.jpg\" alt=\"23794942_1650492728350589_1161300994375717777_n\" width=\"300\" height=\"225\" srcset=\"http:\/\/labestiadeportiva.com\/lbd\/wp-content\/uploads\/2017\/11\/23794942_1650492728350589_1161300994375717777_n-300x225.jpg 300w, http:\/\/labestiadeportiva.com\/lbd\/wp-content\/uploads\/2017\/11\/23794942_1650492728350589_1161300994375717777_n.jpg 960w\" sizes=\"(max-width: 300px) 100vw, 300px\" \/><\/a><\/p>\n<p>Cajeros 4 Tiempos<\/p>\n<p><span style=\"color: #ff0000;\">1\u00b0 Mat\u00edas Rodr\u00edguez (La Fortaleza) 170 Pts.<\/span><\/p>\n<p>2\u00b0 Pe\u00f1a D\u2019angelo Racing 154<\/p>\n<p>3\u00b0 Pe\u00f1a Red Pig 153<\/p>\n<p><a href=\"http:\/\/labestiadeportiva.com\/lbd\/wp-content\/uploads\/2017\/11\/23754902_1650492755017253_4611493701981402464_n1.jpg\"><img loading=\"lazy\" class=\"aligncenter size-medium wp-image-26482\" src=\"http:\/\/labestiadeportiva.com\/lbd\/wp-content\/uploads\/2017\/11\/23754902_1650492755017253_4611493701981402464_n1-300x225.jpg\" alt=\"23754902_1650492755017253_4611493701981402464_n\" width=\"300\" height=\"225\" srcset=\"http:\/\/labestiadeportiva.com\/lbd\/wp-content\/uploads\/2017\/11\/23754902_1650492755017253_4611493701981402464_n1-300x225.jpg 300w, http:\/\/labestiadeportiva.com\/lbd\/wp-content\/uploads\/2017\/11\/23754902_1650492755017253_4611493701981402464_n1.jpg 960w\" sizes=\"(max-width: 300px) 100vw, 300px\" \/><\/a><\/p>\n<p>&nbsp;<\/p>\n<div class='epvc-post-count'><span class='epvc-eye'><\/span>  <span class=\"epvc-count\"> 1.191<\/span><span class='epvc-label'> veces le\u00edda<\/span><\/div>\n<div class=\"jwsharethis\">\nShare this: \n<br \/>\n<a href=\"mailto:?subject=Campeones%20bajo%20la%20nieve&amp;body=http%3A%2F%2Flabestiadeportiva.com%2Flbd%2Fcampeones-bajo-la-nieve%2F\">\n<img src=\"http:\/\/labestiadeportiva.com\/lbd\/wp-content\/plugins\/jw-share-this\/email.png\" alt=\"Share this page via Email\" \/>\n<\/a>\n<a target=\"_blank\" href=\"http:\/\/www.stumbleupon.com\/submit?url=http%3A%2F%2Flabestiadeportiva.com%2Flbd%2Fcampeones-bajo-la-nieve%2F&amp;title=Campeones+bajo+la+nieve\">\n<img src=\"http:\/\/labestiadeportiva.com\/lbd\/wp-content\/plugins\/jw-share-this\/su.png\" alt=\"Share this page via Stumble Upon\" \/>\n<\/a>\n<a target=\"_blank\" href=\"http:\/\/digg.com\/submit?url=http%3A%2F%2Flabestiadeportiva.com%2Flbd%2Fcampeones-bajo-la-nieve%2F&amp;title=Campeones+bajo+la+nieve\">\n<img src=\"http:\/\/labestiadeportiva.com\/lbd\/wp-content\/plugins\/jw-share-this\/digg.png\" alt=\"Share this page via Digg this\" \/>\n<\/a>\n<a target=\"_blank\" href=\"http:\/\/www.facebook.com\/sharer.php?u=http%3A%2F%2Flabestiadeportiva.com%2Flbd%2Fcampeones-bajo-la-nieve%2F&amp;t=Campeones+bajo+la+nieve\">\n<img src=\"http:\/\/labestiadeportiva.com\/lbd\/wp-content\/plugins\/jw-share-this\/fb.png\" alt=\"Share this page via Facebook\" \/>\n<\/a>\n<a target=\"_blank\" href=\"http:\/\/twitter.com\/intent\/tweet?text=I+like+http%3A%2F%2Flabestiadeportiva.com%2Flbd%2Fcampeones-bajo-la-nieve%2F&amp;title=Campeones+bajo+la+nieve\">\n<img src=\"http:\/\/labestiadeportiva.com\/lbd\/wp-content\/plugins\/jw-share-this\/twitter.png\" alt=\"Share this page via Twitter\" \/>\n<\/a>\n<\/div>\n","protected":false},"excerpt":{"rendered":"<p>El domingo se disput\u00f3 la fecha coronaci\u00f3n para el Karting Provincial. El kart\u00f3dromo capitalino fue el escenario de la fecha culmine donde se definieron las cuatro categor\u00edas en disputa. Valentino Berti (Stihl 60 c.c.), Mat\u00edas Rodr\u00edguez (Cajeros 4 Tiempos), Franco Gim\u00e9nez (Zanella Master) y Joaqu\u00edn Pereira (Zanella Junior) los due\u00f1os del 2017. Intensas nevadas acompa\u00f1aron &hellip; <a href=\"http:\/\/labestiadeportiva.com\/lbd\/campeones-bajo-la-nieve\/\" class=\"more-link\">Seguir leyendo <span class=\"screen-reader-text\">Campeones bajo la nieve<\/span> <span class=\"meta-nav\">&rarr;<\/span><\/a><\/p>\n","protected":false},"author":1,"featured_media":26481,"comment_status":"open","ping_status":"open","sticky":false,"template":"","format":"standard","meta":[],"categories":[5,2152,1],"tags":[1048,3394,280,83],"_links":{"self":[{"href":"http:\/\/labestiadeportiva.com\/lbd\/wp-json\/wp\/v2\/posts\/26475"}],"collection":[{"href":"http:\/\/labestiadeportiva.com\/lbd\/wp-json\/wp\/v2\/posts"}],"about":[{"href":"http:\/\/labestiadeportiva.com\/lbd\/wp-json\/wp\/v2\/types\/post"}],"author":[{"embeddable":true,"href":"http:\/\/labestiadeportiva.com\/lbd\/wp-json\/wp\/v2\/users\/1"}],"replies":[{"embeddable":true,"href":"http:\/\/labestiadeportiva.com\/lbd\/wp-json\/wp\/v2\/comments?post=26475"}],"version-history":[{"count":4,"href":"http:\/\/labestiadeportiva.com\/lbd\/wp-json\/wp\/v2\/posts\/26475\/revisions"}],"predecessor-version":[{"id":26488,"href":"http:\/\/labestiadeportiva.com\/lbd\/wp-json\/wp\/v2\/posts\/26475\/revisions\/26488"}],"wp:featuredmedia":[{"embeddable":true,"href":"http:\/\/labestiadeportiva.com\/lbd\/wp-json\/wp\/v2\/media\/26481"}],"wp:attachment":[{"href":"http:\/\/labestiadeportiva.com\/lbd\/wp-json\/wp\/v2\/media?parent=26475"}],"wp:term":[{"taxonomy":"category","embeddable":true,"href":"http:\/\/labestiadeportiva.com\/lbd\/wp-json\/wp\/v2\/categories?post=26475"},{"taxonomy":"post_tag","embeddable":true,"href":"http:\/\/labestiadeportiva.com\/lbd\/wp-json\/wp\/v2\/tags?post=26475"}],"curies":[{"name":"wp","href":"https:\/\/api.w.org\/{rel}","templated":true}]}}