{"id":26847,"date":"2018-01-08T12:14:05","date_gmt":"2018-01-08T15:14:05","guid":{"rendered":"http:\/\/labestiadeportiva.com\/lbd\/?p=26847"},"modified":"2018-01-08T12:14:05","modified_gmt":"2018-01-08T15:14:05","slug":"lideres-con-nombres-propios","status":"publish","type":"post","link":"http:\/\/labestiadeportiva.com\/lbd\/lideres-con-nombres-propios\/","title":{"rendered":"Lideres con nombres propios"},"content":{"rendered":"<p><a href=\"http:\/\/labestiadeportiva.com\/lbd\/wp-content\/uploads\/2018\/01\/dakar-2018-etapa-2-declaraciones-201842654_2.jpg\"><img loading=\"lazy\" class=\"aligncenter size-medium wp-image-26848\" src=\"http:\/\/labestiadeportiva.com\/lbd\/wp-content\/uploads\/2018\/01\/dakar-2018-etapa-2-declaraciones-201842654_2-300x200.jpg\" alt=\"dakar-2018-etapa-2-declaraciones-201842654_2\" width=\"300\" height=\"200\" srcset=\"http:\/\/labestiadeportiva.com\/lbd\/wp-content\/uploads\/2018\/01\/dakar-2018-etapa-2-declaraciones-201842654_2-300x200.jpg 300w, http:\/\/labestiadeportiva.com\/lbd\/wp-content\/uploads\/2018\/01\/dakar-2018-etapa-2-declaraciones-201842654_2.jpg 652w\" sizes=\"(max-width: 300px) 100vw, 300px\" \/><\/a>En la primera etapa real de carrera, la segunda seg\u00fan el cronograma de competencia Pisco\/Pisco corrida este domingo, donde se efectuaron m\u00e1s de 250 kil\u00f3metros, el experimentado piloto espa\u00f1ol de las motos Joan Barreda Bort fue el mejor, en quads el \u00abperro\u00bb Ignacio Casale no afloj\u00f3 su ritmo inicial, Cyril Despres con el Peugueot domin\u00f3 en los autos, entre los trucks el campe\u00f3n ruso Nikolaev dijo aqu\u00ed estoy mientras que finalmente en UTV, ahora llamado SxS, el brasilero del CAN AM se adjudic\u00f3 el segmento. De esta forma la clasificaci\u00f3n general por categor\u00eda hasta el momento es liderada por Barreda Bort, Ignacio Casale, Cyril Despres, Nikolaev y Uribe Ramos. Este lunes se disputar\u00e1 Pisco\/San Juan de Marcona.<!--more--><\/p>\n<p>La jornada dominguera present\u00f3 un interesante desaf\u00edo donde por primera vez desde que se encendieron los motores abr\u00eda por delante una interesante cantidad de kil\u00f3metros por delante con un recorrido de casi 90% de fuera de pista donde piloto, veh\u00edculo y equipo de navegaci\u00f3n debe ser uno solo.<\/p>\n<p>Apareci\u00f3 el espa\u00f1ol Barreda Bort quien vol\u00f3 con su Honda para establecer 2h 56\u00b444\u00b4\u00b4, Van Bereven fue su escolta a poco m\u00e1s de tres minutos completando el provisional podio Walkner a casi cinco minutos del vencedor.<\/p>\n<p><a href=\"http:\/\/labestiadeportiva.com\/lbd\/wp-content\/uploads\/2018\/01\/dakar-2018-etapa-2-despres-lidera-contragolpe-peugeot-201842649_3.jpg\"><img loading=\"lazy\" class=\"aligncenter size-medium wp-image-26849\" src=\"http:\/\/labestiadeportiva.com\/lbd\/wp-content\/uploads\/2018\/01\/dakar-2018-etapa-2-despres-lidera-contragolpe-peugeot-201842649_3-300x200.jpg\" alt=\"dakar-2018-etapa-2-despres-lidera-contragolpe-peugeot-201842649_3\" width=\"300\" height=\"200\" srcset=\"http:\/\/labestiadeportiva.com\/lbd\/wp-content\/uploads\/2018\/01\/dakar-2018-etapa-2-despres-lidera-contragolpe-peugeot-201842649_3-300x200.jpg 300w, http:\/\/labestiadeportiva.com\/lbd\/wp-content\/uploads\/2018\/01\/dakar-2018-etapa-2-despres-lidera-contragolpe-peugeot-201842649_3.jpg 652w\" sizes=\"(max-width: 300px) 100vw, 300px\" \/><\/a>Dentro de los Quads Ignacio \u00abPerro\u00bb Casale sigue mostrando los colmillos, segunda etapa para \u00e9l en esta oportunidad en 3h 37\u00b445\u00b4\u00b4 con el ganador del a\u00f1o pasado por detr\u00e1s, Kariakin, quien finaliz\u00f3 a menos de un minuto.<\/p>\n<p>Tercero fue el argentino Gonz\u00e1lez a casi cuatro minutos del vencedor. En esta categor\u00eda hasta el momento lo de los argentinos es excelente, cinco de ellos entre los primeros diez, Gonz\u00e1lez, Copetti, Cavigliasso, Gallego y Gonz\u00e1lez Ferioli.<\/p>\n<p>En autos no hay tregua con predominio de Peugeot. Despres gan\u00f3 en 2h 56\u00b451\u00b4\u00b4, termin\u00f3 a 48\u00b4\u00b4 mientras que Loeb fue tercero a poco mas de tres minutos del vencedor.<\/p>\n<p>El campe\u00f3n de los camiones tom\u00f3 la delantera. El trinomio ruso comandado por Nikolaev se impuso en 3h 24\u00b423\u00b4\u00b4, el Iveco de Villagra fue escolta a 3\u00b425\u00b4\u00b4siendo tercero Loprais a 6 minutos del lider.<\/p>\n<p>Finalmente en SxS venci\u00f3 el brasile\u00f1o Varela en 4h 18\u00b444\u00b4\u00b4, el puntero Uribe Ramos fue segundo y Garrouste ocup\u00f3 el tercer lugar.<\/p>\n<p>Esto recien comienza y este lunes, etapa 3, se saldr\u00e1 de Pisco para dirigirse a San Juan de Marcona.<\/p>\n<p><a href=\"http:\/\/labestiadeportiva.com\/lbd\/wp-content\/uploads\/2018\/01\/images.jpg\"><img loading=\"lazy\" class=\"aligncenter size-full wp-image-26850\" src=\"http:\/\/labestiadeportiva.com\/lbd\/wp-content\/uploads\/2018\/01\/images.jpg\" alt=\"images\" width=\"275\" height=\"183\" \/><\/a><\/p>\n<div class='epvc-post-count'><span class='epvc-eye'><\/span>  <span class=\"epvc-count\"> 1.372<\/span><span class='epvc-label'> veces le\u00edda<\/span><\/div>\n<div class=\"jwsharethis\">\nShare this: \n<br \/>\n<a href=\"mailto:?subject=Lideres%20con%20nombres%20propios&amp;body=http%3A%2F%2Flabestiadeportiva.com%2Flbd%2Flideres-con-nombres-propios%2F\">\n<img src=\"http:\/\/labestiadeportiva.com\/lbd\/wp-content\/plugins\/jw-share-this\/email.png\" alt=\"Share this page via Email\" \/>\n<\/a>\n<a target=\"_blank\" href=\"http:\/\/www.stumbleupon.com\/submit?url=http%3A%2F%2Flabestiadeportiva.com%2Flbd%2Flideres-con-nombres-propios%2F&amp;title=Lideres+con+nombres+propios\">\n<img src=\"http:\/\/labestiadeportiva.com\/lbd\/wp-content\/plugins\/jw-share-this\/su.png\" alt=\"Share this page via Stumble Upon\" \/>\n<\/a>\n<a target=\"_blank\" href=\"http:\/\/digg.com\/submit?url=http%3A%2F%2Flabestiadeportiva.com%2Flbd%2Flideres-con-nombres-propios%2F&amp;title=Lideres+con+nombres+propios\">\n<img src=\"http:\/\/labestiadeportiva.com\/lbd\/wp-content\/plugins\/jw-share-this\/digg.png\" alt=\"Share this page via Digg this\" \/>\n<\/a>\n<a target=\"_blank\" href=\"http:\/\/www.facebook.com\/sharer.php?u=http%3A%2F%2Flabestiadeportiva.com%2Flbd%2Flideres-con-nombres-propios%2F&amp;t=Lideres+con+nombres+propios\">\n<img src=\"http:\/\/labestiadeportiva.com\/lbd\/wp-content\/plugins\/jw-share-this\/fb.png\" alt=\"Share this page via Facebook\" \/>\n<\/a>\n<a target=\"_blank\" href=\"http:\/\/twitter.com\/intent\/tweet?text=I+like+http%3A%2F%2Flabestiadeportiva.com%2Flbd%2Flideres-con-nombres-propios%2F&amp;title=Lideres+con+nombres+propios\">\n<img src=\"http:\/\/labestiadeportiva.com\/lbd\/wp-content\/plugins\/jw-share-this\/twitter.png\" alt=\"Share this page via Twitter\" \/>\n<\/a>\n<\/div>\n","protected":false},"excerpt":{"rendered":"<p>En la primera etapa real de carrera, la segunda seg\u00fan el cronograma de competencia Pisco\/Pisco corrida este domingo, donde se efectuaron m\u00e1s de 250 kil\u00f3metros, el experimentado piloto espa\u00f1ol de las motos Joan Barreda Bort fue el mejor, en quads el \u00abperro\u00bb Ignacio Casale no afloj\u00f3 su ritmo inicial, Cyril Despres con el Peugueot domin\u00f3 &hellip; <a href=\"http:\/\/labestiadeportiva.com\/lbd\/lideres-con-nombres-propios\/\" class=\"more-link\">Seguir leyendo <span class=\"screen-reader-text\">Lideres con nombres propios<\/span> <span class=\"meta-nav\">&rarr;<\/span><\/a><\/p>\n","protected":false},"author":1,"featured_media":26850,"comment_status":"open","ping_status":"open","sticky":false,"template":"","format":"standard","meta":[],"categories":[2176,3434,3032,3435],"tags":[3437,3445,83,3446],"_links":{"self":[{"href":"http:\/\/labestiadeportiva.com\/lbd\/wp-json\/wp\/v2\/posts\/26847"}],"collection":[{"href":"http:\/\/labestiadeportiva.com\/lbd\/wp-json\/wp\/v2\/posts"}],"about":[{"href":"http:\/\/labestiadeportiva.com\/lbd\/wp-json\/wp\/v2\/types\/post"}],"author":[{"embeddable":true,"href":"http:\/\/labestiadeportiva.com\/lbd\/wp-json\/wp\/v2\/users\/1"}],"replies":[{"embeddable":true,"href":"http:\/\/labestiadeportiva.com\/lbd\/wp-json\/wp\/v2\/comments?post=26847"}],"version-history":[{"count":1,"href":"http:\/\/labestiadeportiva.com\/lbd\/wp-json\/wp\/v2\/posts\/26847\/revisions"}],"predecessor-version":[{"id":26851,"href":"http:\/\/labestiadeportiva.com\/lbd\/wp-json\/wp\/v2\/posts\/26847\/revisions\/26851"}],"wp:featuredmedia":[{"embeddable":true,"href":"http:\/\/labestiadeportiva.com\/lbd\/wp-json\/wp\/v2\/media\/26850"}],"wp:attachment":[{"href":"http:\/\/labestiadeportiva.com\/lbd\/wp-json\/wp\/v2\/media?parent=26847"}],"wp:term":[{"taxonomy":"category","embeddable":true,"href":"http:\/\/labestiadeportiva.com\/lbd\/wp-json\/wp\/v2\/categories?post=26847"},{"taxonomy":"post_tag","embeddable":true,"href":"http:\/\/labestiadeportiva.com\/lbd\/wp-json\/wp\/v2\/tags?post=26847"}],"curies":[{"name":"wp","href":"https:\/\/api.w.org\/{rel}","templated":true}]}}