{"id":26852,"date":"2018-01-09T14:44:30","date_gmt":"2018-01-09T17:44:30","guid":{"rendered":"http:\/\/labestiadeportiva.com\/lbd\/?p=26852"},"modified":"2018-01-09T14:45:51","modified_gmt":"2018-01-09T17:45:51","slug":"duro-comienzo-de-semana","status":"publish","type":"post","link":"http:\/\/labestiadeportiva.com\/lbd\/duro-comienzo-de-semana\/","title":{"rendered":"Duro comienzo de semana"},"content":{"rendered":"<p><a href=\"http:\/\/labestiadeportiva.com\/lbd\/wp-content\/uploads\/2018\/01\/dakar-2018-nasser-al-attiyah-gano-tercera-etapa-rally-coches-603x339-432420.jpg\"><img loading=\"lazy\" class=\"aligncenter size-medium wp-image-26853\" src=\"http:\/\/labestiadeportiva.com\/lbd\/wp-content\/uploads\/2018\/01\/dakar-2018-nasser-al-attiyah-gano-tercera-etapa-rally-coches-603x339-432420-300x169.jpg\" alt=\"dakar-2018-nasser-al-attiyah-gano-tercera-etapa-rally-coches-603x339-432420\" width=\"300\" height=\"169\" srcset=\"http:\/\/labestiadeportiva.com\/lbd\/wp-content\/uploads\/2018\/01\/dakar-2018-nasser-al-attiyah-gano-tercera-etapa-rally-coches-603x339-432420-300x169.jpg 300w, http:\/\/labestiadeportiva.com\/lbd\/wp-content\/uploads\/2018\/01\/dakar-2018-nasser-al-attiyah-gano-tercera-etapa-rally-coches-603x339-432420.jpg 603w\" sizes=\"(max-width: 300px) 100vw, 300px\" \/><\/a>Se disput\u00f3 este lunes el especial n\u00famero 3, Pisco\/San Juan de Marcona, donde los accidentes y deserciones estuvieron al orden del d\u00eda. Sunderland (Motos), Casale (Quads), Al Attiyah (Autos), Villagra (Trucks) y Uribe Ramos (SxS) ganaron sus segmentos. El abandono m\u00e1s importante fue el de Nani Roma mientras que la argentina Alicia Reyna tuvo que desistir por el incendio en su Toyota producto de una p\u00e9rdida de combustible. \u00a0En cuanto a los lideres hasta el momento Sunderland manda en motos con 6h 44\u00b423\u00b4\u00b4, Ignacio Casale entre los Quads en 8h 03\u00b425\u00b4\u00b4, Stephane Peterhansel dentro de los autos 6h 34\u00b458\u00b4\u00b4,\u00a0 Eduard Nikolaev \u00a0marca el rumbo entre los camiones en 7h 47\u00b419\u00b4\u00b4 y el peruano Uribe Ramos comanda los SxS con 9h 48\u00b421\u00b4\u00b4 como registro. Este martes la etapa 4 ser\u00e1 San Juan de Marcona\/San Juan de Marcona.<!--more--><\/p>\n<p>Especial con interesante lucha para las motos entre Sunderland y el compatriota Kevin Benavides donde la KTM del ingl\u00e9s se impuso a la Honda del argento por tan solo tres minutos siendo tercero Toby Price quien finaliz\u00f3 a 3\u00b428\u00b4\u00b4 del vencedor de la etapa. En cuanto al provisorio podio general hasta el momento est\u00e1 constituido con Sunderland, Kevin Benavides y el chileno Pablo Quintanilla.<\/p>\n<p><a href=\"http:\/\/labestiadeportiva.com\/lbd\/wp-content\/uploads\/2018\/01\/rkM96WZVG_930x525__1-2oesq8kl8ujg.jpg\"><img loading=\"lazy\" class=\"aligncenter size-medium wp-image-26854\" src=\"http:\/\/labestiadeportiva.com\/lbd\/wp-content\/uploads\/2018\/01\/rkM96WZVG_930x525__1-2oesq8kl8ujg-300x169.jpg\" alt=\"rkM96WZVG_930x525__1-2oesq8kl8ujg\" width=\"300\" height=\"169\" srcset=\"http:\/\/labestiadeportiva.com\/lbd\/wp-content\/uploads\/2018\/01\/rkM96WZVG_930x525__1-2oesq8kl8ujg-300x169.jpg 300w, http:\/\/labestiadeportiva.com\/lbd\/wp-content\/uploads\/2018\/01\/rkM96WZVG_930x525__1-2oesq8kl8ujg.jpg 930w\" sizes=\"(max-width: 300px) 100vw, 300px\" \/><\/a>En los quads contin\u00faa s\u00f3lido Ignacio \u201cPerro\u201d Casale, a decir verdad desde que se puso en marcha la competencia y estirando diferencias, volvi\u00f3 a ganar un especial secundado por Alexis Hern\u00e1ndez y el argentino Pablo Copetti. \u00a0Casale comanda la general con Kariakin y Copetti por detr\u00e1s, el m\u00e1s cercano a 26 minutos.<\/p>\n<p>Apareci\u00f3 el pr\u00edncipe qatar\u00ed entre los autos. Gan\u00f3 la etapa con su Toyota escoltado por \u201cMonsieur Dakar\u201d \u00a0Peterhansel\u00a0 y \u00a0\u00a0\u201cEl Matador\u201d Carlos \u00a0Sainz ambos con Peugeot. Peterhansel lidera la general con Despres y Al Attiyah por detr\u00e1s a 3 y casi 8 minutos respectivamente.<\/p>\n<p>El \u201cCoyote\u201d Villagra con el Iveco gan\u00f3 su primer especial de la prueba entre los trucks, los rusos de los Kamaz fueron sus laderos, el campe\u00f3n Nikolaev y Mardeev. Nikolaev es puntero de la general con el argentino Villagra sigui\u00e9ndolo a casi 9 minutos completando el podio Vishneuski.<\/p>\n<p>Finalmente entre los SxS Uribe Ramos con su CAN AM se qued\u00f3 con la etapa con los franceses de los Polaris, Garrouste y \u00a0\u00a0Fournier por detr\u00e1s. El peruano est\u00e1 firme en la clasificaci\u00f3n general \u00a0Garrouste es segundo mientras que otro peruano Aliaga ocupa la tercera posici\u00f3n.<\/p>\n<p>Este martes el especial 4 ser\u00e1 San Juan de Marcona\/San Juan de Marcona, recorrido con 330 kil\u00f3metros cronometrados y 114 de enlace.<\/p>\n<p><a href=\"http:\/\/labestiadeportiva.com\/lbd\/wp-content\/uploads\/2018\/01\/HJ1saMgVG_930x525__1.jpg\"><img loading=\"lazy\" class=\"aligncenter size-medium wp-image-26855\" src=\"http:\/\/labestiadeportiva.com\/lbd\/wp-content\/uploads\/2018\/01\/HJ1saMgVG_930x525__1-300x169.jpg\" alt=\"HJ1saMgVG_930x525__1\" width=\"300\" height=\"169\" srcset=\"http:\/\/labestiadeportiva.com\/lbd\/wp-content\/uploads\/2018\/01\/HJ1saMgVG_930x525__1-300x169.jpg 300w, http:\/\/labestiadeportiva.com\/lbd\/wp-content\/uploads\/2018\/01\/HJ1saMgVG_930x525__1.jpg 930w\" sizes=\"(max-width: 300px) 100vw, 300px\" \/><\/a><\/p>\n<div class='epvc-post-count'><span class='epvc-eye'><\/span>  <span class=\"epvc-count\"> 1.251<\/span><span class='epvc-label'> veces le\u00edda<\/span><\/div>\n<div class=\"jwsharethis\">\nShare this: \n<br \/>\n<a href=\"mailto:?subject=Duro%20comienzo%20de%20semana&amp;body=http%3A%2F%2Flabestiadeportiva.com%2Flbd%2Fduro-comienzo-de-semana%2F\">\n<img src=\"http:\/\/labestiadeportiva.com\/lbd\/wp-content\/plugins\/jw-share-this\/email.png\" alt=\"Share this page via Email\" \/>\n<\/a>\n<a target=\"_blank\" href=\"http:\/\/www.stumbleupon.com\/submit?url=http%3A%2F%2Flabestiadeportiva.com%2Flbd%2Fduro-comienzo-de-semana%2F&amp;title=Duro+comienzo+de+semana\">\n<img src=\"http:\/\/labestiadeportiva.com\/lbd\/wp-content\/plugins\/jw-share-this\/su.png\" alt=\"Share this page via Stumble Upon\" \/>\n<\/a>\n<a target=\"_blank\" href=\"http:\/\/digg.com\/submit?url=http%3A%2F%2Flabestiadeportiva.com%2Flbd%2Fduro-comienzo-de-semana%2F&amp;title=Duro+comienzo+de+semana\">\n<img src=\"http:\/\/labestiadeportiva.com\/lbd\/wp-content\/plugins\/jw-share-this\/digg.png\" alt=\"Share this page via Digg this\" \/>\n<\/a>\n<a target=\"_blank\" href=\"http:\/\/www.facebook.com\/sharer.php?u=http%3A%2F%2Flabestiadeportiva.com%2Flbd%2Fduro-comienzo-de-semana%2F&amp;t=Duro+comienzo+de+semana\">\n<img src=\"http:\/\/labestiadeportiva.com\/lbd\/wp-content\/plugins\/jw-share-this\/fb.png\" alt=\"Share this page via Facebook\" \/>\n<\/a>\n<a target=\"_blank\" href=\"http:\/\/twitter.com\/intent\/tweet?text=I+like+http%3A%2F%2Flabestiadeportiva.com%2Flbd%2Fduro-comienzo-de-semana%2F&amp;title=Duro+comienzo+de+semana\">\n<img src=\"http:\/\/labestiadeportiva.com\/lbd\/wp-content\/plugins\/jw-share-this\/twitter.png\" alt=\"Share this page via Twitter\" \/>\n<\/a>\n<\/div>\n","protected":false},"excerpt":{"rendered":"<p>Se disput\u00f3 este lunes el especial n\u00famero 3, Pisco\/San Juan de Marcona, donde los accidentes y deserciones estuvieron al orden del d\u00eda. Sunderland (Motos), Casale (Quads), Al Attiyah (Autos), Villagra (Trucks) y Uribe Ramos (SxS) ganaron sus segmentos. El abandono m\u00e1s importante fue el de Nani Roma mientras que la argentina Alicia Reyna tuvo que &hellip; <a href=\"http:\/\/labestiadeportiva.com\/lbd\/duro-comienzo-de-semana\/\" class=\"more-link\">Seguir leyendo <span class=\"screen-reader-text\">Duro comienzo de semana<\/span> <span class=\"meta-nav\">&rarr;<\/span><\/a><\/p>\n","protected":false},"author":1,"featured_media":26853,"comment_status":"open","ping_status":"open","sticky":false,"template":"","format":"standard","meta":[],"categories":[2176,3434,3032,1,3435],"tags":[3437,2934,83,3438],"_links":{"self":[{"href":"http:\/\/labestiadeportiva.com\/lbd\/wp-json\/wp\/v2\/posts\/26852"}],"collection":[{"href":"http:\/\/labestiadeportiva.com\/lbd\/wp-json\/wp\/v2\/posts"}],"about":[{"href":"http:\/\/labestiadeportiva.com\/lbd\/wp-json\/wp\/v2\/types\/post"}],"author":[{"embeddable":true,"href":"http:\/\/labestiadeportiva.com\/lbd\/wp-json\/wp\/v2\/users\/1"}],"replies":[{"embeddable":true,"href":"http:\/\/labestiadeportiva.com\/lbd\/wp-json\/wp\/v2\/comments?post=26852"}],"version-history":[{"count":2,"href":"http:\/\/labestiadeportiva.com\/lbd\/wp-json\/wp\/v2\/posts\/26852\/revisions"}],"predecessor-version":[{"id":26857,"href":"http:\/\/labestiadeportiva.com\/lbd\/wp-json\/wp\/v2\/posts\/26852\/revisions\/26857"}],"wp:featuredmedia":[{"embeddable":true,"href":"http:\/\/labestiadeportiva.com\/lbd\/wp-json\/wp\/v2\/media\/26853"}],"wp:attachment":[{"href":"http:\/\/labestiadeportiva.com\/lbd\/wp-json\/wp\/v2\/media?parent=26852"}],"wp:term":[{"taxonomy":"category","embeddable":true,"href":"http:\/\/labestiadeportiva.com\/lbd\/wp-json\/wp\/v2\/categories?post=26852"},{"taxonomy":"post_tag","embeddable":true,"href":"http:\/\/labestiadeportiva.com\/lbd\/wp-json\/wp\/v2\/tags?post=26852"}],"curies":[{"name":"wp","href":"https:\/\/api.w.org\/{rel}","templated":true}]}}