{"id":27147,"date":"2018-02-15T17:00:46","date_gmt":"2018-02-15T20:00:46","guid":{"rendered":"http:\/\/labestiadeportiva.com\/lbd\/?p=27147"},"modified":"2018-02-15T17:00:46","modified_gmt":"2018-02-15T20:00:46","slug":"buenas-noticias-del-ushuaia-snowboard-team","status":"publish","type":"post","link":"http:\/\/labestiadeportiva.com\/lbd\/buenas-noticias-del-ushuaia-snowboard-team\/","title":{"rendered":"Buenas noticias del Ushuaia Snowboard Team"},"content":{"rendered":"<p>Por Diego Linares (Especial para LBD desde Catalunya)<\/p>\n<p><a href=\"http:\/\/labestiadeportiva.com\/lbd\/wp-content\/uploads\/2018\/02\/28055951_1738656779534183_1109825261724543002_n.jpg\"><img loading=\"lazy\" class=\"aligncenter size-medium wp-image-27159\" src=\"http:\/\/labestiadeportiva.com\/lbd\/wp-content\/uploads\/2018\/02\/28055951_1738656779534183_1109825261724543002_n-300x225.jpg\" alt=\"28055951_1738656779534183_1109825261724543002_n\" width=\"300\" height=\"225\" srcset=\"http:\/\/labestiadeportiva.com\/lbd\/wp-content\/uploads\/2018\/02\/28055951_1738656779534183_1109825261724543002_n-300x225.jpg 300w, http:\/\/labestiadeportiva.com\/lbd\/wp-content\/uploads\/2018\/02\/28055951_1738656779534183_1109825261724543002_n.jpg 960w\" sizes=\"(max-width: 300px) 100vw, 300px\" \/><\/a>Contin\u00faa en el viejo continente el joven plantel a cargo del entrenador Diego Linares. Agustina Pardo, Dante Vera, Bautista Mazzone, Juli\u00e1n L\u00f3pez, Gian Luca Di Giorgio y Enzo Mair entrenan y compiten en el invierno europeo. Compartimos la cr\u00f3nica de su formador con las \u00faltimas novedades.<\/p>\n<p><span style=\"color: #0000ff;\"><a href=\"http:\/\/labestiadeportiva.com\/lbd\/wp-content\/uploads\/2018\/02\/28056558_1738656636200864_6252362823129751151_n.jpg\"><img loading=\"lazy\" class=\"aligncenter size-medium wp-image-27158\" src=\"http:\/\/labestiadeportiva.com\/lbd\/wp-content\/uploads\/2018\/02\/28056558_1738656636200864_6252362823129751151_n-300x281.jpg\" alt=\"28056558_1738656636200864_6252362823129751151_n\" width=\"300\" height=\"281\" srcset=\"http:\/\/labestiadeportiva.com\/lbd\/wp-content\/uploads\/2018\/02\/28056558_1738656636200864_6252362823129751151_n-300x281.jpg 300w, http:\/\/labestiadeportiva.com\/lbd\/wp-content\/uploads\/2018\/02\/28056558_1738656636200864_6252362823129751151_n.jpg 546w\" sizes=\"(max-width: 300px) 100vw, 300px\" \/><\/a>\u201cHola Mart\u00edn, Te cuento que estamos realmente muy bien, entrenando de lujo, aunque esta semana bajamos un poco la intensidad ya que el viernes pasado regresamos de la gira de competencias en los Alpes.<\/span><\/p>\n<p><span style=\"color: #0000ff;\">Tuvimos muy buenos resultados, y a su vez sumamos mucha experiencia en los eventos qu\u00e9 participamos. La an\u00e9cdota de este viaje es haber podido participar representando a la Argentina en los 1\u00ba Juegos de invierno de la ISF (International School Federation), una especie de olimpiadas intercolegial a nivel mundial.<\/span><\/p>\n<p><span style=\"color: #0000ff;\"><a href=\"http:\/\/labestiadeportiva.com\/lbd\/wp-content\/uploads\/2018\/02\/28058386_1738656826200845_8821236875486970346_n.jpg\"><img loading=\"lazy\" class=\"aligncenter size-medium wp-image-27151\" src=\"http:\/\/labestiadeportiva.com\/lbd\/wp-content\/uploads\/2018\/02\/28058386_1738656826200845_8821236875486970346_n-287x300.jpg\" alt=\"28058386_1738656826200845_8821236875486970346_n\" width=\"287\" height=\"300\" srcset=\"http:\/\/labestiadeportiva.com\/lbd\/wp-content\/uploads\/2018\/02\/28058386_1738656826200845_8821236875486970346_n-287x300.jpg 287w, http:\/\/labestiadeportiva.com\/lbd\/wp-content\/uploads\/2018\/02\/28058386_1738656826200845_8821236875486970346_n.jpg 720w\" sizes=\"(max-width: 287px) 100vw, 287px\" \/><\/a>Formamos parte como delegaci\u00f3n invitada, ya que Argentina no es pa\u00eds miembro, pero gracias a unas gestiones que pude realizar, debido a que esa fecha la ten\u00edamos en el calendario planificado, nos dieron la posibilidad de estar, trat\u00e1ndonos muy bien y con el plus de que logramos dos podios en el BIG AIR, Enzo Mair 2\u00ba y Dante Vera 3\u00ba, m\u00e1s un 4\u00ba y 5\u00ba lugar en SBX.<\/span><\/p>\n<p><span style=\"color: #0000ff;\">El fin de semana venidero tendremos competencia en la Copa Espa\u00f1a, en La Molina, a unos pocos kil\u00f3metros de donde estamos\u00a0 por esto es una actividad que no ten\u00edamos organizada pero que no queremos dejar pasar.<\/span><\/p>\n<p><span style=\"color: #0000ff;\"><a href=\"http:\/\/labestiadeportiva.com\/lbd\/wp-content\/uploads\/2018\/02\/27752519_1738656666200861_5355592015232490169_n.jpg\"><img loading=\"lazy\" class=\"aligncenter size-medium wp-image-27153\" src=\"http:\/\/labestiadeportiva.com\/lbd\/wp-content\/uploads\/2018\/02\/27752519_1738656666200861_5355592015232490169_n-300x282.jpg\" alt=\"27752519_1738656666200861_5355592015232490169_n\" width=\"300\" height=\"282\" srcset=\"http:\/\/labestiadeportiva.com\/lbd\/wp-content\/uploads\/2018\/02\/27752519_1738656666200861_5355592015232490169_n-300x282.jpg 300w, http:\/\/labestiadeportiva.com\/lbd\/wp-content\/uploads\/2018\/02\/27752519_1738656666200861_5355592015232490169_n.jpg 508w\" sizes=\"(max-width: 300px) 100vw, 300px\" \/><\/a>El \u00faltimo compromiso deportivo ser\u00e1 en poco m\u00e1s de una semana en Andorra donde tenemos dos SBX FIS, a los que vamos a ir a buscar un buen rendimiento y a seguir sumando experiencia en la m\u00e1xima categor\u00eda.<\/span><\/p>\n<p><span style=\"color: #0000ff;\">Tenemos planificado volver el lunes 26 de febrero, ya en Ushuaia nos tomaremos un par de semanas de descanso absoluto para luego retomar los trabajos f\u00edsicos de cara al invierno 2018.<\/span><\/p>\n<p><span style=\"color: #0000ff;\"><a href=\"http:\/\/labestiadeportiva.com\/lbd\/wp-content\/uploads\/2018\/02\/27752315_1738656589534202_5799211139602316063_n.jpg\"><img loading=\"lazy\" class=\"aligncenter size-medium wp-image-27148\" src=\"http:\/\/labestiadeportiva.com\/lbd\/wp-content\/uploads\/2018\/02\/27752315_1738656589534202_5799211139602316063_n-288x300.jpg\" alt=\"27752315_1738656589534202_5799211139602316063_n\" width=\"288\" height=\"300\" srcset=\"http:\/\/labestiadeportiva.com\/lbd\/wp-content\/uploads\/2018\/02\/27752315_1738656589534202_5799211139602316063_n-288x300.jpg 288w, http:\/\/labestiadeportiva.com\/lbd\/wp-content\/uploads\/2018\/02\/27752315_1738656589534202_5799211139602316063_n.jpg 692w\" sizes=\"(max-width: 288px) 100vw, 288px\" \/><\/a>El mayor compromiso deportivo de esta temporada es poder participar del Mundial Junior que se llevar\u00e1 a cabo en Nueva Zelanda a fines del mes de agosto.<\/span><\/p>\n<p><span style=\"color: #0000ff;\">Vamos a trabajar muy duro para poder conseguirlo, intentaremos aportar el m\u00e1ximo de atletas al equipo que designe la FASA para este evento internacional.<\/span><\/p>\n<p><span style=\"color: #0000ff;\">Me despido de ustedes agradeciendo el apoyo que desde siempre nos brinda todo el equipo de LBD. Seguramente les enviar\u00e9 una \u00faltima cr\u00f3nica antes del regreso. Saludos para todos en Tierra del Fuego\u201d.<\/span><\/p>\n<p><a href=\"http:\/\/labestiadeportiva.com\/lbd\/wp-content\/uploads\/2018\/02\/28168239_1738656742867520_2742726691725672195_n1.jpg\"><img loading=\"lazy\" class=\"aligncenter size-medium wp-image-27156\" src=\"http:\/\/labestiadeportiva.com\/lbd\/wp-content\/uploads\/2018\/02\/28168239_1738656742867520_2742726691725672195_n1-300x283.jpg\" alt=\"28168239_1738656742867520_2742726691725672195_n\" width=\"300\" height=\"283\" srcset=\"http:\/\/labestiadeportiva.com\/lbd\/wp-content\/uploads\/2018\/02\/28168239_1738656742867520_2742726691725672195_n1-300x283.jpg 300w, http:\/\/labestiadeportiva.com\/lbd\/wp-content\/uploads\/2018\/02\/28168239_1738656742867520_2742726691725672195_n1.jpg 538w\" sizes=\"(max-width: 300px) 100vw, 300px\" \/><\/a><\/p>\n<p>&nbsp;<\/p>\n<div class='epvc-post-count'><span class='epvc-eye'><\/span>  <span class=\"epvc-count\"> 1.284<\/span><span class='epvc-label'> veces le\u00edda<\/span><\/div>\n<div class=\"jwsharethis\">\nShare this: \n<br \/>\n<a href=\"mailto:?subject=Buenas%20noticias%20del%20Ushuaia%20Snowboard%20Team&amp;body=http%3A%2F%2Flabestiadeportiva.com%2Flbd%2Fbuenas-noticias-del-ushuaia-snowboard-team%2F\">\n<img src=\"http:\/\/labestiadeportiva.com\/lbd\/wp-content\/plugins\/jw-share-this\/email.png\" alt=\"Share this page via Email\" \/>\n<\/a>\n<a target=\"_blank\" href=\"http:\/\/www.stumbleupon.com\/submit?url=http%3A%2F%2Flabestiadeportiva.com%2Flbd%2Fbuenas-noticias-del-ushuaia-snowboard-team%2F&amp;title=Buenas+noticias+del+Ushuaia+Snowboard+Team\">\n<img src=\"http:\/\/labestiadeportiva.com\/lbd\/wp-content\/plugins\/jw-share-this\/su.png\" alt=\"Share this page via Stumble Upon\" \/>\n<\/a>\n<a target=\"_blank\" href=\"http:\/\/digg.com\/submit?url=http%3A%2F%2Flabestiadeportiva.com%2Flbd%2Fbuenas-noticias-del-ushuaia-snowboard-team%2F&amp;title=Buenas+noticias+del+Ushuaia+Snowboard+Team\">\n<img src=\"http:\/\/labestiadeportiva.com\/lbd\/wp-content\/plugins\/jw-share-this\/digg.png\" alt=\"Share this page via Digg this\" \/>\n<\/a>\n<a target=\"_blank\" href=\"http:\/\/www.facebook.com\/sharer.php?u=http%3A%2F%2Flabestiadeportiva.com%2Flbd%2Fbuenas-noticias-del-ushuaia-snowboard-team%2F&amp;t=Buenas+noticias+del+Ushuaia+Snowboard+Team\">\n<img src=\"http:\/\/labestiadeportiva.com\/lbd\/wp-content\/plugins\/jw-share-this\/fb.png\" alt=\"Share this page via Facebook\" \/>\n<\/a>\n<a target=\"_blank\" href=\"http:\/\/twitter.com\/intent\/tweet?text=I+like+http%3A%2F%2Flabestiadeportiva.com%2Flbd%2Fbuenas-noticias-del-ushuaia-snowboard-team%2F&amp;title=Buenas+noticias+del+Ushuaia+Snowboard+Team\">\n<img src=\"http:\/\/labestiadeportiva.com\/lbd\/wp-content\/plugins\/jw-share-this\/twitter.png\" alt=\"Share this page via Twitter\" \/>\n<\/a>\n<\/div>\n","protected":false},"excerpt":{"rendered":"<p>Por Diego Linares (Especial para LBD desde Catalunya) Contin\u00faa en el viejo continente el joven plantel a cargo del entrenador Diego Linares. Agustina Pardo, Dante Vera, Bautista Mazzone, Juli\u00e1n L\u00f3pez, Gian Luca Di Giorgio y Enzo Mair entrenan y compiten en el invierno europeo. Compartimos la cr\u00f3nica de su formador con las \u00faltimas novedades. \u201cHola &hellip; <a href=\"http:\/\/labestiadeportiva.com\/lbd\/buenas-noticias-del-ushuaia-snowboard-team\/\" class=\"more-link\">Seguir leyendo <span class=\"screen-reader-text\">Buenas noticias del Ushuaia Snowboard Team<\/span> <span class=\"meta-nav\">&rarr;<\/span><\/a><\/p>\n","protected":false},"author":1,"featured_media":27159,"comment_status":"open","ping_status":"open","sticky":false,"template":"","format":"standard","meta":[],"categories":[5,4,6,41,1,3345],"tags":[1586,4836,83,358],"_links":{"self":[{"href":"http:\/\/labestiadeportiva.com\/lbd\/wp-json\/wp\/v2\/posts\/27147"}],"collection":[{"href":"http:\/\/labestiadeportiva.com\/lbd\/wp-json\/wp\/v2\/posts"}],"about":[{"href":"http:\/\/labestiadeportiva.com\/lbd\/wp-json\/wp\/v2\/types\/post"}],"author":[{"embeddable":true,"href":"http:\/\/labestiadeportiva.com\/lbd\/wp-json\/wp\/v2\/users\/1"}],"replies":[{"embeddable":true,"href":"http:\/\/labestiadeportiva.com\/lbd\/wp-json\/wp\/v2\/comments?post=27147"}],"version-history":[{"count":1,"href":"http:\/\/labestiadeportiva.com\/lbd\/wp-json\/wp\/v2\/posts\/27147\/revisions"}],"predecessor-version":[{"id":27160,"href":"http:\/\/labestiadeportiva.com\/lbd\/wp-json\/wp\/v2\/posts\/27147\/revisions\/27160"}],"wp:featuredmedia":[{"embeddable":true,"href":"http:\/\/labestiadeportiva.com\/lbd\/wp-json\/wp\/v2\/media\/27159"}],"wp:attachment":[{"href":"http:\/\/labestiadeportiva.com\/lbd\/wp-json\/wp\/v2\/media?parent=27147"}],"wp:term":[{"taxonomy":"category","embeddable":true,"href":"http:\/\/labestiadeportiva.com\/lbd\/wp-json\/wp\/v2\/categories?post=27147"},{"taxonomy":"post_tag","embeddable":true,"href":"http:\/\/labestiadeportiva.com\/lbd\/wp-json\/wp\/v2\/tags?post=27147"}],"curies":[{"name":"wp","href":"https:\/\/api.w.org\/{rel}","templated":true}]}}