{"id":2768,"date":"2013-02-03T01:17:07","date_gmt":"2013-02-03T01:17:07","guid":{"rendered":"http:\/\/labestiadeportiva.com\/lbd\/?p=2768"},"modified":"2013-02-03T01:20:45","modified_gmt":"2013-02-03T01:20:45","slug":"espana-lo-pasa-mal-en-canada","status":"publish","type":"post","link":"http:\/\/labestiadeportiva.com\/lbd\/espana-lo-pasa-mal-en-canada\/","title":{"rendered":"Espa\u00f1a lo pasa mal en Canad\u00e1"},"content":{"rendered":"<p>Por Daniel Campos (Corresponsal LBD en Palma de Mallorca, Espa\u00f1a)<\/p>\n<p><a href=\"http:\/\/labestiadeportiva.com\/lbd\/wp-content\/uploads\/2013\/02\/davisfoto1.jpg\"><img loading=\"lazy\" class=\"alignleft size-medium wp-image-2771\" title=\"davisfoto\" src=\"http:\/\/labestiadeportiva.com\/lbd\/wp-content\/uploads\/2013\/02\/davisfoto1-300x252.jpg\" alt=\"\" width=\"300\" height=\"252\" srcset=\"http:\/\/labestiadeportiva.com\/lbd\/wp-content\/uploads\/2013\/02\/davisfoto1-300x252.jpg 300w, http:\/\/labestiadeportiva.com\/lbd\/wp-content\/uploads\/2013\/02\/davisfoto1.jpg 400w\" sizes=\"(max-width: 300px) 100vw, 300px\" \/><\/a>Canad\u00e1 dio la gran sorpresa en la primera jornada de la eliminatoria de la Copa Davis 2013, al ganar los dos primeros puntos en juego. El capit\u00e1n espa\u00f1ol Alex Corretja, ya hab\u00eda advertido que Espa\u00f1a iba a sufrir mucho para pasar a la siguiente fase.<!--morePara leer Click Aqu\u00ed--><\/p>\n<p>Las palabras del capit\u00e1n se cumplieron al pie de la letra y Espa\u00f1a lo sufri\u00f3 en la pista de Vancouver. El debutante Albert Ramos cay\u00f3 ante Milos Raonic en el primer partido de la eliminatoria por 7-6, 4-6, 4-6 y 4-6. Luego fue el turno de Marcel Granollers de medir fuerzas con el canadiense Frank Dancevic, y el marcador 6-1, 6-2 y 6-2, tambi\u00e9n favoreci\u00f3 a Canad\u00e1.<\/p>\n<p>Las cosas se complican para el equipo espa\u00f1ol de Copa Davis, si quiere seguir en carrera, no puede fallar en el siguiente encuentro. El tercer partido ya en dobles, Alex Corretja dispondr\u00e1 sobre la carpeta del estadio en Vancouver a Marcel Granollers y Marc L\u00f3pez que se medir\u00e1n a la dupla canadiense formada por Daniel Nestor y Vasek Pospisil, aunque no se descarte una modificaci\u00f3n por parte del capit\u00e1n del equipo local.<\/p>\n<div class='epvc-post-count'><span class='epvc-eye'><\/span>  <span class=\"epvc-count\"> 1.094<\/span><span class='epvc-label'> veces le\u00edda<\/span><\/div>\n<div class=\"jwsharethis\">\nShare this: \n<br \/>\n<a href=\"mailto:?subject=Espa%C3%B1a%20lo%20pasa%20mal%20en%20Canad%C3%A1&amp;body=http%3A%2F%2Flabestiadeportiva.com%2Flbd%2Fespana-lo-pasa-mal-en-canada%2F\">\n<img src=\"http:\/\/labestiadeportiva.com\/lbd\/wp-content\/plugins\/jw-share-this\/email.png\" alt=\"Share this page via Email\" \/>\n<\/a>\n<a target=\"_blank\" href=\"http:\/\/www.stumbleupon.com\/submit?url=http%3A%2F%2Flabestiadeportiva.com%2Flbd%2Fespana-lo-pasa-mal-en-canada%2F&amp;title=Espa%C3%B1a+lo+pasa+mal+en+Canad%C3%A1\">\n<img src=\"http:\/\/labestiadeportiva.com\/lbd\/wp-content\/plugins\/jw-share-this\/su.png\" alt=\"Share this page via Stumble Upon\" \/>\n<\/a>\n<a target=\"_blank\" href=\"http:\/\/digg.com\/submit?url=http%3A%2F%2Flabestiadeportiva.com%2Flbd%2Fespana-lo-pasa-mal-en-canada%2F&amp;title=Espa%C3%B1a+lo+pasa+mal+en+Canad%C3%A1\">\n<img src=\"http:\/\/labestiadeportiva.com\/lbd\/wp-content\/plugins\/jw-share-this\/digg.png\" alt=\"Share this page via Digg this\" \/>\n<\/a>\n<a target=\"_blank\" href=\"http:\/\/www.facebook.com\/sharer.php?u=http%3A%2F%2Flabestiadeportiva.com%2Flbd%2Fespana-lo-pasa-mal-en-canada%2F&amp;t=Espa%C3%B1a+lo+pasa+mal+en+Canad%C3%A1\">\n<img src=\"http:\/\/labestiadeportiva.com\/lbd\/wp-content\/plugins\/jw-share-this\/fb.png\" alt=\"Share this page via Facebook\" \/>\n<\/a>\n<a target=\"_blank\" href=\"http:\/\/twitter.com\/intent\/tweet?text=I+like+http%3A%2F%2Flabestiadeportiva.com%2Flbd%2Fespana-lo-pasa-mal-en-canada%2F&amp;title=Espa%C3%B1a+lo+pasa+mal+en+Canad%C3%A1\">\n<img src=\"http:\/\/labestiadeportiva.com\/lbd\/wp-content\/plugins\/jw-share-this\/twitter.png\" alt=\"Share this page via Twitter\" \/>\n<\/a>\n<\/div>\n","protected":false},"excerpt":{"rendered":"<p>Por Daniel Campos (Corresponsal LBD en Palma de Mallorca, Espa\u00f1a) Canad\u00e1 dio la gran sorpresa en la primera jornada de la eliminatoria de la Copa Davis 2013, al ganar los dos primeros puntos en juego. El capit\u00e1n espa\u00f1ol Alex Corretja, ya hab\u00eda advertido que Espa\u00f1a iba a sufrir mucho para pasar a la siguiente fase. &hellip; <a href=\"http:\/\/labestiadeportiva.com\/lbd\/espana-lo-pasa-mal-en-canada\/\" class=\"more-link\">Seguir leyendo <span class=\"screen-reader-text\">Espa\u00f1a lo pasa mal en Canad\u00e1<\/span> <span class=\"meta-nav\">&rarr;<\/span><\/a><\/p>\n","protected":false},"author":1,"featured_media":2771,"comment_status":"open","ping_status":"open","sticky":false,"template":"","format":"standard","meta":[],"categories":[4,1,39],"tags":[400],"_links":{"self":[{"href":"http:\/\/labestiadeportiva.com\/lbd\/wp-json\/wp\/v2\/posts\/2768"}],"collection":[{"href":"http:\/\/labestiadeportiva.com\/lbd\/wp-json\/wp\/v2\/posts"}],"about":[{"href":"http:\/\/labestiadeportiva.com\/lbd\/wp-json\/wp\/v2\/types\/post"}],"author":[{"embeddable":true,"href":"http:\/\/labestiadeportiva.com\/lbd\/wp-json\/wp\/v2\/users\/1"}],"replies":[{"embeddable":true,"href":"http:\/\/labestiadeportiva.com\/lbd\/wp-json\/wp\/v2\/comments?post=2768"}],"version-history":[{"count":2,"href":"http:\/\/labestiadeportiva.com\/lbd\/wp-json\/wp\/v2\/posts\/2768\/revisions"}],"predecessor-version":[{"id":2772,"href":"http:\/\/labestiadeportiva.com\/lbd\/wp-json\/wp\/v2\/posts\/2768\/revisions\/2772"}],"wp:featuredmedia":[{"embeddable":true,"href":"http:\/\/labestiadeportiva.com\/lbd\/wp-json\/wp\/v2\/media\/2771"}],"wp:attachment":[{"href":"http:\/\/labestiadeportiva.com\/lbd\/wp-json\/wp\/v2\/media?parent=2768"}],"wp:term":[{"taxonomy":"category","embeddable":true,"href":"http:\/\/labestiadeportiva.com\/lbd\/wp-json\/wp\/v2\/categories?post=2768"},{"taxonomy":"post_tag","embeddable":true,"href":"http:\/\/labestiadeportiva.com\/lbd\/wp-json\/wp\/v2\/tags?post=2768"}],"curies":[{"name":"wp","href":"https:\/\/api.w.org\/{rel}","templated":true}]}}