{"id":27715,"date":"2018-04-02T19:34:56","date_gmt":"2018-04-02T22:34:56","guid":{"rendered":"http:\/\/labestiadeportiva.com\/lbd\/?p=27715"},"modified":"2018-04-03T00:13:47","modified_gmt":"2018-04-03T03:13:47","slug":"brandon-rumbo-al-mundial-juvenil","status":"publish","type":"post","link":"http:\/\/labestiadeportiva.com\/lbd\/brandon-rumbo-al-mundial-juvenil\/","title":{"rendered":"Brandon rumbo al Mundial Juvenil"},"content":{"rendered":"<p><a href=\"http:\/\/labestiadeportiva.com\/lbd\/wp-content\/uploads\/2018\/04\/IMG-20180402-WA0002.jpg\"><br \/>\n<\/a> <a href=\"http:\/\/labestiadeportiva.com\/lbd\/wp-content\/uploads\/2018\/04\/20180402_193246.jpg\"><img loading=\"lazy\" class=\"aligncenter size-medium wp-image-27717\" src=\"http:\/\/labestiadeportiva.com\/lbd\/wp-content\/uploads\/2018\/04\/20180402_193246-291x300.jpg\" alt=\"20180402_193246\" width=\"291\" height=\"300\" srcset=\"http:\/\/labestiadeportiva.com\/lbd\/wp-content\/uploads\/2018\/04\/20180402_193246-291x300.jpg 291w, http:\/\/labestiadeportiva.com\/lbd\/wp-content\/uploads\/2018\/04\/20180402_193246.jpg 698w\" sizes=\"(max-width: 291px) 100vw, 291px\" \/><\/a>El joven taekwondista riograndense de 16 a\u00f1os, Brandon Fern\u00e1ndez, \u00a0se encuentra en viaje hacia la Ciudad Aut\u00f3noma de Buenos Aires, paso previo en el camino hacia la cita mundial en Hamma,T\u00fanez que se realizar\u00e1 de 9 al 13 de abril pr\u00f3ximo.<!--more--><\/p>\n<p>El fueguino se unir\u00e1 este martes al resto del Seleccionado en Ezeiza para partir rumbo a la sede de la cita mundialista del taekwondo ol\u00edmpico.<\/p>\n<p>Brandon participar\u00e1 como titular de la Selecci\u00f3n Argentina en la categor\u00eda -48 kilogramos.<\/p>\n<p>El joven de Tierra del Fuego viaja con mucha ilusi\u00f3n y ganas de hacer historia en el Taekwondo Argentino.<\/p>\n<p>Sus formadores quieren agradecer \u00a0a la Secretar\u00eda de Deportes Provincial \u00a0por apoyar con el pasaje a\u00e9reo desde Ushuaia a Buenos Aires.<\/p>\n<p>Como as\u00ed tambi\u00e9n a la Confederaci\u00f3n Argentina de Taekwondo por gestionar el pasaje a T\u00fanez ante la cartera deportiva nacional.<\/p>\n<p>Bien viaje y felicitaciones para este embajador deportivo de las artes marciales al cual le desaeamos lo mejor.<\/p>\n<div class='epvc-post-count'><span class='epvc-eye'><\/span>  <span class=\"epvc-count\"> 1.263<\/span><span class='epvc-label'> veces le\u00edda<\/span><\/div>\n<div class=\"jwsharethis\">\nShare this: \n<br \/>\n<a href=\"mailto:?subject=Brandon%20rumbo%20al%20Mundial%20Juvenil&amp;body=http%3A%2F%2Flabestiadeportiva.com%2Flbd%2Fbrandon-rumbo-al-mundial-juvenil%2F\">\n<img src=\"http:\/\/labestiadeportiva.com\/lbd\/wp-content\/plugins\/jw-share-this\/email.png\" alt=\"Share this page via Email\" \/>\n<\/a>\n<a target=\"_blank\" href=\"http:\/\/www.stumbleupon.com\/submit?url=http%3A%2F%2Flabestiadeportiva.com%2Flbd%2Fbrandon-rumbo-al-mundial-juvenil%2F&amp;title=Brandon+rumbo+al+Mundial+Juvenil\">\n<img src=\"http:\/\/labestiadeportiva.com\/lbd\/wp-content\/plugins\/jw-share-this\/su.png\" alt=\"Share this page via Stumble Upon\" \/>\n<\/a>\n<a target=\"_blank\" href=\"http:\/\/digg.com\/submit?url=http%3A%2F%2Flabestiadeportiva.com%2Flbd%2Fbrandon-rumbo-al-mundial-juvenil%2F&amp;title=Brandon+rumbo+al+Mundial+Juvenil\">\n<img src=\"http:\/\/labestiadeportiva.com\/lbd\/wp-content\/plugins\/jw-share-this\/digg.png\" alt=\"Share this page via Digg this\" \/>\n<\/a>\n<a target=\"_blank\" href=\"http:\/\/www.facebook.com\/sharer.php?u=http%3A%2F%2Flabestiadeportiva.com%2Flbd%2Fbrandon-rumbo-al-mundial-juvenil%2F&amp;t=Brandon+rumbo+al+Mundial+Juvenil\">\n<img src=\"http:\/\/labestiadeportiva.com\/lbd\/wp-content\/plugins\/jw-share-this\/fb.png\" alt=\"Share this page via Facebook\" \/>\n<\/a>\n<a target=\"_blank\" href=\"http:\/\/twitter.com\/intent\/tweet?text=I+like+http%3A%2F%2Flabestiadeportiva.com%2Flbd%2Fbrandon-rumbo-al-mundial-juvenil%2F&amp;title=Brandon+rumbo+al+Mundial+Juvenil\">\n<img src=\"http:\/\/labestiadeportiva.com\/lbd\/wp-content\/plugins\/jw-share-this\/twitter.png\" alt=\"Share this page via Twitter\" \/>\n<\/a>\n<\/div>\n","protected":false},"excerpt":{"rendered":"<p>El joven taekwondista riograndense de 16 a\u00f1os, Brandon Fern\u00e1ndez, \u00a0se encuentra en viaje hacia la Ciudad Aut\u00f3noma de Buenos Aires, paso previo en el camino hacia la cita mundial en Hamma,T\u00fanez que se realizar\u00e1 de 9 al 13 de abril pr\u00f3ximo. 1.263 veces le\u00edda Share this:<\/p>\n","protected":false},"author":1,"featured_media":27717,"comment_status":"open","ping_status":"open","sticky":false,"template":"","format":"standard","meta":[],"categories":[3019,5,4,6,1],"tags":[488,83,3553,3554],"_links":{"self":[{"href":"http:\/\/labestiadeportiva.com\/lbd\/wp-json\/wp\/v2\/posts\/27715"}],"collection":[{"href":"http:\/\/labestiadeportiva.com\/lbd\/wp-json\/wp\/v2\/posts"}],"about":[{"href":"http:\/\/labestiadeportiva.com\/lbd\/wp-json\/wp\/v2\/types\/post"}],"author":[{"embeddable":true,"href":"http:\/\/labestiadeportiva.com\/lbd\/wp-json\/wp\/v2\/users\/1"}],"replies":[{"embeddable":true,"href":"http:\/\/labestiadeportiva.com\/lbd\/wp-json\/wp\/v2\/comments?post=27715"}],"version-history":[{"count":3,"href":"http:\/\/labestiadeportiva.com\/lbd\/wp-json\/wp\/v2\/posts\/27715\/revisions"}],"predecessor-version":[{"id":27726,"href":"http:\/\/labestiadeportiva.com\/lbd\/wp-json\/wp\/v2\/posts\/27715\/revisions\/27726"}],"wp:featuredmedia":[{"embeddable":true,"href":"http:\/\/labestiadeportiva.com\/lbd\/wp-json\/wp\/v2\/media\/27717"}],"wp:attachment":[{"href":"http:\/\/labestiadeportiva.com\/lbd\/wp-json\/wp\/v2\/media?parent=27715"}],"wp:term":[{"taxonomy":"category","embeddable":true,"href":"http:\/\/labestiadeportiva.com\/lbd\/wp-json\/wp\/v2\/categories?post=27715"},{"taxonomy":"post_tag","embeddable":true,"href":"http:\/\/labestiadeportiva.com\/lbd\/wp-json\/wp\/v2\/tags?post=27715"}],"curies":[{"name":"wp","href":"https:\/\/api.w.org\/{rel}","templated":true}]}}