{"id":27765,"date":"2018-04-06T19:23:11","date_gmt":"2018-04-06T22:23:11","guid":{"rendered":"http:\/\/labestiadeportiva.com\/lbd\/?p=27765"},"modified":"2018-04-07T01:23:00","modified_gmt":"2018-04-07T04:23:00","slug":"agenda-deportiva-173","status":"publish","type":"post","link":"http:\/\/labestiadeportiva.com\/lbd\/agenda-deportiva-173\/","title":{"rendered":"Agenda Deportiva"},"content":{"rendered":"<p><a href=\"http:\/\/labestiadeportiva.com\/lbd\/wp-content\/uploads\/2018\/04\/30127909_1795457003854160_2333316873172417390_n.jpg\"><img loading=\"lazy\" class=\"aligncenter size-medium wp-image-27774\" src=\"http:\/\/labestiadeportiva.com\/lbd\/wp-content\/uploads\/2018\/04\/30127909_1795457003854160_2333316873172417390_n-300x205.jpg\" alt=\"30127909_1795457003854160_2333316873172417390_n\" width=\"300\" height=\"205\" srcset=\"http:\/\/labestiadeportiva.com\/lbd\/wp-content\/uploads\/2018\/04\/30127909_1795457003854160_2333316873172417390_n-300x205.jpg 300w, http:\/\/labestiadeportiva.com\/lbd\/wp-content\/uploads\/2018\/04\/30127909_1795457003854160_2333316873172417390_n.jpg 839w\" sizes=\"(max-width: 300px) 100vw, 300px\" \/><\/a>Interesante propuesta deportiva para las pr\u00f3ximas 48 horas. Se presentar\u00e1n f\u00fatsal AFA, rugby, b\u00e1squet, automovilismo pista, bicicletas de descenso, tiro, f\u00fatbol 11 y futsal federado. Desde LBD todos los detalles.<!--more--><\/p>\n<p><span style=\"color: #0000ff;\"><a href=\"http:\/\/labestiadeportiva.com\/lbd\/wp-content\/uploads\/2018\/04\/29793840_1795456853854175_1967809543689074196_n.jpg\"><img loading=\"lazy\" class=\"aligncenter size-medium wp-image-27769\" src=\"http:\/\/labestiadeportiva.com\/lbd\/wp-content\/uploads\/2018\/04\/29793840_1795456853854175_1967809543689074196_n-300x225.jpg\" alt=\"29793840_1795456853854175_1967809543689074196_n\" width=\"300\" height=\"225\" srcset=\"http:\/\/labestiadeportiva.com\/lbd\/wp-content\/uploads\/2018\/04\/29793840_1795456853854175_1967809543689074196_n-300x225.jpg 300w, http:\/\/labestiadeportiva.com\/lbd\/wp-content\/uploads\/2018\/04\/29793840_1795456853854175_1967809543689074196_n.jpg 960w\" sizes=\"(max-width: 300px) 100vw, 300px\" \/><\/a>Futsal AFA<\/span><\/p>\n<p>La actividad bajo techo de la Liga Ushuaiense se centrar\u00e1 el d\u00eda s\u00e1bado. La primera \u201cB\u201d actuar\u00e1 en el gimnasio de Campolter de 17.30 a 23.30 horas, el microestadio recibir\u00e1 a la principal categor\u00eda de 16 a 22 horas.<\/p>\n<p>Comienzo de la 1\u00ba fecha para el Sub 17 con cuatro partidos de 11.30 a 17.30. Finalmente las damas tendr\u00e1n un partido en el segmento \u201cB\u201d en Campolter a las 10 de la ma\u00f1ana mientras que la primera \u201cA\u201d jugar\u00e1 en el \u201cCochocho\u201d de 10 a 16 horas.<\/p>\n<p><a href=\"http:\/\/labestiadeportiva.com\/lbd\/wp-content\/uploads\/2018\/04\/30124622_1795456907187503_408555618335545958_n.jpg\"><img loading=\"lazy\" class=\"aligncenter size-medium wp-image-27772\" src=\"http:\/\/labestiadeportiva.com\/lbd\/wp-content\/uploads\/2018\/04\/30124622_1795456907187503_408555618335545958_n-300x225.jpg\" alt=\"30124622_1795456907187503_408555618335545958_n\" width=\"300\" height=\"225\" srcset=\"http:\/\/labestiadeportiva.com\/lbd\/wp-content\/uploads\/2018\/04\/30124622_1795456907187503_408555618335545958_n-300x225.jpg 300w, http:\/\/labestiadeportiva.com\/lbd\/wp-content\/uploads\/2018\/04\/30124622_1795456907187503_408555618335545958_n.jpg 720w\" sizes=\"(max-width: 300px) 100vw, 300px\" \/><\/a><span style=\"color: #0000ff;\">Rugby<\/span><\/p>\n<p>La URTF program\u00f3 una interesante actividad para este s\u00e1bado. Encuentro infantil aniversario para Las \u00c1guilas desde las once de la ma\u00f1ana. Las chicas volver\u00e1n a tener encuentro, esta vez desde las 12 del mediod\u00eda en el URC.<\/p>\n<p>Los juveniles entrar\u00e1n en Cuartos de Final, M15 a las 13.30 y 14.30 con los choques URC\/\u00c1guilas \u2013 R\u00edo Grande RHC\/\u201dUni\u201d, M17 competir\u00e1 a las 14.30 con dos partidos Colegio\/R\u00edo Grande, Universitario\/Tolhuin, finalmente el plato fuerte llegar\u00e1 en Planteles Superiores con las Semifinales: A las 15 URC ante Colegio mientras que una hora despu\u00e9s se medir\u00e1n R\u00edo Grande RHC frente a Las \u00c1guilas.<\/p>\n<p><span style=\"color: #0000ff;\">B\u00e1squet<\/span><\/p>\n<p>La Federaci\u00f3n Provincia realizar\u00e1 este s\u00e1bado actividad en la dos ciudades. En el norte de la isla se jugar\u00e1 en dos escenarios, los gimnasios Jorge Muriel y Polideportivo Municipal. En la capital la acci\u00f3n se centrar\u00e1 en la cancha 4 \u201cHugo Italo Favale\u201d con partidos desde las 10.45 a 21.30 horas. Ser\u00e1n cinco encuentros en las categor\u00edas U13, U15, U17, mayores femenino y masculino con la visita del riograndense Yoppen.<\/p>\n<p><span style=\"color: #0000ff;\"><a style=\"color: #0000ff;\" href=\"http:\/\/labestiadeportiva.com\/lbd\/wp-content\/uploads\/2018\/04\/29793526_1795456947187499_3637162972254985719_n.jpg\"><img loading=\"lazy\" class=\"aligncenter size-medium wp-image-27768\" src=\"http:\/\/labestiadeportiva.com\/lbd\/wp-content\/uploads\/2018\/04\/29793526_1795456947187499_3637162972254985719_n-274x300.jpg\" alt=\"29793526_1795456947187499_3637162972254985719_n\" width=\"274\" height=\"300\" srcset=\"http:\/\/labestiadeportiva.com\/lbd\/wp-content\/uploads\/2018\/04\/29793526_1795456947187499_3637162972254985719_n-274x300.jpg 274w, http:\/\/labestiadeportiva.com\/lbd\/wp-content\/uploads\/2018\/04\/29793526_1795456947187499_3637162972254985719_n.jpg 601w\" sizes=\"(max-width: 274px) 100vw, 274px\" \/><\/a>Automovilismo Pista<\/span><\/p>\n<p>En el marco de la segunda fecha de la temporada el fin de semana Tolhuin recibir\u00e1 a la APAP y ACTCF. Se correr\u00e1 en la versi\u00f3n corta del \u201cCarlos Romero\u201d en sentido anti horario. Estar\u00e1n presentes \u00a0TC Fueguino, Clase 2, Clase 2 Inyecci\u00f3n y Turismo Pista. El s\u00e1bado la actividad ser\u00e1 de 11 a 15.30 mientras que la jornada dominguera se pondr\u00e1 en marcha a partir de las 10.30 horas.<\/p>\n<p><span style=\"color: #0000ff;\">Bicicletas de Descenso<\/span><\/p>\n<p>El domingo llegar\u00e1 la 5\u00ba fecha del Campeonato Fueguino organizado por ACME. Nuevamente se utilizar\u00e1 el trazado enclavado camino al Cerro Cort\u00e9z. La actividad comenzar\u00e1 a las 11 de la ma\u00f1ana, como de costumbre los participantes realizar\u00e1n dos bajadas cronometrando como oficial su mejor registro. Los organizadores informaron que la jornada concluir\u00e1 alrededor de las 15 horas.<\/p>\n<p><a href=\"http:\/\/labestiadeportiva.com\/lbd\/wp-content\/uploads\/2018\/04\/30124336_1795453403854520_2447745909915901054_n.jpg\"><img loading=\"lazy\" class=\"aligncenter size-medium wp-image-27771\" src=\"http:\/\/labestiadeportiva.com\/lbd\/wp-content\/uploads\/2018\/04\/30124336_1795453403854520_2447745909915901054_n-169x300.jpg\" alt=\"30124336_1795453403854520_2447745909915901054_n\" width=\"169\" height=\"300\" srcset=\"http:\/\/labestiadeportiva.com\/lbd\/wp-content\/uploads\/2018\/04\/30124336_1795453403854520_2447745909915901054_n-169x300.jpg 169w, http:\/\/labestiadeportiva.com\/lbd\/wp-content\/uploads\/2018\/04\/30124336_1795453403854520_2447745909915901054_n.jpg 540w\" sizes=\"(max-width: 169px) 100vw, 169px\" \/><\/a><span style=\"color: #0000ff;\">Tiro<\/span><\/p>\n<p>Este s\u00e1bado desde las 10 de la ma\u00f1ana en el Tiro Federal 2 de Abril se pondr\u00e1 en marcha el Torneo Apertura, donde se inaugurar\u00e1n las nuevas c\u00e1maras digitales de las l\u00edneas de tiro. Ser\u00e1 en las modalidades Carabina 22 tendido, Carabina 22 Bench, Pistola de Precisi\u00f3n Grueso Calibre, Tiro Pr\u00e1ctico e Interfuerzas.<\/p>\n<p><span style=\"color: #0000ff;\">F\u00fatbol 11<\/span><\/p>\n<p>La Liga Ushuaiense program\u00f3 su cuarta fecha de primera divisi\u00f3n \u00abA\u00bb. La actividad en el sint\u00e9tico municipal comenzar\u00e1 este s\u00e1bado a las 18 con el choque entre Filial Ferro y La UOM. Ser\u00e1n cinco encuentros donde se destaca el del domingo a las 16.30 entre Camioneros y Los Cuervos FDM.<\/p>\n<p><a href=\"http:\/\/labestiadeportiva.com\/lbd\/wp-content\/uploads\/2018\/04\/30127006_1795453453854515_1604428656929319178_n.jpg\"><img loading=\"lazy\" class=\"aligncenter size-medium wp-image-27773\" src=\"http:\/\/labestiadeportiva.com\/lbd\/wp-content\/uploads\/2018\/04\/30127006_1795453453854515_1604428656929319178_n-169x300.jpg\" alt=\"30127006_1795453453854515_1604428656929319178_n\" width=\"169\" height=\"300\" srcset=\"http:\/\/labestiadeportiva.com\/lbd\/wp-content\/uploads\/2018\/04\/30127006_1795453453854515_1604428656929319178_n-169x300.jpg 169w, http:\/\/labestiadeportiva.com\/lbd\/wp-content\/uploads\/2018\/04\/30127006_1795453453854515_1604428656929319178_n.jpg 540w\" sizes=\"(max-width: 169px) 100vw, 169px\" \/><\/a><span style=\"color: #0000ff;\">Futsal Federado<\/span><\/p>\n<p>Intensa actividad para la Federaci\u00f3n Ushuaiense. Las categor\u00edas superiores se presentar\u00e1n el domingo en dos escenarios, el microestadio municipal y Campolter. En el \u201cCochocho\u201d ser\u00e1 de 12 a 15 horas con partidos de cadetes mientras que la 1\u00ba \u201cA\u201d y \u201cB\u201d competir\u00e1 en el reducto policial de 11.30 a 23.30 horas.<\/p>\n<p>Por su parte los infantiles jugar\u00e1n el s\u00e1bado en el \u201cMirador de Los Andes\u201d (640 Viviendas) de 15 a 22, el domingo habr\u00e1 partidos en el \u201cIslas Malvinas\u201d (La Cantera) de 12 a 22 agregando el \u201cMirador de Los Andes\u201d (12 a 22) y la Cancha 4. (18 a 22 horas)<\/p>\n<p><a href=\"http:\/\/labestiadeportiva.com\/lbd\/wp-content\/uploads\/2018\/04\/30222353_1795453277187866_7121051891322711992_n.jpg\"><img loading=\"lazy\" class=\"aligncenter size-medium wp-image-27777\" src=\"http:\/\/labestiadeportiva.com\/lbd\/wp-content\/uploads\/2018\/04\/30222353_1795453277187866_7121051891322711992_n-300x168.jpg\" alt=\"30222353_1795453277187866_7121051891322711992_n\" width=\"300\" height=\"168\" srcset=\"http:\/\/labestiadeportiva.com\/lbd\/wp-content\/uploads\/2018\/04\/30222353_1795453277187866_7121051891322711992_n-300x168.jpg 300w, http:\/\/labestiadeportiva.com\/lbd\/wp-content\/uploads\/2018\/04\/30222353_1795453277187866_7121051891322711992_n.jpg 720w\" sizes=\"(max-width: 300px) 100vw, 300px\" \/><\/a><\/p>\n<p><a href=\"http:\/\/labestiadeportiva.com\/lbd\/wp-content\/uploads\/2018\/04\/30222048_1795453377187856_2931593750736711983_n.jpg\"><img loading=\"lazy\" class=\"aligncenter size-medium wp-image-27776\" src=\"http:\/\/labestiadeportiva.com\/lbd\/wp-content\/uploads\/2018\/04\/30222048_1795453377187856_2931593750736711983_n-300x131.jpg\" alt=\"30222048_1795453377187856_2931593750736711983_n\" width=\"300\" height=\"131\" srcset=\"http:\/\/labestiadeportiva.com\/lbd\/wp-content\/uploads\/2018\/04\/30222048_1795453377187856_2931593750736711983_n-300x131.jpg 300w, http:\/\/labestiadeportiva.com\/lbd\/wp-content\/uploads\/2018\/04\/30222048_1795453377187856_2931593750736711983_n.jpg 960w\" sizes=\"(max-width: 300px) 100vw, 300px\" \/><\/a><\/p>\n<p><a href=\"http:\/\/labestiadeportiva.com\/lbd\/wp-content\/uploads\/2018\/04\/30222041_1795453243854536_9177904334389141830_n.jpg\"><img loading=\"lazy\" class=\"aligncenter size-medium wp-image-27775\" src=\"http:\/\/labestiadeportiva.com\/lbd\/wp-content\/uploads\/2018\/04\/30222041_1795453243854536_9177904334389141830_n-208x300.jpg\" alt=\"30222041_1795453243854536_9177904334389141830_n\" width=\"208\" height=\"300\" srcset=\"http:\/\/labestiadeportiva.com\/lbd\/wp-content\/uploads\/2018\/04\/30222041_1795453243854536_9177904334389141830_n-208x300.jpg 208w, http:\/\/labestiadeportiva.com\/lbd\/wp-content\/uploads\/2018\/04\/30222041_1795453243854536_9177904334389141830_n.jpg 667w\" sizes=\"(max-width: 208px) 100vw, 208px\" \/><\/a><\/p>\n<p><a href=\"http:\/\/labestiadeportiva.com\/lbd\/wp-content\/uploads\/2018\/04\/30123796_1795453303854530_4746780347827785455_n.jpg\"><img loading=\"lazy\" class=\"aligncenter size-medium wp-image-27770\" src=\"http:\/\/labestiadeportiva.com\/lbd\/wp-content\/uploads\/2018\/04\/30123796_1795453303854530_4746780347827785455_n-300x245.jpg\" alt=\"30123796_1795453303854530_4746780347827785455_n\" width=\"300\" height=\"245\" srcset=\"http:\/\/labestiadeportiva.com\/lbd\/wp-content\/uploads\/2018\/04\/30123796_1795453303854530_4746780347827785455_n-300x245.jpg 300w, http:\/\/labestiadeportiva.com\/lbd\/wp-content\/uploads\/2018\/04\/30123796_1795453303854530_4746780347827785455_n.jpg 678w\" sizes=\"(max-width: 300px) 100vw, 300px\" \/><\/a><\/p>\n<p><a href=\"http:\/\/labestiadeportiva.com\/lbd\/wp-content\/uploads\/2018\/04\/30221679_1795453190521208_4723151287148152375_n.jpg\"><img loading=\"lazy\" class=\"aligncenter size-medium wp-image-27778\" src=\"http:\/\/labestiadeportiva.com\/lbd\/wp-content\/uploads\/2018\/04\/30221679_1795453190521208_4723151287148152375_n-300x280.jpg\" alt=\"30221679_1795453190521208_4723151287148152375_n\" width=\"300\" height=\"280\" srcset=\"http:\/\/labestiadeportiva.com\/lbd\/wp-content\/uploads\/2018\/04\/30221679_1795453190521208_4723151287148152375_n-300x280.jpg 300w, http:\/\/labestiadeportiva.com\/lbd\/wp-content\/uploads\/2018\/04\/30221679_1795453190521208_4723151287148152375_n.jpg 720w\" sizes=\"(max-width: 300px) 100vw, 300px\" \/><\/a><\/p>\n<p>&nbsp;<\/p>\n<div class='epvc-post-count'><span class='epvc-eye'><\/span>  <span class=\"epvc-count\"> 985<\/span><span class='epvc-label'> veces le\u00edda<\/span><\/div>\n<div class=\"jwsharethis\">\nShare this: \n<br \/>\n<a href=\"mailto:?subject=Agenda%20Deportiva&amp;body=http%3A%2F%2Flabestiadeportiva.com%2Flbd%2Fagenda-deportiva-173%2F\">\n<img src=\"http:\/\/labestiadeportiva.com\/lbd\/wp-content\/plugins\/jw-share-this\/email.png\" alt=\"Share this page via Email\" \/>\n<\/a>\n<a target=\"_blank\" href=\"http:\/\/www.stumbleupon.com\/submit?url=http%3A%2F%2Flabestiadeportiva.com%2Flbd%2Fagenda-deportiva-173%2F&amp;title=Agenda+Deportiva\">\n<img src=\"http:\/\/labestiadeportiva.com\/lbd\/wp-content\/plugins\/jw-share-this\/su.png\" alt=\"Share this page via Stumble Upon\" \/>\n<\/a>\n<a target=\"_blank\" href=\"http:\/\/digg.com\/submit?url=http%3A%2F%2Flabestiadeportiva.com%2Flbd%2Fagenda-deportiva-173%2F&amp;title=Agenda+Deportiva\">\n<img src=\"http:\/\/labestiadeportiva.com\/lbd\/wp-content\/plugins\/jw-share-this\/digg.png\" alt=\"Share this page via Digg this\" \/>\n<\/a>\n<a target=\"_blank\" href=\"http:\/\/www.facebook.com\/sharer.php?u=http%3A%2F%2Flabestiadeportiva.com%2Flbd%2Fagenda-deportiva-173%2F&amp;t=Agenda+Deportiva\">\n<img src=\"http:\/\/labestiadeportiva.com\/lbd\/wp-content\/plugins\/jw-share-this\/fb.png\" alt=\"Share this page via Facebook\" \/>\n<\/a>\n<a target=\"_blank\" href=\"http:\/\/twitter.com\/intent\/tweet?text=I+like+http%3A%2F%2Flabestiadeportiva.com%2Flbd%2Fagenda-deportiva-173%2F&amp;title=Agenda+Deportiva\">\n<img src=\"http:\/\/labestiadeportiva.com\/lbd\/wp-content\/plugins\/jw-share-this\/twitter.png\" alt=\"Share this page via Twitter\" \/>\n<\/a>\n<\/div>\n","protected":false},"excerpt":{"rendered":"<p>Interesante propuesta deportiva para las pr\u00f3ximas 48 horas. Se presentar\u00e1n f\u00fatsal AFA, rugby, b\u00e1squet, automovilismo pista, bicicletas de descenso, tiro, f\u00fatbol 11 y futsal federado. Desde LBD todos los detalles. 985 veces le\u00edda Share this:<\/p>\n","protected":false},"author":1,"featured_media":27773,"comment_status":"open","ping_status":"open","sticky":false,"template":"","format":"standard","meta":[],"categories":[5,1],"tags":[62,83],"_links":{"self":[{"href":"http:\/\/labestiadeportiva.com\/lbd\/wp-json\/wp\/v2\/posts\/27765"}],"collection":[{"href":"http:\/\/labestiadeportiva.com\/lbd\/wp-json\/wp\/v2\/posts"}],"about":[{"href":"http:\/\/labestiadeportiva.com\/lbd\/wp-json\/wp\/v2\/types\/post"}],"author":[{"embeddable":true,"href":"http:\/\/labestiadeportiva.com\/lbd\/wp-json\/wp\/v2\/users\/1"}],"replies":[{"embeddable":true,"href":"http:\/\/labestiadeportiva.com\/lbd\/wp-json\/wp\/v2\/comments?post=27765"}],"version-history":[{"count":3,"href":"http:\/\/labestiadeportiva.com\/lbd\/wp-json\/wp\/v2\/posts\/27765\/revisions"}],"predecessor-version":[{"id":27781,"href":"http:\/\/labestiadeportiva.com\/lbd\/wp-json\/wp\/v2\/posts\/27765\/revisions\/27781"}],"wp:featuredmedia":[{"embeddable":true,"href":"http:\/\/labestiadeportiva.com\/lbd\/wp-json\/wp\/v2\/media\/27773"}],"wp:attachment":[{"href":"http:\/\/labestiadeportiva.com\/lbd\/wp-json\/wp\/v2\/media?parent=27765"}],"wp:term":[{"taxonomy":"category","embeddable":true,"href":"http:\/\/labestiadeportiva.com\/lbd\/wp-json\/wp\/v2\/categories?post=27765"},{"taxonomy":"post_tag","embeddable":true,"href":"http:\/\/labestiadeportiva.com\/lbd\/wp-json\/wp\/v2\/tags?post=27765"}],"curies":[{"name":"wp","href":"https:\/\/api.w.org\/{rel}","templated":true}]}}