{"id":27875,"date":"2018-04-16T00:22:06","date_gmt":"2018-04-16T03:22:06","guid":{"rendered":"http:\/\/labestiadeportiva.com\/lbd\/?p=27875"},"modified":"2018-04-16T00:22:06","modified_gmt":"2018-04-16T03:22:06","slug":"remontando-ilusiones","status":"publish","type":"post","link":"http:\/\/labestiadeportiva.com\/lbd\/remontando-ilusiones\/","title":{"rendered":"Remontando ilusiones"},"content":{"rendered":"<p>Por Nicol\u00e1s Javier Baroli (Corresponsal LBD en R\u00edo Gallegos)<\/p>\n<p><a href=\"http:\/\/labestiadeportiva.com\/lbd\/wp-content\/uploads\/2018\/04\/IMG-20180415-WA0019.jpg\"><img loading=\"lazy\" class=\"aligncenter size-medium wp-image-27878\" src=\"http:\/\/labestiadeportiva.com\/lbd\/wp-content\/uploads\/2018\/04\/IMG-20180415-WA0019-300x233.jpg\" alt=\"IMG-20180415-WA0019\" width=\"300\" height=\"233\" srcset=\"http:\/\/labestiadeportiva.com\/lbd\/wp-content\/uploads\/2018\/04\/IMG-20180415-WA0019-300x233.jpg 300w, http:\/\/labestiadeportiva.com\/lbd\/wp-content\/uploads\/2018\/04\/IMG-20180415-WA0019-1024x795.jpg 1024w, http:\/\/labestiadeportiva.com\/lbd\/wp-content\/uploads\/2018\/04\/IMG-20180415-WA0019.jpg 1237w\" sizes=\"(max-width: 300px) 100vw, 300px\" \/><\/a>Una vez m\u00e1s el piloto santacruce\u00f1o, Sebasti\u00e1n G\u00f3mez, trep\u00f3 posiciones en la final del Turismo Nacional Clase 3 para terminar octavo y sumar importantes puntos para el campeonato.<!--more--><\/p>\n<p>El autodromo Roberto Mouras de La Plata fue el escenario para la tercera fecha del TNC3, y como de costumbre, una de las mejores categor\u00edas del pa\u00eds no desenton\u00f3 durante todo el fin de semana.<\/p>\n<p>Qui\u00e9n tampoco desenton\u00f3 fue el piloto de R\u00edo Gallegos \u00abSeba\u00bb G\u00f3mez quien con su Chevrolet Cruze remont\u00f3 posiciones tras haber clasificado en el puesto n\u00famero 14, para terminar en el 8vo lugar sumando importantes posiciones en la general.<\/p>\n<p>Como de costumbre, la fricci\u00f3n y el \u00abchapa a chapa\u00bb estuvo presente durante los 20 giros al trazado, pero esta vez y a diferencia de la fecha anterior en La Pampa, \u00abSeba\u00bb pudo mantenerse al tanto de esa situaci\u00f3n coronando una gran actuaci\u00f3n en un circuito que le sienta bien al piloto local.<\/p>\n<p>Con este resultado G\u00f3mez se ubica en el puesto 10 de la general con 38.5 puntos. La pr\u00f3xima fecha ser\u00e1 el 13 de Mayo en la ciudad de Neuqu\u00e9n.<\/p>\n<div class='epvc-post-count'><span class='epvc-eye'><\/span>  <span class=\"epvc-count\"> 1.032<\/span><span class='epvc-label'> veces le\u00edda<\/span><\/div>\n<div class=\"jwsharethis\">\nShare this: \n<br \/>\n<a href=\"mailto:?subject=Remontando%20ilusiones&amp;body=http%3A%2F%2Flabestiadeportiva.com%2Flbd%2Fremontando-ilusiones%2F\">\n<img src=\"http:\/\/labestiadeportiva.com\/lbd\/wp-content\/plugins\/jw-share-this\/email.png\" alt=\"Share this page via Email\" \/>\n<\/a>\n<a target=\"_blank\" href=\"http:\/\/www.stumbleupon.com\/submit?url=http%3A%2F%2Flabestiadeportiva.com%2Flbd%2Fremontando-ilusiones%2F&amp;title=Remontando+ilusiones\">\n<img src=\"http:\/\/labestiadeportiva.com\/lbd\/wp-content\/plugins\/jw-share-this\/su.png\" alt=\"Share this page via Stumble Upon\" \/>\n<\/a>\n<a target=\"_blank\" href=\"http:\/\/digg.com\/submit?url=http%3A%2F%2Flabestiadeportiva.com%2Flbd%2Fremontando-ilusiones%2F&amp;title=Remontando+ilusiones\">\n<img src=\"http:\/\/labestiadeportiva.com\/lbd\/wp-content\/plugins\/jw-share-this\/digg.png\" alt=\"Share this page via Digg this\" \/>\n<\/a>\n<a target=\"_blank\" href=\"http:\/\/www.facebook.com\/sharer.php?u=http%3A%2F%2Flabestiadeportiva.com%2Flbd%2Fremontando-ilusiones%2F&amp;t=Remontando+ilusiones\">\n<img src=\"http:\/\/labestiadeportiva.com\/lbd\/wp-content\/plugins\/jw-share-this\/fb.png\" alt=\"Share this page via Facebook\" \/>\n<\/a>\n<a target=\"_blank\" href=\"http:\/\/twitter.com\/intent\/tweet?text=I+like+http%3A%2F%2Flabestiadeportiva.com%2Flbd%2Fremontando-ilusiones%2F&amp;title=Remontando+ilusiones\">\n<img src=\"http:\/\/labestiadeportiva.com\/lbd\/wp-content\/plugins\/jw-share-this\/twitter.png\" alt=\"Share this page via Twitter\" \/>\n<\/a>\n<\/div>\n","protected":false},"excerpt":{"rendered":"<p>Por Nicol\u00e1s Javier Baroli (Corresponsal LBD en R\u00edo Gallegos) Una vez m\u00e1s el piloto santacruce\u00f1o, Sebasti\u00e1n G\u00f3mez, trep\u00f3 posiciones en la final del Turismo Nacional Clase 3 para terminar octavo y sumar importantes puntos para el campeonato. 1.032 veces le\u00edda Share this:<\/p>\n","protected":false},"author":1,"featured_media":27878,"comment_status":"open","ping_status":"open","sticky":false,"template":"","format":"standard","meta":[],"categories":[2135,6,1],"tags":[86,83,3564],"_links":{"self":[{"href":"http:\/\/labestiadeportiva.com\/lbd\/wp-json\/wp\/v2\/posts\/27875"}],"collection":[{"href":"http:\/\/labestiadeportiva.com\/lbd\/wp-json\/wp\/v2\/posts"}],"about":[{"href":"http:\/\/labestiadeportiva.com\/lbd\/wp-json\/wp\/v2\/types\/post"}],"author":[{"embeddable":true,"href":"http:\/\/labestiadeportiva.com\/lbd\/wp-json\/wp\/v2\/users\/1"}],"replies":[{"embeddable":true,"href":"http:\/\/labestiadeportiva.com\/lbd\/wp-json\/wp\/v2\/comments?post=27875"}],"version-history":[{"count":1,"href":"http:\/\/labestiadeportiva.com\/lbd\/wp-json\/wp\/v2\/posts\/27875\/revisions"}],"predecessor-version":[{"id":27879,"href":"http:\/\/labestiadeportiva.com\/lbd\/wp-json\/wp\/v2\/posts\/27875\/revisions\/27879"}],"wp:featuredmedia":[{"embeddable":true,"href":"http:\/\/labestiadeportiva.com\/lbd\/wp-json\/wp\/v2\/media\/27878"}],"wp:attachment":[{"href":"http:\/\/labestiadeportiva.com\/lbd\/wp-json\/wp\/v2\/media?parent=27875"}],"wp:term":[{"taxonomy":"category","embeddable":true,"href":"http:\/\/labestiadeportiva.com\/lbd\/wp-json\/wp\/v2\/categories?post=27875"},{"taxonomy":"post_tag","embeddable":true,"href":"http:\/\/labestiadeportiva.com\/lbd\/wp-json\/wp\/v2\/tags?post=27875"}],"curies":[{"name":"wp","href":"https:\/\/api.w.org\/{rel}","templated":true}]}}