{"id":2804,"date":"2013-02-04T17:14:56","date_gmt":"2013-02-04T17:14:56","guid":{"rendered":"http:\/\/labestiadeportiva.com\/lbd\/?p=2804"},"modified":"2013-02-04T18:49:05","modified_gmt":"2013-02-04T18:49:05","slug":"camino-al-ascenso","status":"publish","type":"post","link":"http:\/\/labestiadeportiva.com\/lbd\/camino-al-ascenso\/","title":{"rendered":"Camino al ascenso"},"content":{"rendered":"<p>Por Mart\u00edn Tinka Velasco (Corresponsal LBD en C\u00f3rdoba)<\/p>\n<p><a href=\"http:\/\/labestiadeportiva.com\/lbd\/wp-content\/uploads\/2013\/02\/Talleres-y-Olego-festejan-el-triunfo1.jpg\"><img loading=\"lazy\" class=\"alignleft size-medium wp-image-2812\" title=\"Talleres-y-Olego-festejan-el-triunfo\" src=\"http:\/\/labestiadeportiva.com\/lbd\/wp-content\/uploads\/2013\/02\/Talleres-y-Olego-festejan-el-triunfo1-300x168.jpg\" alt=\"\" width=\"300\" height=\"168\" srcset=\"http:\/\/labestiadeportiva.com\/lbd\/wp-content\/uploads\/2013\/02\/Talleres-y-Olego-festejan-el-triunfo1-300x168.jpg 300w, http:\/\/labestiadeportiva.com\/lbd\/wp-content\/uploads\/2013\/02\/Talleres-y-Olego-festejan-el-triunfo1-1024x576.jpg 1024w, http:\/\/labestiadeportiva.com\/lbd\/wp-content\/uploads\/2013\/02\/Talleres-y-Olego-festejan-el-triunfo1.jpg 1140w\" sizes=\"(max-width: 300px) 100vw, 300px\" \/><\/a>Tras la victoria de local frente a Juventud Antoniana y el empate como visitante ante Central C\u00f3rdoba, Talleres volvi\u00f3 a ganar, en un 2013 que le sonr\u00ede: fue 4-1 a Racing en el Kempes, con 25 mil personas en las tribunas. Con tres puntos m\u00e1s en el bolsillo, la T qued\u00f3 a un paso de la clasificaci\u00f3n al Undecagonal final, donde se definir\u00e1n las plazas para subir a la B Nacional.<!--more--><br \/>\nGracias a los resultados obtenidos en las tres presentaciones de este a\u00f1o, la ilusi\u00f3n de los hinchas matadores se acrecent\u00f3, a tal punto que en la cancha ya se escucharon canciones que aluden a dar la vuelta y que sue\u00f1an con volver a ver al equipo en una categor\u00eda superior. Anoche, en el cl\u00e1sico cordob\u00e9s del Torneo Argentino A, la T gan\u00f3, gust\u00f3 y gole\u00f3 a un Racing dormido, quiz\u00e1s golpeado por el gol tempranero convertido por Gonzalo Klusener.<br \/>\nUna semana antes, los dirigidos por Arnaldo Sialle consiguieron un 1-0 contra Juventud Antoniana de Salta, tambi\u00e9n en el Mario Alberto Kempes. El mi\u00e9rcoles fue solo 0-0 en Santiago del Estero frente a Central C\u00f3rdoba, con la imagen del conjunto de Barrio Jard\u00edn mereciendo algo m\u00e1s, y el cierre a una semana perfecta se dio en el choque contra la Academia, que signific\u00f3 quedar a un pasito de pasar a la siguiente instancia.<br \/>\nEl cruce entre cordobeses se dio en el marco de la fecha 21 del campeonato, cuando restan solamente cinco jornadas para terminar la primera fase. A los 5` de la etapa inicial, Gonzalo Klusener puso el 1-0 a trav\u00e9s de un tiro penal. Luego, tambi\u00e9n en el primer tiempo, Franco Olego estamp\u00f3 un golazo a los 43` para que el albiazul se vaya 2-0 al descanso.<br \/>\nEn el complemento, Talleres sigui\u00f3 dominando las acciones del juego y en 14` estir\u00f3 la ventaja, nuevamente con Olego. A los 34` descont\u00f3 Sergio Bubas y Racing pareci\u00f3 despertar, hasta tuvo algunas claras que no concret\u00f3 para acercarse en el marcador, pero a los 42` se agigant\u00f3 otra vez la figura de Klusener, uno de los goleadores del torneo, que estamp\u00f3 el 4-1 definitivo con el que la T se llev\u00f3 tres puntos vitales para ir en busca de su objetivo: el ascenso.<\/p>\n<p>S\u00edntesis<br \/>\nTalleres: Aguiar; Ch\u00e1vez, Nievas y Bazzi; Bottino, Villarreal, Leyes y Santos; D\u00edaz; Olego y Klusener. DT: Arnaldo Sialle<\/p>\n<p>Racing: Godoy; Ortiz, Fern\u00e1ndez, Peirone y Molina; Cejas, P\u00e9rez, Bonaldi y Ben\u00edtez; Orquera y Rami. DT: Atilio Oyola<\/p>\n<p>Posiciones Zona Norte<\/p>\n<p>Gimnasia y Tiro (S) (Clasificado) 39<br \/>\nTalleres 36<br \/>\nSan Jorge (T) 32<br \/>\nSportivo Belgrano 29<br \/>\nSan Mart\u00edn (T) 29<br \/>\nCentral C\u00f3rdoba (SE) 26<br \/>\nCentral Norte (S) 24<br \/>\nTiro Federal (R) 23<br \/>\nLibertad (Sunchales) 22<br \/>\nGuaran\u00ed Antonio Franco (M) 15<br \/>\nAlumni (VM) 13<br \/>\nRacing 13<\/p>\n<p>Twitter: @tinkavelasco<\/p>\n<div class='epvc-post-count'><span class='epvc-eye'><\/span>  <span class=\"epvc-count\"> 1.068<\/span><span class='epvc-label'> veces le\u00edda<\/span><\/div>\n<div class=\"jwsharethis\">\nShare this: \n<br \/>\n<a href=\"mailto:?subject=Camino%20al%20ascenso&amp;body=http%3A%2F%2Flabestiadeportiva.com%2Flbd%2Fcamino-al-ascenso%2F\">\n<img src=\"http:\/\/labestiadeportiva.com\/lbd\/wp-content\/plugins\/jw-share-this\/email.png\" alt=\"Share this page via Email\" \/>\n<\/a>\n<a target=\"_blank\" href=\"http:\/\/www.stumbleupon.com\/submit?url=http%3A%2F%2Flabestiadeportiva.com%2Flbd%2Fcamino-al-ascenso%2F&amp;title=Camino+al+ascenso\">\n<img src=\"http:\/\/labestiadeportiva.com\/lbd\/wp-content\/plugins\/jw-share-this\/su.png\" alt=\"Share this page via Stumble Upon\" \/>\n<\/a>\n<a target=\"_blank\" href=\"http:\/\/digg.com\/submit?url=http%3A%2F%2Flabestiadeportiva.com%2Flbd%2Fcamino-al-ascenso%2F&amp;title=Camino+al+ascenso\">\n<img src=\"http:\/\/labestiadeportiva.com\/lbd\/wp-content\/plugins\/jw-share-this\/digg.png\" alt=\"Share this page via Digg this\" \/>\n<\/a>\n<a target=\"_blank\" href=\"http:\/\/www.facebook.com\/sharer.php?u=http%3A%2F%2Flabestiadeportiva.com%2Flbd%2Fcamino-al-ascenso%2F&amp;t=Camino+al+ascenso\">\n<img src=\"http:\/\/labestiadeportiva.com\/lbd\/wp-content\/plugins\/jw-share-this\/fb.png\" alt=\"Share this page via Facebook\" \/>\n<\/a>\n<a target=\"_blank\" href=\"http:\/\/twitter.com\/intent\/tweet?text=I+like+http%3A%2F%2Flabestiadeportiva.com%2Flbd%2Fcamino-al-ascenso%2F&amp;title=Camino+al+ascenso\">\n<img src=\"http:\/\/labestiadeportiva.com\/lbd\/wp-content\/plugins\/jw-share-this\/twitter.png\" alt=\"Share this page via Twitter\" \/>\n<\/a>\n<\/div>\n","protected":false},"excerpt":{"rendered":"<p>Por Mart\u00edn Tinka Velasco (Corresponsal LBD en C\u00f3rdoba) Tras la victoria de local frente a Juventud Antoniana y el empate como visitante ante Central C\u00f3rdoba, Talleres volvi\u00f3 a ganar, en un 2013 que le sonr\u00ede: fue 4-1 a Racing en el Kempes, con 25 mil personas en las tribunas. Con tres puntos m\u00e1s en el &hellip; <a href=\"http:\/\/labestiadeportiva.com\/lbd\/camino-al-ascenso\/\" class=\"more-link\">Seguir leyendo <span class=\"screen-reader-text\">Camino al ascenso<\/span> <span class=\"meta-nav\">&rarr;<\/span><\/a><\/p>\n","protected":false},"author":1,"featured_media":2812,"comment_status":"open","ping_status":"open","sticky":false,"template":"","format":"standard","meta":[],"categories":[6,249,1],"tags":[61,250],"_links":{"self":[{"href":"http:\/\/labestiadeportiva.com\/lbd\/wp-json\/wp\/v2\/posts\/2804"}],"collection":[{"href":"http:\/\/labestiadeportiva.com\/lbd\/wp-json\/wp\/v2\/posts"}],"about":[{"href":"http:\/\/labestiadeportiva.com\/lbd\/wp-json\/wp\/v2\/types\/post"}],"author":[{"embeddable":true,"href":"http:\/\/labestiadeportiva.com\/lbd\/wp-json\/wp\/v2\/users\/1"}],"replies":[{"embeddable":true,"href":"http:\/\/labestiadeportiva.com\/lbd\/wp-json\/wp\/v2\/comments?post=2804"}],"version-history":[{"count":4,"href":"http:\/\/labestiadeportiva.com\/lbd\/wp-json\/wp\/v2\/posts\/2804\/revisions"}],"predecessor-version":[{"id":2811,"href":"http:\/\/labestiadeportiva.com\/lbd\/wp-json\/wp\/v2\/posts\/2804\/revisions\/2811"}],"wp:featuredmedia":[{"embeddable":true,"href":"http:\/\/labestiadeportiva.com\/lbd\/wp-json\/wp\/v2\/media\/2812"}],"wp:attachment":[{"href":"http:\/\/labestiadeportiva.com\/lbd\/wp-json\/wp\/v2\/media?parent=2804"}],"wp:term":[{"taxonomy":"category","embeddable":true,"href":"http:\/\/labestiadeportiva.com\/lbd\/wp-json\/wp\/v2\/categories?post=2804"},{"taxonomy":"post_tag","embeddable":true,"href":"http:\/\/labestiadeportiva.com\/lbd\/wp-json\/wp\/v2\/tags?post=2804"}],"curies":[{"name":"wp","href":"https:\/\/api.w.org\/{rel}","templated":true}]}}